{"id":400269,"date":"2018-10-23T00:06:55","date_gmt":"2018-10-23T05:06:55","guid":{"rendered":"https:\/\/www.diarioimagen.net\/?p=400269"},"modified":"2018-10-23T08:05:06","modified_gmt":"2018-10-23T13:05:06","slug":"impulsa-el-gobierno-de-tultepec-una-cultura-de-prevencion-y-proteccion-civil","status":"publish","type":"post","link":"https:\/\/www.diarioimagen.net\/?p=400269","title":{"rendered":"Impulsa el gobierno de Tultepec una cultura de prevenci\u00f3n y protecci\u00f3n civil"},"content":{"rendered":"<ul>\n<li><strong><em>En servidores p\u00fablicos y ciudadan\u00eda<\/em><\/strong><\/li>\n<\/ul>\n<p>&nbsp;<\/p>\n<div id=\"attachment_400353\" style=\"width: 470px\" class=\"wp-caption aligncenter\"><a href=\"https:\/\/www.diarioimagen.net\/?attachment_id=400353\" rel=\"attachment wp-att-400353\"><img loading=\"lazy\" decoding=\"async\" aria-describedby=\"caption-attachment-400353\" class=\"size-large wp-image-400353\" src=\"https:\/\/www.diarioimagen.net\/wp-content\/uploads\/2018\/10\/TULTEPEC-3482-460x259.jpg\" alt=\"\" width=\"460\" height=\"259\" srcset=\"https:\/\/www.diarioimagen.net\/wp-content\/uploads\/2018\/10\/TULTEPEC-3482-460x259.jpg 460w, https:\/\/www.diarioimagen.net\/wp-content\/uploads\/2018\/10\/TULTEPEC-3482-240x135.jpg 240w, https:\/\/www.diarioimagen.net\/wp-content\/uploads\/2018\/10\/TULTEPEC-3482-235x132.jpg 235w, https:\/\/www.diarioimagen.net\/wp-content\/uploads\/2018\/10\/TULTEPEC-3482-202x114.jpg 202w, https:\/\/www.diarioimagen.net\/wp-content\/uploads\/2018\/10\/TULTEPEC-3482-350x196.jpg 350w, https:\/\/www.diarioimagen.net\/wp-content\/uploads\/2018\/10\/TULTEPEC-3482-220x123.jpg 220w, https:\/\/www.diarioimagen.net\/wp-content\/uploads\/2018\/10\/TULTEPEC-3482-237x132.jpg 237w, https:\/\/www.diarioimagen.net\/wp-content\/uploads\/2018\/10\/TULTEPEC-3482.jpg 480w\" sizes=\"auto, (max-width: 460px) 100vw, 460px\" \/><\/a><p id=\"caption-attachment-400353\" class=\"wp-caption-text\">La Direcci\u00f3n de Protecci\u00f3n Civil y Bomberos de Tultepec realiz\u00f3 una capacitaci\u00f3n a servidores p\u00fablicos de la administraci\u00f3n municipal, misma que se ofrece a toda la ciudadan\u00eda.<\/p><\/div>\n<p>&nbsp;<\/p>\n<p><strong>Tultepec, Estado de M\u00e9xico<\/strong>.- Con el objetivo de generar una cultura de prevenci\u00f3n en materia de protecci\u00f3n civil, la Direcci\u00f3n de Protecci\u00f3n Civil y Bomberos de Tultepec, realiz\u00f3 una capacitaci\u00f3n a servidores p\u00fablicos de la administraci\u00f3n municipal, misma que se ofrece a toda la ciudadan\u00eda, trabajadores de empresas, planteles educativos y a la comunidad en general.<\/p>\n<p>As\u00ed lo inform\u00f3 Mart\u00edn Pati\u00f1o L\u00f3pez, T\u00e9cnico en Urgencias M\u00e9dicas (TUM), de la Direcci\u00f3n de Protecci\u00f3n Civil y Bomberos, quien asegur\u00f3 que, como parte de las actividades realizadas por la dependencia, tienen la instrucci\u00f3n del alcalde de ofrecer capacitaci\u00f3n constante a los diversos sectores de la poblaci\u00f3n en todo el municipio, a fin de salvaguardar su integridad f\u00edsica y la de sus bienes ante una situaci\u00f3n de riesgo.<\/p>\n<p>\u201cCon la impartici\u00f3n de los cursos de Protecci\u00f3n Civil, Prevenci\u00f3n y Combate de Incendios, Primeros Auxilios y Evacuaci\u00f3n, B\u00fasqueda y Recate; en los que participaron cerca de 30 servidores p\u00fablicos de la administraci\u00f3n municipal, se da cumplimiento a la instrucci\u00f3n de generar una cultura de la prevenci\u00f3n, lo que permitir\u00e1 disminuir la tasa de accidentes, y aminorar lesiones que pudieran repercutir f\u00edsicamente por una atenci\u00f3n tard\u00eda\u201d, asegur\u00f3.<\/p>\n<p>Cada uno de los funcionarios p\u00fablicos que tomaron parte en esta capacitaci\u00f3n, se convirtieron en brigadistas y en el primer respondiente para guiar al dem\u00e1s personal en sus respectivas \u00e1reas, en caso de cualquier contingencia natural o provocada en las oficinas del Palacio Municipal.<\/p>\n<p>Entrevistado al t\u00e9rmino de una capacitaci\u00f3n sobre Combate de Incendios en las instalaciones de la Casa de Cultura, explic\u00f3 que este curso consta de 3 horas te\u00f3ricas y dos de pr\u00e1ctica sobre la forma como se debe enfrentar con un extinguidor el incendio de un tanque de gas y otra por combusti\u00f3n de gasolina.<\/p>\n<p>Explic\u00f3 que, cada curso est\u00e1 dise\u00f1ado acorde a la edad de los participantes, y est\u00e1n dirigidos a personas de 6 a 70 a\u00f1os o m\u00e1s, siempre que los participantes puedan atender alguna emergencia de este tipo, mientras llegan los servicios de emergencia, al tomar acciones que en ocasiones resultan vitales como evitar que el fuego se expanda y salga de control.<\/p>\n<p>Mart\u00edn Pati\u00f1o L\u00f3pez, se\u00f1al\u00f3 que adem\u00e1s de supervisar el cumplimiento a la obligaci\u00f3n de las normas mismas dentro de las instalaciones en empresas o comercios, a trav\u00e9s de capacitaci\u00f3n se genera una cultura de prevenci\u00f3n, desde generadores de riesgo en empresas, hasta escuelas, oficinas y comunidades en general.<\/p>\n<p>Entre los cursos que se ofrecen est\u00e1n: Prevenci\u00f3n y Combate de Incendios, que tiene una duraci\u00f3n de cinco horas en las que se abordan Teor\u00eda del Fuego, Qu\u00edmica y F\u00edsica del Fuego, M\u00e9todos de Propagaci\u00f3n, M\u00e9todos de Extinci\u00f3n, Agentes Extinguidores, Uso y Manejo de Extinguidores y Extintores, as\u00ed como el Uso y Manejo de L\u00edneas y Escalas.<\/p>\n","protected":false},"excerpt":{"rendered":"<p>Con el objetivo de generar una cultura de prevenci\u00f3n en materia de protecci\u00f3n civil, la Direcci\u00f3n de Protecci\u00f3n Civil y Bomberos de Tultepec, realiz\u00f3 una capacitaci\u00f3n a servidores p\u00fablicos de la administraci\u00f3n municipal, misma que se ofrece a toda la ciudadan\u00eda, trabajadores de empresas, planteles educativos y a la comunidad en general.<\/p>\n","protected":false},"author":3,"featured_media":400353,"comment_status":"open","ping_status":"open","sticky":false,"template":"","format":"standard","meta":{"_monsterinsights_skip_tracking":false,"_monsterinsights_sitenote_active":false,"_monsterinsights_sitenote_note":"","_monsterinsights_sitenote_category":0,"footnotes":""},"categories":[35155],"tags":[43675,21732,57,3802],"class_list":["post-400269","post","type-post","status-publish","format-standard","has-post-thumbnail","hentry","category-estado-de-mexico-estado-de-mexico","tag-estado-de-mexico","tag-prevencion","tag-proteccion-civil","tag-tultepec"],"_links":{"self":[{"href":"https:\/\/www.diarioimagen.net\/index.php?rest_route=\/wp\/v2\/posts\/400269","targetHints":{"allow":["GET"]}}],"collection":[{"href":"https:\/\/www.diarioimagen.net\/index.php?rest_route=\/wp\/v2\/posts"}],"about":[{"href":"https:\/\/www.diarioimagen.net\/index.php?rest_route=\/wp\/v2\/types\/post"}],"author":[{"embeddable":true,"href":"https:\/\/www.diarioimagen.net\/index.php?rest_route=\/wp\/v2\/users\/3"}],"replies":[{"embeddable":true,"href":"https:\/\/www.diarioimagen.net\/index.php?rest_route=%2Fwp%2Fv2%2Fcomments&post=400269"}],"version-history":[{"count":0,"href":"https:\/\/www.diarioimagen.net\/index.php?rest_route=\/wp\/v2\/posts\/400269\/revisions"}],"wp:featuredmedia":[{"embeddable":true,"href":"https:\/\/www.diarioimagen.net\/index.php?rest_route=\/wp\/v2\/media\/400353"}],"wp:attachment":[{"href":"https:\/\/www.diarioimagen.net\/index.php?rest_route=%2Fwp%2Fv2%2Fmedia&parent=400269"}],"wp:term":[{"taxonomy":"category","embeddable":true,"href":"https:\/\/www.diarioimagen.net\/index.php?rest_route=%2Fwp%2Fv2%2Fcategories&post=400269"},{"taxonomy":"post_tag","embeddable":true,"href":"https:\/\/www.diarioimagen.net\/index.php?rest_route=%2Fwp%2Fv2%2Ftags&post=400269"}],"curies":[{"name":"wp","href":"https:\/\/api.w.org\/{rel}","templated":true}]}}