{"id":400524,"date":"2018-10-24T00:09:57","date_gmt":"2018-10-24T05:09:57","guid":{"rendered":"https:\/\/www.diarioimagen.net\/?p=400524"},"modified":"2018-10-24T12:34:55","modified_gmt":"2018-10-24T17:34:55","slug":"un-militar-integro-a-la-defensa-nacional","status":"publish","type":"post","link":"https:\/\/www.diarioimagen.net\/?p=400524","title":{"rendered":"Un militar \u00edntegro a la Defensa Nacional"},"content":{"rendered":"<h2>\u00cdndice pol\u00edtico<\/h2>\n<h5>Francisco Rodr\u00edguez<\/h5>\n<p>&nbsp;<\/p>\n<div id=\"attachment_400586\" style=\"width: 470px\" class=\"wp-caption aligncenter\"><a href=\"https:\/\/www.diarioimagen.net\/?attachment_id=400586\" rel=\"attachment wp-att-400586\"><img loading=\"lazy\" decoding=\"async\" aria-describedby=\"caption-attachment-400586\" class=\"size-large wp-image-400586\" src=\"https:\/\/www.diarioimagen.net\/wp-content\/uploads\/2018\/10\/tradicion-MARAL-3485-460x287.jpg\" alt=\"\" width=\"460\" height=\"287\" srcset=\"https:\/\/www.diarioimagen.net\/wp-content\/uploads\/2018\/10\/tradicion-MARAL-3485-460x287.jpg 460w, https:\/\/www.diarioimagen.net\/wp-content\/uploads\/2018\/10\/tradicion-MARAL-3485-240x150.jpg 240w, https:\/\/www.diarioimagen.net\/wp-content\/uploads\/2018\/10\/tradicion-MARAL-3485-768x479.jpg 768w, https:\/\/www.diarioimagen.net\/wp-content\/uploads\/2018\/10\/tradicion-MARAL-3485.jpg 1200w\" sizes=\"auto, (max-width: 460px) 100vw, 460px\" \/><\/a><p id=\"caption-attachment-400586\" class=\"wp-caption-text\">Tradici\u00f3n&#8230; | Maral<\/p><\/div>\n<p>&nbsp;<\/p>\n<p>Dec\u00eda Jean-Fran\u00e7ois Revel, el h\u00e9roe de la Resistencia, maestro del Instituto Franc\u00e9s de la Am\u00e9rica Latina en M\u00e9xico en la d\u00e9cada de los 50\u2019s, que \u201cla globalizaci\u00f3n es el chivo expiatorio de los in\u00fatiles\u201d, y esto mucho antes de la desgracia del salinismo de la rapi\u00f1a. Tambi\u00e9n dijo que la tentaci\u00f3n totalitaria es permanente, a veces parece que cede, pero nunca deja de conspirar en contra de la libertad.<\/p>\n<p>Viene a cuento Revel porque la llegada al poder de Jair Bolsonaro, un militar en suspenso con toda la ideolog\u00eda de derecha retardataria pone a Brasil en el centro del debate. Tiene apenas 50 a\u00f1os que sufrieron al general Arturo Da Costa e Silva y realmente s\u00ed, est\u00e1n asustados de lo que acaban de hacer al elegir a esta joyita.<\/p>\n<p>Todo por el escozor de la gran recesi\u00f3n econ\u00f3mica y el desastre moral que dej\u00f3 el partido de Lula, cuyo candidato no pudo remontar el rechazo de la poblaci\u00f3n que, desesperada, se ech\u00f3 en brazos del militarismo y de las tesis de derecha apoyadas por los gabachos.<\/p>\n<p>Da Costa e Silva fue el represor de obreros, campesinos y estudiantes que hizo asilar en M\u00e9xico a cerebros privilegiados de la talla de Jos\u00e9 Thiago Contra y Ruy Mauro Marini, por citar algunos, protegidos afortunadamente por la revista <em>Pensamiento Pol\u00edtico<\/em>, gracias a la cual gozaron de cierta inmunidad diplom\u00e1tica que jam\u00e1s hubieran obtenido bajo el r\u00e9gimen militar que los reprimi\u00f3 y persigui\u00f3.<\/p>\n<p>A pesar de no ser un ej\u00e9rcito de castas, como sucede en todos los pa\u00edses hermanos del Cono Sur, el mexicano, formado en sus bases por aut\u00e9nticos \u201cJuanes\u201d, hijos del pueblo, ha sufrido serias transformaciones en las c\u00fapulas dirigentes de las Lomas de Sotelo. En sus mandos, la corrupci\u00f3n ha jugado un papel estelar, y se puede decir que no tiene conciencia ni de pertenencia a las fuerzas armadas ni de servicio a la comunidad.<\/p>\n<p>La corrupci\u00f3n end\u00e9mica del sistema pol\u00edtico pripanista ha invadido los altos cargos del Ej\u00e9rcito nacional mexicano. No s\u00f3lo lo digo yo, sino serios an\u00e1lisis documentados y comprobados de su participaci\u00f3n desleal en la lucha contra el crimen y en las actividades propias del trasiego, donde se ha convertido en una caravana de cuerpo de los capos.<\/p>\n<p>Durante largos periodos hist\u00f3ricos, el Ej\u00e9rcito tuvo que ser disciplinado y sometido al poder civil. La \u00faltima ocasi\u00f3n, cuando en 1946 dej\u00f3 de ser el cuarto sector del partido oficial para convertirse en la Asociaci\u00f3n Leandro Valle, con modestas oficinas en La Lagunilla, a unos metros de la Arena Coliseo. Nunca fue ni asociaci\u00f3n, ni nada.<\/p>\n<p>Los que pensaron que la agrupaci\u00f3n militar Leandro Valle se iba a convertir en el <em>kasbah<\/em> desde donde se peleara la liberaci\u00f3n nacional o se asaltara al poder, se quedaron vestidos y alborotados. El Ej\u00e9rcito qued\u00f3 reducido a sus glorias pasadas. Una especie de caj\u00f3n de sastre para las necesidades prosopop\u00e9yicas del aparato. Guardias presidenciales, estados mayores privilegiados y siempre a la espera de las encomiendas dif\u00edciles, usted sabe. El Ej\u00e9rcito en sus bases sigui\u00f3 siendo el mismo, de bajos perfiles&#8230;<\/p>\n<p>&#8230; pero supo cobrar sus cuotas a un sistemita que no ten\u00eda con que defenderse, excepto con la amenaza a la poblaci\u00f3n civil y a sus bravos l\u00edderes de usar las armas en favor del r\u00e9gimen constituido. Reprimi\u00f3, encarcel\u00f3, masacr\u00f3 a las conciencias l\u00facidas, mientras los altos mandos llegaban a otro tipo de entendimientos con los mandarines.<\/p>\n<p>La llegada al mando superior del Ej\u00e9rcito cada vez fue m\u00e1s estratificada de lo que reclamaban los cursos de capacitaci\u00f3n de la oficialidad en el Colegio Militar y en la Escuela Superior de Guerra. Los diplomados de Estado Mayor fueron utilizados para justificar el ascenso de los que s\u00ed estaban comprometidos con el aparato de la corrupci\u00f3n sistem\u00e1tica.<\/p>\n<p>Agua de borrajas. Llegaron los incondicionales al mando. Mientras los gerifaltes del sistema creyeron que d\u00e1ndoles con manteca pod\u00edan disfrutar de su incondicionalidad absoluta. Ya vemos que no fue as\u00ed, porque las cuotas crecen cada d\u00eda m\u00e1s en la medida que crece incontrolable e inocultable la corrupci\u00f3n del r\u00e9gimen civil.<\/p>\n<p>Por eso muchos analistas creen que pasamos de un Ej\u00e9rcito de castas a otro descastado. El tiempo ha comprobado que habiendo llegado a poseer las cuatro estrellas en su uniforme, arrib\u00f3 en este sexenio hasta el encargado de compras de la Sedena, es decir, el que repart\u00eda las comisione$ y los moche$ entre los entorchados.<\/p>\n<p>Y no s\u00f3lo eso, porque ya arriba, el general secretario se sirvi\u00f3 con la m\u00e1s grande de todas las cucharas. Logr\u00f3 que su hija ayudara al marido a hacerse de la representaci\u00f3n oficial de las pinturas Comex con las que bardearon y pintaron hasta lo que no era de ellos, y obtuvieron jugosos contratos asignados para participar en la construcci\u00f3n de cuanta obra gubernamental se hac\u00eda, incluida la mega obra fara\u00f3nica del Aeropuerto de Slim-Salinas. Empezando por su barda perimetral, a sobrecostos inimaginables.<\/p>\n<p>Junto con <em>La Gaviota<\/em> o como motejen a la actricita \u201cprimera dama\u201d (sic), obtuvieron redituables negocios en el relleno y traslado de lodos y materiales del fondo del Lago de Texcoco, tratando de que fuera una obra presentable, desconociendo que esas oquedades no se cubren ni con todos los terrenos de Atenco. El mega-aeropuerto qued\u00f3 endeble en una zona de alt\u00edsimo riesgo lacustre.<\/p>\n<p>El Ej\u00e9rcito, junto con los mandamases de la Polic\u00eda Federal y su matriz la Comisi\u00f3n Nacional de Seguridad manejaron durante todo el sexenio la venta de plazas en todo el pa\u00eds, l\u00e9ase las m\u00e1s redituables, para ponerlas en manos de quienes m\u00e1s ofrecieran, y \u00e9stos resultaron ser los capos regionales del narcotr\u00e1fico. \u00bfQui\u00e9n m\u00e1s?<\/p>\n<p>Hicieron del pa\u00eds una zona peligrosa, una aut\u00e9ntica zona de guerra donde no se siente nadie seguro, ni el mismo Ej\u00e9rcito ni los gerifaltes de las polic\u00edas ni de las comisiones de marras. Manuel Mondrag\u00f3n y Kalb destruy\u00f3 las bases de cualquier Guardia Nacional y la infraestructura de la Plataforma M\u00e9xico que tantas verg\u00fcenzas caus\u00f3 despu\u00e9s del Plan M\u00e9rida.<\/p>\n<p>Y los sucesores han hecho lo suyo, incluyendo la polic\u00eda cibern\u00e9tica de Carlos Slim, uno de los principales culpables de todo este desaguisado. Todo esto ha sido publicado, analizado y comprobado.<\/p>\n<p>Y hoy, con el cuajo que caracteriza a los entorchados de las fuerzas armadas, tuvieron el descaro de proponerle al Electo, con car\u00e1cter de irreversible, una lista encorsetada de candidatos salidos de la misma mengambrea para sustituir a Cienfuegos. Lo dicho: todos quer\u00edan seguir sangrando al presupuesto. Nadie quiere irse.<\/p>\n<p>Pero les fall\u00f3 el tiro. A la Secretar\u00eda de la Defensa Nacional va a llegar el pr\u00f3ximo primero de diciembre un hombre cabal, honrado y, sobre todo, con verdadero amor a M\u00e9xico. Un hombre que no pertenece al c\u00edrculo de Cienfuegos, lo que es garant\u00eda de que habr\u00e1 limpieza y honestidad en Lomas de Sotelo. Un hombre al que respeta la tropa y en el que los oficiales ven una esperanza de justicia en los ascensos. Un hombre, el general Luis Crescencio Sandoval que es garant\u00eda de disciplina, honradez y, sobre todo, lealtad.<\/p>\n<p>Por fortuna, el presidente electo se dio cuenta de que entre las listas de generales de divisi\u00f3n en activo, donde aparecen m\u00e1s jefes que en el ej\u00e9rcito gabacho, est\u00e1n algunos que no han participado en los moches.<\/p>\n<p>AMLO determin\u00f3 cambiar las formas en esa decisi\u00f3n supuestamente inatacable y decidi\u00f3 hacerle frente a la tentaci\u00f3n totalitaria de quienes, seguro, pasar\u00e1n a retiro tambi\u00e9n el pr\u00f3ximo diciembre. \u00a1Que dios los tenga a fuego lento!<\/p>\n<p>\u00bfNo cree usted?<\/p>\n<p><strong><em>\u00cdndice Flam\u00edgero<\/em><\/strong><em>:<\/em> Vale la pena retomar aqu\u00ed el fragmento inicial de la columna publicada ayer por Roberto Rock: \u201cTras una fugaz y tensa reuni\u00f3n ma\u00f1anera con Andr\u00e9s Manuel L\u00f3pez Obrador (que le anticip\u00e9 el domingo), el secretario de la Defensa, Salvador Cienfuegos, convoc\u00f3 ayer a su despacho a los generales Roble Arturo Granados Gallarda, subsecretario, y Eduardo Z\u00e1rate, oficial mayor, quienes durante meses se perlaron como sus posibles sucesores. En forma escueta, les revel\u00f3 que minutos antes el presidente electo le hab\u00eda informado que el nuevo titular ser\u00eda el general Luis Crescencio Sandoval, una estrella emergente en la milicia que todav\u00eda estaba fuera del c\u00edrculo de acero que construye la alta jerarqu\u00eda militar y no hab\u00eda sido incluido en el escalaf\u00f3n entregado al pol\u00edtico tabasque\u00f1o con los nombres de quienes presumiblemente reun\u00edan los mayores m\u00e9ritos para estar al frente del Ej\u00e9rcito. De acuerdo con informaci\u00f3n confiada a este espacio, Cienfuegos ten\u00eda preparada una presentaci\u00f3n a L\u00f3pez Obrador sobre temas ligados al sector. Pero la respuesta que obtuvo fue que mejor le fuera entregada al general Sandoval. A Cienfuegos debe ten\u00e9rsele por derrotado en un aparente duelo de pulsos que decidi\u00f3 construir con L\u00f3pez Obrador en torno a diversos asuntos, siempre con el relevo en la Defensa como tel\u00f3n de fondo. Quiz\u00e1 el episodio m\u00e1s disruptivo entre ambos se produjo en las primeras horas de este octubre y fue suficiente para que el presidente entrante tomara distancia de una transici\u00f3n de terciopelo con el alto mando de la Defensa y seleccionar al siguiente titular entre la lista propuesta, como lo ofreci\u00f3 en varias ocasiones\u2026\u201d<\/p>\n<p><em><a href=\"http:\/\/www.indicepolitico.com\/\" target=\"_blank\" rel=\"noopener\">www.indicepolitico.com<\/a><\/em><br \/>\n<em><a href=\"mailto:pacorodriguez@journalist.com\" target=\"_blank\" rel=\"noopener\">pacorodriguez@journalist.com<\/a><\/em><br \/>\n<a href=\"https:\/\/twitter.com\/pacorodriguez\" target=\"_blank\" rel=\"noopener\">@pacorodriguez<\/a><\/p>\n","protected":false},"excerpt":{"rendered":"<p><span style=\"color: #005497;\"><strong>Francisco Rodr\u00edguez<\/strong><\/span><br \/>\n<br \/>\nDec\u00eda Jean-Fran\u00e7ois Revel, el h\u00e9roe de la Resistencia, maestro del Instituto Franc\u00e9s de la Am\u00e9rica Latina en M\u00e9xico en la d\u00e9cada de los 50\u2019s, que \u201cla globalizaci\u00f3n es el chivo expiatorio de los in\u00fatiles\u201d, y esto mucho antes de la desgracia del salinismo de la rapi\u00f1a. Tambi\u00e9n dijo que la tentaci\u00f3n totalitaria es permanente, a veces parece que cede, pero nunca deja de conspirar en contra de la libertad.<\/p>\n","protected":false},"author":3,"featured_media":400586,"comment_status":"open","ping_status":"open","sticky":false,"template":"","format":"standard","meta":{"_monsterinsights_skip_tracking":false,"_monsterinsights_sitenote_active":false,"_monsterinsights_sitenote_note":"","_monsterinsights_sitenote_category":0,"footnotes":""},"categories":[549],"tags":[43689,550,43674],"class_list":["post-400524","post","type-post","status-publish","format-standard","has-post-thumbnail","hentry","category-francisco-rodriguez","tag-francisco-rodriguez","tag-indice-politico","tag-opinion"],"_links":{"self":[{"href":"https:\/\/www.diarioimagen.net\/index.php?rest_route=\/wp\/v2\/posts\/400524","targetHints":{"allow":["GET"]}}],"collection":[{"href":"https:\/\/www.diarioimagen.net\/index.php?rest_route=\/wp\/v2\/posts"}],"about":[{"href":"https:\/\/www.diarioimagen.net\/index.php?rest_route=\/wp\/v2\/types\/post"}],"author":[{"embeddable":true,"href":"https:\/\/www.diarioimagen.net\/index.php?rest_route=\/wp\/v2\/users\/3"}],"replies":[{"embeddable":true,"href":"https:\/\/www.diarioimagen.net\/index.php?rest_route=%2Fwp%2Fv2%2Fcomments&post=400524"}],"version-history":[{"count":0,"href":"https:\/\/www.diarioimagen.net\/index.php?rest_route=\/wp\/v2\/posts\/400524\/revisions"}],"wp:featuredmedia":[{"embeddable":true,"href":"https:\/\/www.diarioimagen.net\/index.php?rest_route=\/wp\/v2\/media\/400586"}],"wp:attachment":[{"href":"https:\/\/www.diarioimagen.net\/index.php?rest_route=%2Fwp%2Fv2%2Fmedia&parent=400524"}],"wp:term":[{"taxonomy":"category","embeddable":true,"href":"https:\/\/www.diarioimagen.net\/index.php?rest_route=%2Fwp%2Fv2%2Fcategories&post=400524"},{"taxonomy":"post_tag","embeddable":true,"href":"https:\/\/www.diarioimagen.net\/index.php?rest_route=%2Fwp%2Fv2%2Ftags&post=400524"}],"curies":[{"name":"wp","href":"https:\/\/api.w.org\/{rel}","templated":true}]}}