{"id":400592,"date":"2018-10-25T00:06:17","date_gmt":"2018-10-25T05:06:17","guid":{"rendered":"https:\/\/www.diarioimagen.net\/?p=400592"},"modified":"2018-10-25T23:27:56","modified_gmt":"2018-10-26T04:27:56","slug":"reconoce-federacion-avances-en-comision-de-busqueda-de-personas-del-estado-de-mexico","status":"publish","type":"post","link":"https:\/\/www.diarioimagen.net\/?p=400592","title":{"rendered":"Reconoce Federaci\u00f3n avances en Comisi\u00f3n de B\u00fasqueda de Personas del Estado de M\u00e9xico"},"content":{"rendered":"<ul>\n<li><em><strong>La m\u00e1s avanzada en proceso de conformaci\u00f3n<\/strong><\/em><\/li>\n<\/ul>\n<p>&nbsp;<\/p>\n<div id=\"attachment_400593\" style=\"width: 470px\" class=\"wp-caption aligncenter\"><img loading=\"lazy\" decoding=\"async\" aria-describedby=\"caption-attachment-400593\" class=\"size-large wp-image-400593\" src=\"https:\/\/www.diarioimagen.net\/wp-content\/uploads\/2018\/10\/COMISION25-PORTAL-460x268.jpg\" alt=\"\" width=\"460\" height=\"268\" srcset=\"https:\/\/www.diarioimagen.net\/wp-content\/uploads\/2018\/10\/COMISION25-PORTAL-460x268.jpg 460w, https:\/\/www.diarioimagen.net\/wp-content\/uploads\/2018\/10\/COMISION25-PORTAL-240x140.jpg 240w, https:\/\/www.diarioimagen.net\/wp-content\/uploads\/2018\/10\/COMISION25-PORTAL.jpg 480w\" sizes=\"auto, (max-width: 460px) 100vw, 460px\" \/><p id=\"caption-attachment-400593\" class=\"wp-caption-text\">Reuni\u00f3n preparatoria para la primera sesi\u00f3n del Sistema Nacional de B\u00fasqueda de Personas celebrada en la Secretar\u00eda de Gobernaci\u00f3n.<\/p><\/div>\n<p>&nbsp;<\/p>\n<p><strong>Ciudad de M\u00e9xico<\/strong>.- El Comisionado Nacional de B\u00fasqueda de Personas, Roberto Cabrera, refiri\u00f3 que el Estado de M\u00e9xico tiene la comisi\u00f3n con mayores avances en sus procesos de conformaci\u00f3n.<\/p>\n<p>Durante la reuni\u00f3n preparatoria para la primera sesi\u00f3n del Sistema Nacional de B\u00fasqueda de Personas celebrada en la Secretar\u00eda de Gobernaci\u00f3n, Sol Salgado Ambros, titular de la Comisi\u00f3n Estatal, expuso los avances de la entidad, los cuales sirvieron como referencia para el resto de los estados.<\/p>\n<p>\u201cDesde el 1 de junio de 2018 formamos parte, la Comisi\u00f3n de B\u00fasqueda de Personas del Estado de M\u00e9xico (Cobupem), del Grupo de Trabajo para la Identificaci\u00f3n Humana, el cual se instal\u00f3 con diversas Fiscal\u00edas y servicios periciales de las entidades federativas, la PGR y la Divisi\u00f3n Cient\u00edfica de la Polic\u00eda Federal con el objeto de coordinar los procesos de identificaci\u00f3n de personas fallecidas desconocidas\u201d, explic\u00f3 Salgado.<\/p>\n<p>Adem\u00e1s, desde agosto de 2018 la Cobupem forma parte de la Comisi\u00f3n de Trabajo para B\u00fasqueda en Vida, que lanz\u00f3 el programa piloto de identificaci\u00f3n biom\u00e9trica en cinco municipios del Estado de M\u00e9xico.<\/p>\n<p>Asimismo, es la \u00fanica comisi\u00f3n estatal que tiene autorizada la contrataci\u00f3n de personal y recursos para especializar sus estrategias.<\/p>\n<p>\u201cSer\u00e1 capacitado no solamente en materia de g\u00e9nero y de derechos humanos, sino en t\u00e9cnicas bajo est\u00e1ndares internacionales de b\u00fasqueda\u201d, detall\u00f3 la comisionada.<\/p>\n<p>En el encuentro con la Comisi\u00f3n Nacional tambi\u00e9n se discutieron los lineamientos para regular la participaci\u00f3n de los familiares en las acciones de b\u00fasqueda, la integraci\u00f3n al grupo de trabajo para la b\u00fasqueda en vida y el protocolo homologado de b\u00fasqueda.<\/p>\n<p>Asimismo, se analizaron peticiones y casos de colectivos y familiares de personas desaparecidas para atenderlos espec\u00edficamente.<\/p>\n","protected":false},"excerpt":{"rendered":"<p>El Comisionado Nacional de B\u00fasqueda de Personas, Roberto Cabrera, refiri\u00f3 que el Estado de M\u00e9xico tiene la comisi\u00f3n con mayores avances en sus procesos de conformaci\u00f3n.<\/p>\n","protected":false},"author":5,"featured_media":400593,"comment_status":"open","ping_status":"open","sticky":false,"template":"","format":"standard","meta":{"_monsterinsights_skip_tracking":false,"_monsterinsights_sitenote_active":false,"_monsterinsights_sitenote_note":"","_monsterinsights_sitenote_category":0,"footnotes":""},"categories":[5],"tags":[204,79454,79453,79455],"class_list":["post-400592","post","type-post","status-publish","format-standard","has-post-thumbnail","hentry","category-estado-de-mexico","tag-ciudad-de-mexico","tag-comision-de-busqueda-de-personas-del-estado-de-mexico","tag-federacion-avances-en-comision","tag-roberto-cabrera"],"_links":{"self":[{"href":"https:\/\/www.diarioimagen.net\/index.php?rest_route=\/wp\/v2\/posts\/400592","targetHints":{"allow":["GET"]}}],"collection":[{"href":"https:\/\/www.diarioimagen.net\/index.php?rest_route=\/wp\/v2\/posts"}],"about":[{"href":"https:\/\/www.diarioimagen.net\/index.php?rest_route=\/wp\/v2\/types\/post"}],"author":[{"embeddable":true,"href":"https:\/\/www.diarioimagen.net\/index.php?rest_route=\/wp\/v2\/users\/5"}],"replies":[{"embeddable":true,"href":"https:\/\/www.diarioimagen.net\/index.php?rest_route=%2Fwp%2Fv2%2Fcomments&post=400592"}],"version-history":[{"count":0,"href":"https:\/\/www.diarioimagen.net\/index.php?rest_route=\/wp\/v2\/posts\/400592\/revisions"}],"wp:featuredmedia":[{"embeddable":true,"href":"https:\/\/www.diarioimagen.net\/index.php?rest_route=\/wp\/v2\/media\/400593"}],"wp:attachment":[{"href":"https:\/\/www.diarioimagen.net\/index.php?rest_route=%2Fwp%2Fv2%2Fmedia&parent=400592"}],"wp:term":[{"taxonomy":"category","embeddable":true,"href":"https:\/\/www.diarioimagen.net\/index.php?rest_route=%2Fwp%2Fv2%2Fcategories&post=400592"},{"taxonomy":"post_tag","embeddable":true,"href":"https:\/\/www.diarioimagen.net\/index.php?rest_route=%2Fwp%2Fv2%2Ftags&post=400592"}],"curies":[{"name":"wp","href":"https:\/\/api.w.org\/{rel}","templated":true}]}}