{"id":400595,"date":"2018-10-25T00:10:47","date_gmt":"2018-10-25T05:10:47","guid":{"rendered":"https:\/\/www.diarioimagen.net\/?p=400595"},"modified":"2018-10-24T23:57:09","modified_gmt":"2018-10-25T04:57:09","slug":"atiende-transmasivo-gastos-de-lesionados-por-accidente-del-mexibus","status":"publish","type":"post","link":"https:\/\/www.diarioimagen.net\/?p=400595","title":{"rendered":"Atienden gastos de lesionados por accidente del Mexib\u00fas"},"content":{"rendered":"<h2>Arco Norte<\/h2>\n<h5>Jos\u00e9 Luis Monta\u00f1ez Aguilar<\/h5>\n<p>&nbsp;<\/p>\n<div id=\"attachment_400596\" style=\"width: 470px\" class=\"wp-caption aligncenter\"><img loading=\"lazy\" decoding=\"async\" aria-describedby=\"caption-attachment-400596\" class=\"size-large wp-image-400596\" src=\"https:\/\/www.diarioimagen.net\/wp-content\/uploads\/2018\/10\/MEXI-PORTAL-460x268.jpg\" alt=\"\" width=\"460\" height=\"268\" srcset=\"https:\/\/www.diarioimagen.net\/wp-content\/uploads\/2018\/10\/MEXI-PORTAL-460x268.jpg 460w, https:\/\/www.diarioimagen.net\/wp-content\/uploads\/2018\/10\/MEXI-PORTAL-240x140.jpg 240w, https:\/\/www.diarioimagen.net\/wp-content\/uploads\/2018\/10\/MEXI-PORTAL.jpg 480w\" sizes=\"auto, (max-width: 460px) 100vw, 460px\" \/><p id=\"caption-attachment-400596\" class=\"wp-caption-text\">Transmasivo, concesionaria del Mexib\u00fas, se hizo responsable de los gastos de usuarios lesionados en el choque de una de las unidades de la L\u00ednea 1.<\/p><\/div>\n<p>&nbsp;<\/p>\n<p>Genaro Rosalino Garc\u00eda, presidente del Consejo de Administraci\u00f3n de Transmasivo, concesionaria del Mexib\u00fas, inform\u00f3 que esta empresa, a trav\u00e9s de los seguros de viajero, se est\u00e1 haciendo responsable de los gastos correspondientes para atender a las personas que resultaron lesionadas en el accidente que sufri\u00f3 una de las unidades de la L\u00ednea 1 de este sistema de transporte masivo.<\/p>\n<p>\u201cEstamos atendiendo el tema de manera responsable, de manera seria, de manera formal y lo seguiremos haciendo en todo momento\u201d, subray\u00f3 Rosalino.<\/p>\n<p>Indic\u00f3 que consideraban este accidente como una fatalidad que \u201clamentamos y\u00a0 lo primero que estamos haciendo es, reitero, atender de manera responsable a los lesionados\u201d.<\/p>\n<p>Detall\u00f3 que a trav\u00e9s del Seguro de Viajero, en caso de presentarse alg\u00fan accidente, como el ocurrido el pasado martes en la L\u00ednea 1 del Mexib\u00fas, en Ecatepec, se atienden lesiones, decesos y da\u00f1os a terceros.<\/p>\n<p>Explic\u00f3 que los gastos m\u00e9dicos de las 25 personas lesionadas, quienes fueron trasladados a diferentes hospitales, entre ellos, el Hospital Magdalena de las Salinas en la Ciudad de M\u00e9xico, la Cl\u00ednica 69 del Instituto Mexicano del Seguro Social (IMSS) en Texcoco y el Hospital \u201cLas Am\u00e9ricas\u201d en Ecatepec, ser\u00e1n cubiertos por la empresa.<\/p>\n<p>Asimismo, solicit\u00f3 a los familiares de las personas lesionadas acercarse a la empresa Transmasivo, para que puedan recibir el pase m\u00e9dico que la aseguradora est\u00e1 otorgando para atender lo relacionado a la atenci\u00f3n y gastos m\u00e9dicos.<\/p>\n<p>Genaro Rosalino precis\u00f3 que entre las personas lesionadas, no se encuentran menores de edad y que fue el chofer de la unidad quien result\u00f3 con mayores afectaciones.<\/p>\n<p>Inform\u00f3 tambi\u00e9n que el conductor tiene seis meses de haber ingresado a laborar a esta empresa, luego de haber aprobado sus ex\u00e1menes de selecci\u00f3n y capacitaci\u00f3n.<\/p>\n<p>Por otra parte, indic\u00f3 que las unidades del Mexib\u00fas est\u00e1n programadas para no exceder los 50 kil\u00f3metros de velocidad por hora, adem\u00e1s de que contin\u00faa la investigaci\u00f3n para conocer las causas del accidente.<\/p>\n<p>Se\u00f1al\u00f3 que los da\u00f1os sufridos en la infraestructura de la l\u00ednea de transporte son menores, e invit\u00f3 a los automovilistas a no invadir el carril confinado del Mexib\u00fas.<\/p>\n<p><em><a href=\"mailto:montanezaguilar@gmail.com\" target=\"_blank\" rel=\"noopener\">montanezaguilar@gmail.com<\/a><\/em><\/p>\n","protected":false},"excerpt":{"rendered":"<p><span style=\"color: #005497;\">Jos\u00e9 Luis Monta\u00f1ez Aguilar<\/span><br \/>\n<br \/>\nGenaro Rosalino Garc\u00eda, presidente del Consejo de Administraci\u00f3n de Transmasivo, concesionaria del Mexib\u00fas, inform\u00f3 que esta empresa, a trav\u00e9s de los seguros de viajero, se est\u00e1 haciendo responsable de los gastos correspondientes para atender a las personas que resultaron lesionadas en el accidente que sufri\u00f3 una de las unidades de la L\u00ednea 1 de este sistema de transporte masivo.<\/p>\n","protected":false},"author":5,"featured_media":400596,"comment_status":"open","ping_status":"open","sticky":false,"template":"","format":"standard","meta":{"_monsterinsights_skip_tracking":false,"_monsterinsights_sitenote_active":false,"_monsterinsights_sitenote_note":"","_monsterinsights_sitenote_category":0,"footnotes":""},"categories":[5],"tags":[79456,13284,79458,79459,43704,43674,79457],"class_list":["post-400595","post","type-post","status-publish","format-standard","has-post-thumbnail","hentry","category-estado-de-mexico","tag-accidente-del-mexibus","tag-arco-norte","tag-gastos-de-lesionados","tag-genaro-rosalino-garcia","tag-jose-luis-montanez-aguilar","tag-opinion","tag-transmasivo"],"_links":{"self":[{"href":"https:\/\/www.diarioimagen.net\/index.php?rest_route=\/wp\/v2\/posts\/400595","targetHints":{"allow":["GET"]}}],"collection":[{"href":"https:\/\/www.diarioimagen.net\/index.php?rest_route=\/wp\/v2\/posts"}],"about":[{"href":"https:\/\/www.diarioimagen.net\/index.php?rest_route=\/wp\/v2\/types\/post"}],"author":[{"embeddable":true,"href":"https:\/\/www.diarioimagen.net\/index.php?rest_route=\/wp\/v2\/users\/5"}],"replies":[{"embeddable":true,"href":"https:\/\/www.diarioimagen.net\/index.php?rest_route=%2Fwp%2Fv2%2Fcomments&post=400595"}],"version-history":[{"count":0,"href":"https:\/\/www.diarioimagen.net\/index.php?rest_route=\/wp\/v2\/posts\/400595\/revisions"}],"wp:featuredmedia":[{"embeddable":true,"href":"https:\/\/www.diarioimagen.net\/index.php?rest_route=\/wp\/v2\/media\/400596"}],"wp:attachment":[{"href":"https:\/\/www.diarioimagen.net\/index.php?rest_route=%2Fwp%2Fv2%2Fmedia&parent=400595"}],"wp:term":[{"taxonomy":"category","embeddable":true,"href":"https:\/\/www.diarioimagen.net\/index.php?rest_route=%2Fwp%2Fv2%2Fcategories&post=400595"},{"taxonomy":"post_tag","embeddable":true,"href":"https:\/\/www.diarioimagen.net\/index.php?rest_route=%2Fwp%2Fv2%2Ftags&post=400595"}],"curies":[{"name":"wp","href":"https:\/\/api.w.org\/{rel}","templated":true}]}}