{"id":400637,"date":"2018-10-25T00:11:11","date_gmt":"2018-10-25T05:11:11","guid":{"rendered":"https:\/\/www.diarioimagen.net\/?p=400637"},"modified":"2018-10-25T11:03:37","modified_gmt":"2018-10-25T16:03:37","slug":"inicia-hoy-consulta-que-define-futuro-del-naicm","status":"publish","type":"post","link":"https:\/\/www.diarioimagen.net\/?p=400637","title":{"rendered":"Inicia hoy consulta que define futuro del NAICM"},"content":{"rendered":"<ul>\n<li><strong><em>En 538 municipios<\/em><\/strong><\/li>\n<\/ul>\n<p>&nbsp;<\/p>\n<div id=\"attachment_400727\" style=\"width: 470px\" class=\"wp-caption aligncenter\"><a href=\"https:\/\/www.diarioimagen.net\/?attachment_id=400727\" rel=\"attachment wp-att-400727\"><img loading=\"lazy\" decoding=\"async\" aria-describedby=\"caption-attachment-400727\" class=\"wp-image-400727 size-large\" src=\"https:\/\/www.diarioimagen.net\/wp-content\/uploads\/2018\/10\/consulta-3484-460x259.jpg\" alt=\"\" width=\"460\" height=\"259\" srcset=\"https:\/\/www.diarioimagen.net\/wp-content\/uploads\/2018\/10\/consulta-3484-460x259.jpg 460w, https:\/\/www.diarioimagen.net\/wp-content\/uploads\/2018\/10\/consulta-3484-240x135.jpg 240w, https:\/\/www.diarioimagen.net\/wp-content\/uploads\/2018\/10\/consulta-3484-235x132.jpg 235w, https:\/\/www.diarioimagen.net\/wp-content\/uploads\/2018\/10\/consulta-3484-202x114.jpg 202w, https:\/\/www.diarioimagen.net\/wp-content\/uploads\/2018\/10\/consulta-3484-350x196.jpg 350w, https:\/\/www.diarioimagen.net\/wp-content\/uploads\/2018\/10\/consulta-3484-220x123.jpg 220w, https:\/\/www.diarioimagen.net\/wp-content\/uploads\/2018\/10\/consulta-3484-237x132.jpg 237w, https:\/\/www.diarioimagen.net\/wp-content\/uploads\/2018\/10\/consulta-3484.jpg 480w\" sizes=\"auto, (max-width: 460px) 100vw, 460px\" \/><\/a><p id=\"caption-attachment-400727\" class=\"wp-caption-text\">Este jueves inicia la consulta nacional de 4 d\u00edas para definir el futuro del Nuevo Aeropuerto de la Ciudad de M\u00e9xico.<\/p><\/div>\n<p>&nbsp;<\/p>\n<p>A partir de este jueves y hasta el pr\u00f3ximo domingo, se realizar\u00e1 en todo el pa\u00eds la consulta ciudadana propuesta por el presidente electo, Andr\u00e9s Manuel L\u00f3pez Obrador, para definir el futuro del Nuevo Aeropuerto Internacional de la Ciudad de M\u00e9xico (NAICM).<\/p>\n<p>La decisi\u00f3n se tomar\u00e1 a partir de la respuesta con mayores votos a la pregunta: \u201cDada la saturaci\u00f3n del Aeropuerto Internacional de la Ciudad de M\u00e9xico, \u00bfcu\u00e1l opci\u00f3n piensa usted que sea mejor para el pa\u00eds?\u201d.<\/p>\n<p>Los ciudadanos podr\u00e1n elegir entre dos opciones: \u201cReacondicionar el actual aeropuerto de la Ciudad de M\u00e9xico y el de Toluca, y construir dos pistas en la Base A\u00e9rea de Santa Luc\u00eda\u201d o \u201ccontinuar con la construcci\u00f3n del nuevo aeropuerto en Texcoco y dejar de usar la actual Aeropuerto Internacional de la Ciudad de M\u00e9xico\u201d.<\/p>\n<p>De acuerdo con el equipo de L\u00f3pez Obrador, la opini\u00f3n de los mexicanos quedar\u00e1 plasmada en m\u00e1s de 500 mil boletas, cuya impresi\u00f3n se podr\u00eda incrementar en funci\u00f3n de la participaci\u00f3n ciudadana.<\/p>\n<p>Adem\u00e1s, hasta el domingo pr\u00f3ximo, en todo el pa\u00eds se instalar\u00e1n mil 73 mesas de votaci\u00f3n en 538 municipios para que los mexicanos puedan ir a expresar su opini\u00f3n sobre la terminal a\u00e9rea.<\/p>\n<p>Para participar, s\u00f3lo se tendr\u00e1 que presentar la credencial de elector como \u00fanico documento oficial v\u00e1lido, mismo que ser\u00e1 recibido y registrado por voluntarios en las mesas, quienes tendr\u00e1n la encomienda de garantizar la no duplicidad en la emisi\u00f3n del voto.<\/p>\n<p>Para informarse m\u00e1s de las dos opciones que propone AMLOr y de la consulta, que ser\u00e1 financiada por aportaciones voluntarias de los legisladores de Morena, los ciudadanos pueden visitar la p\u00e1gina de internet www.mexicodecide.com.mx.<\/p>\n<p>En el apartado \u201cUrnas\u201d, de la p\u00e1gina http:\/\/mexicodecide.com.mx\/urnas-de-consulta\/, es posible saber los lugares donde se instalar\u00e1n las mesas para sufragar a partir de ma\u00f1ana y hasta el domingo.<\/p>\n<p>Adem\u00e1s, en la pesta\u00f1a \u201cAeropuerto\u201d se se\u00f1ala que la construcci\u00f3n, rehabilitaci\u00f3n y mantenimiento de infraestructura aeroportuaria puede representar una carga presupuestal muy importante, por lo que en pa\u00edses como Francia, Alemania o Estados Unidos se han realizado consultas antes de tomar la decisi\u00f3n.<\/p>\n<p>Agrega que hay argumentos econ\u00f3micos, ambientales, sociales, territoriales y jur\u00eddicos que se deben tomar en cuenta, por lo que es importante la participaci\u00f3n de todos.<\/p>\n<p>En el apartado \u201cAn\u00e1lisis\u201d, el sitio M\u00e9xico Decide destaca que despu\u00e9s de escuchar a los actores involucrados en la discusi\u00f3n del aeropuerto, se encontraron algunos de los argumentos m\u00e1s recurrentes y nutritivos para la discusi\u00f3n.<\/p>\n<p>Abunda que continuar con la construcci\u00f3n del aeropuerto en el lago de Texcoco tiene a su favor la cercan\u00eda con Ciudad de M\u00e9xico y ser\u00eda un centro de conexi\u00f3n internacional, generar\u00eda empleos, dar\u00eda confianza a inversionistas, mayor capacidad de pasajeros, cuenta con un terreno de cinco mil hect\u00e1reas, tiene financiamiento de 69 por ciento del proyecto y un avance en la obra de 20 por ciento.<\/p>\n<p>Sin embargo, apunta, tiene en contra el incremento del costo de construcci\u00f3n de 185 a 285 mil millones de pesos (primera fase) y un retraso de cuatro a\u00f1os (primera fase 2024).<\/p>\n<p>Adem\u00e1s, implicar\u00eda el cierre del Aeropuerto Internacional \u201cBenito Ju\u00e1rez\u201d de la Ciudad de M\u00e9xico y de la Base A\u00e9rea Militar de Santa Luc\u00eda, y habr\u00eda impactos ambientales negativos.<\/p>\n<p>Los argumentos a favor de ampliar el aeropuerto de Santa Luc\u00eda son: menor costo de construcci\u00f3n y mantenimiento, mejores condiciones para operar y bajo impacto ambiental, continuar\u00eda operando la actual terminal a\u00e9rea de la capital del pa\u00eds, adem\u00e1s de que se habilitar\u00eda el de Toluca y operar\u00eda en menos tiempo.<\/p>\n<p>Mientras que los argumentos en contra consisten en que las aerol\u00edneas tendr\u00edan complicaciones log\u00edsticas y otros costos, posibles p\u00e9rdidas econ\u00f3micas por la cancelaci\u00f3n en Texcoco, se tendr\u00eda que negociar con acreedores y contratistas, afectando el presupuesto federal de 2019, y un posible impacto negativo en mercados financieros.<\/p>\n<p>Para mayor informaci\u00f3n, los mexicanos pueden consultar la p\u00e1gina M\u00e9xico Decide, as\u00ed como sus redes sociales Twitter y Facebook: @mexico_decide y www.facebook.com\/mexicodecide.com.mx, respectivamente.<\/p>\n<p>Tambi\u00e9n en YouTube, a trav\u00e9s del canal www.youtube.com\/channel\/UCAI7YpLBBhQVwdt58cioug?view_as=subscriber y el enlace del documento http:\/\/bit.ly\/ConsultaNuevoAeropuerto.<\/p>\n","protected":false},"excerpt":{"rendered":"<p>A partir de este jueves y hasta el pr\u00f3ximo domingo, se realizar\u00e1 en todo el pa\u00eds la consulta ciudadana propuesta por el presidente electo, Andr\u00e9s Manuel L\u00f3pez Obrador, para definir el futuro del Nuevo Aeropuerto Internacional de la Ciudad de M\u00e9xico (NAICM).<\/p>\n","protected":false},"author":3,"featured_media":400727,"comment_status":"open","ping_status":"open","sticky":false,"template":"","format":"standard","meta":{"_monsterinsights_skip_tracking":false,"_monsterinsights_sitenote_active":false,"_monsterinsights_sitenote_note":"","_monsterinsights_sitenote_category":0,"footnotes":""},"categories":[3],"tags":[38501],"class_list":["post-400637","post","type-post","status-publish","format-standard","has-post-thumbnail","hentry","category-nacional","tag-nuevo-aeropuerto-internacional-de-la-ciudad-de-mexico"],"_links":{"self":[{"href":"https:\/\/www.diarioimagen.net\/index.php?rest_route=\/wp\/v2\/posts\/400637","targetHints":{"allow":["GET"]}}],"collection":[{"href":"https:\/\/www.diarioimagen.net\/index.php?rest_route=\/wp\/v2\/posts"}],"about":[{"href":"https:\/\/www.diarioimagen.net\/index.php?rest_route=\/wp\/v2\/types\/post"}],"author":[{"embeddable":true,"href":"https:\/\/www.diarioimagen.net\/index.php?rest_route=\/wp\/v2\/users\/3"}],"replies":[{"embeddable":true,"href":"https:\/\/www.diarioimagen.net\/index.php?rest_route=%2Fwp%2Fv2%2Fcomments&post=400637"}],"version-history":[{"count":0,"href":"https:\/\/www.diarioimagen.net\/index.php?rest_route=\/wp\/v2\/posts\/400637\/revisions"}],"wp:featuredmedia":[{"embeddable":true,"href":"https:\/\/www.diarioimagen.net\/index.php?rest_route=\/wp\/v2\/media\/400727"}],"wp:attachment":[{"href":"https:\/\/www.diarioimagen.net\/index.php?rest_route=%2Fwp%2Fv2%2Fmedia&parent=400637"}],"wp:term":[{"taxonomy":"category","embeddable":true,"href":"https:\/\/www.diarioimagen.net\/index.php?rest_route=%2Fwp%2Fv2%2Fcategories&post=400637"},{"taxonomy":"post_tag","embeddable":true,"href":"https:\/\/www.diarioimagen.net\/index.php?rest_route=%2Fwp%2Fv2%2Ftags&post=400637"}],"curies":[{"name":"wp","href":"https:\/\/api.w.org\/{rel}","templated":true}]}}