{"id":400650,"date":"2018-10-25T00:08:16","date_gmt":"2018-10-25T05:08:16","guid":{"rendered":"https:\/\/www.diarioimagen.net\/?p=400650"},"modified":"2018-10-25T10:40:11","modified_gmt":"2018-10-25T15:40:11","slug":"tultepec-sede-del-4o-festival-de-danza-con-chile-colombia-bolivia-y-mexico","status":"publish","type":"post","link":"https:\/\/www.diarioimagen.net\/?p=400650","title":{"rendered":"Tultepec, sede del 4\u00ba Festival de Danza con Chile, Colombia, Bolivia y M\u00e9xico"},"content":{"rendered":"<ul>\n<li><em>\u00a0<\/em><strong><em>Bailando por el Mundo<\/em><\/strong><\/li>\n<\/ul>\n<p>&nbsp;<\/p>\n<div id=\"attachment_400755\" style=\"width: 470px\" class=\"wp-caption aligncenter\"><a href=\"https:\/\/www.diarioimagen.net\/?attachment_id=400755\" rel=\"attachment wp-att-400755\"><img loading=\"lazy\" decoding=\"async\" aria-describedby=\"caption-attachment-400755\" class=\"size-large wp-image-400755\" src=\"https:\/\/www.diarioimagen.net\/wp-content\/uploads\/2018\/10\/tultepec-3484-460x161.jpg\" alt=\"\" width=\"460\" height=\"161\" srcset=\"https:\/\/www.diarioimagen.net\/wp-content\/uploads\/2018\/10\/tultepec-3484-460x161.jpg 460w, https:\/\/www.diarioimagen.net\/wp-content\/uploads\/2018\/10\/tultepec-3484-240x84.jpg 240w, https:\/\/www.diarioimagen.net\/wp-content\/uploads\/2018\/10\/tultepec-3484.jpg 600w\" sizes=\"auto, (max-width: 460px) 100vw, 460px\" \/><\/a><p id=\"caption-attachment-400755\" class=\"wp-caption-text\">Cerca de 100 bailarines de cuatro pa\u00edses latinoamericanos har\u00e1n gala de coloridos vestuarios para presentar la danza y la m\u00fasica.<\/p><\/div>\n<p>&nbsp;<\/p>\n<p><strong>Tultepec, Estado de M\u00e9xico<\/strong>.- Acercar cert\u00e1menes de talla internacional a la ciudadan\u00eda como una forma de ampliar el conocimiento y la cultura sobre otros pa\u00edses visitantes, es un servicio m\u00e1s de la Casa de Cultura V\u00edctor Urb\u00e1n Velasco, asegur\u00f3 Mauricio Solano S\u00e1nchez, coordinador al anunciar que Tultepec albergar\u00e1 el 4o. Festival <em>Bailando por el Mundo<\/em>.<\/p>\n<p>La administraci\u00f3n 2016-2018, se ha distinguido por impulsar siempre los valores y las tradiciones nacionales, m\u00e1xime aquellas que dan identidad y distinguen a Tultepec y en esta ocasi\u00f3n no ser\u00e1 la excepci\u00f3n.<\/p>\n<p>Precis\u00f3 que con la presencia de bailarines de Colombia, Chile, Bolivia y M\u00e9xico; Tultepec ser\u00e1 sede de la inauguraci\u00f3n y clausura de este certamen el pr\u00f3ximo viernes 27 de octubre a partir de las 13:00 horas y de la clausura el 4 de noviembre desde las 17:00 horas, ambos en la Concha Ac\u00fastica del Centro.\u00a0 Precis\u00f3 que cerca de 100 bailarines de estos cuatro pa\u00edses latinoamericanos har\u00e1n gala de coloridos vestuarios para presentar a trav\u00e9s de la danza y la m\u00fasica, lo mejor de la cultura art\u00edstica de sus respectivos pa\u00edses en distintos escenarios que se han preparado para este evento de talla internacional, y uno de ellos es Tultepec, donde la ciudadan\u00eda en general podr\u00e1 disfrutarlos de manera gratuita.<\/p>\n<p>La organizaci\u00f3n a cargo del grupo de danza\u00a0M\u00e9xico Folkl\u00f3rico\u00a0y del Ayuntamiento de Tultepec en coordinaci\u00f3n con la\u00a0Casa de Cultura V\u00edctor Urb\u00e1n Velasco. Es tambi\u00e9n una oportunidad para acercar espect\u00e1culos de talla mundial a comunidades marginadas donde no existe la infraestructura ni los recursos econ\u00f3micos para observar este tipo de entretenimientos.<\/p>\n<p>\u201cLa cultura tiene entre sus virtudes, unir a los pa\u00edses con un idioma especial, y eso es lo que queremos como autoridades municipales, que la hermandad entre las personas trascienda tambi\u00e9n entre nuestros pueblos, porque la cultura nos permite construir puentes para derribar muros\u201d, afirm\u00f3 Mauricio Solano S\u00e1nchez.<\/p>\n<p>Explic\u00f3 que el objetivo del festival es estrechar lazos de hermandad entre los pa\u00edses participantes, con el fin de incrementar el conocimiento de las comunidades a trav\u00e9s de la m\u00fasica, vestuario, danzas y bailes diversos.<\/p>\n<p>Los grupos de danza participantes por pa\u00eds son: de Colombia, Corporaci\u00f3n Cultural Macondo y Taurus Orquesta, de Chile, Compa\u00f1\u00eda de Artes Esc\u00e9nicas Challay, de Bolivia, Compa\u00f1\u00eda de Danzas Tradicionales Charito Carazas y por M\u00e9xico, precisamente de Tultepec, Grupo M\u00e9xico Folkl\u00f3rico.<\/p>\n<p>En esta ocasi\u00f3n el folklor internacional tambi\u00e9n se presentar\u00e1 en algunos planteles p\u00fablicos y privados de primaria y secundaria del municipio como son: el Instituto Bartolom\u00e9 de las Casas, Instituto Italia, Colegio Antonio Semionovich Makarenko, Colegio Guadalupe Victoria, Telpochcalli y la primaria Ignacio Manuel Altamirano.<\/p>\n","protected":false},"excerpt":{"rendered":"<p>Acercar cert\u00e1menes de talla internacional a la ciudadan\u00eda como una forma de ampliar el conocimiento y la cultura sobre otros pa\u00edses visitantes, es un servicio m\u00e1s de la Casa de Cultura V\u00edctor Urb\u00e1n Velasco, asegur\u00f3 Mauricio Solano S\u00e1nchez, coordinador al anunciar que Tultepec albergar\u00e1 el 4o. Festival <em>Bailando por el Mundo<\/em>.<\/p>\n","protected":false},"author":3,"featured_media":400755,"comment_status":"open","ping_status":"open","sticky":false,"template":"","format":"standard","meta":{"_monsterinsights_skip_tracking":false,"_monsterinsights_sitenote_active":false,"_monsterinsights_sitenote_note":"","_monsterinsights_sitenote_category":0,"footnotes":""},"categories":[35155],"tags":[43675,79480,3802],"class_list":["post-400650","post","type-post","status-publish","format-standard","has-post-thumbnail","hentry","category-estado-de-mexico-estado-de-mexico","tag-estado-de-mexico","tag-festival-de-danza","tag-tultepec"],"_links":{"self":[{"href":"https:\/\/www.diarioimagen.net\/index.php?rest_route=\/wp\/v2\/posts\/400650","targetHints":{"allow":["GET"]}}],"collection":[{"href":"https:\/\/www.diarioimagen.net\/index.php?rest_route=\/wp\/v2\/posts"}],"about":[{"href":"https:\/\/www.diarioimagen.net\/index.php?rest_route=\/wp\/v2\/types\/post"}],"author":[{"embeddable":true,"href":"https:\/\/www.diarioimagen.net\/index.php?rest_route=\/wp\/v2\/users\/3"}],"replies":[{"embeddable":true,"href":"https:\/\/www.diarioimagen.net\/index.php?rest_route=%2Fwp%2Fv2%2Fcomments&post=400650"}],"version-history":[{"count":0,"href":"https:\/\/www.diarioimagen.net\/index.php?rest_route=\/wp\/v2\/posts\/400650\/revisions"}],"wp:featuredmedia":[{"embeddable":true,"href":"https:\/\/www.diarioimagen.net\/index.php?rest_route=\/wp\/v2\/media\/400755"}],"wp:attachment":[{"href":"https:\/\/www.diarioimagen.net\/index.php?rest_route=%2Fwp%2Fv2%2Fmedia&parent=400650"}],"wp:term":[{"taxonomy":"category","embeddable":true,"href":"https:\/\/www.diarioimagen.net\/index.php?rest_route=%2Fwp%2Fv2%2Fcategories&post=400650"},{"taxonomy":"post_tag","embeddable":true,"href":"https:\/\/www.diarioimagen.net\/index.php?rest_route=%2Fwp%2Fv2%2Ftags&post=400650"}],"curies":[{"name":"wp","href":"https:\/\/api.w.org\/{rel}","templated":true}]}}