{"id":400652,"date":"2018-10-25T00:07:02","date_gmt":"2018-10-25T05:07:02","guid":{"rendered":"https:\/\/www.diarioimagen.net\/?p=400652"},"modified":"2018-10-25T10:41:35","modified_gmt":"2018-10-25T15:41:35","slug":"entrega-huixquilucan-apoyos-del-programa-juntos-por-la-educacion","status":"publish","type":"post","link":"https:\/\/www.diarioimagen.net\/?p=400652","title":{"rendered":"Entrega Huixquilucan apoyos del programa \u201cJuntos por la Educaci\u00f3n\u201d"},"content":{"rendered":"<ul>\n<li><strong><em>Son 8 mil 619 becas municipales<\/em><\/strong><\/li>\n<\/ul>\n<p>&nbsp;<\/p>\n<div id=\"attachment_400757\" style=\"width: 470px\" class=\"wp-caption aligncenter\"><a href=\"https:\/\/www.diarioimagen.net\/?attachment_id=400757\" rel=\"attachment wp-att-400757\"><img loading=\"lazy\" decoding=\"async\" aria-describedby=\"caption-attachment-400757\" class=\"size-large wp-image-400757\" src=\"https:\/\/www.diarioimagen.net\/wp-content\/uploads\/2018\/10\/huixquilucan-3484-460x259.jpg\" alt=\"\" width=\"460\" height=\"259\" srcset=\"https:\/\/www.diarioimagen.net\/wp-content\/uploads\/2018\/10\/huixquilucan-3484-460x259.jpg 460w, https:\/\/www.diarioimagen.net\/wp-content\/uploads\/2018\/10\/huixquilucan-3484-240x135.jpg 240w, https:\/\/www.diarioimagen.net\/wp-content\/uploads\/2018\/10\/huixquilucan-3484-235x132.jpg 235w, https:\/\/www.diarioimagen.net\/wp-content\/uploads\/2018\/10\/huixquilucan-3484-202x114.jpg 202w, https:\/\/www.diarioimagen.net\/wp-content\/uploads\/2018\/10\/huixquilucan-3484-350x196.jpg 350w, https:\/\/www.diarioimagen.net\/wp-content\/uploads\/2018\/10\/huixquilucan-3484-220x123.jpg 220w, https:\/\/www.diarioimagen.net\/wp-content\/uploads\/2018\/10\/huixquilucan-3484-237x132.jpg 237w, https:\/\/www.diarioimagen.net\/wp-content\/uploads\/2018\/10\/huixquilucan-3484.jpg 480w\" sizes=\"auto, (max-width: 460px) 100vw, 460px\" \/><\/a><p id=\"caption-attachment-400757\" class=\"wp-caption-text\">Las becas son para las colonias Constituyentes de 1917, Ampliaci\u00f3n Palo Solo, El Bosque, El Olivo, Federal Burocr\u00e1tica, Jes\u00fas del Monte, La Retama, La Unidad, Loma del Carmen y Mont\u00f3n Cuarteles.<\/p><\/div>\n<p>&nbsp;<\/p>\n<p><strong>Huixquilucan, Estado de M\u00e9xico<\/strong>.- \u201cLa entrega de becas es producto de un esfuerzo que ha hecho el cabildo, un trabajo en conjunto para incrementar el presupuesto y que estos apoyos lleguen a m\u00e1s huixquiluquenses\u201d, asegur\u00f3 Romina Contreras Carrasco, presidenta del sistema municipal para el Desarrollo Integral de la Familia durante la entrega de apoyos del programa \u201cJuntos por la Educaci\u00f3n\u201d.<\/p>\n<p>En representaci\u00f3n del presidente municipal de Huixquilucan, Enrique Vargas del Villar, Contreras Carrasco detall\u00f3, que durante este periodo se entregar\u00e1n 8 mil 619 becas a estudiantes de nivel preescolar hasta superior, e inform\u00f3 que para el pr\u00f3ximo a\u00f1o se va a incrementar a 12 mil el n\u00famero de becas, a efecto de que estos apoyos lleguen a todos los rincones del municipio.<\/p>\n<p>Record\u00f3 que el alcalde, impulsa la educaci\u00f3n con estas becas, para que las familias huixquiluquenses tengan mayores recursos para \u00fatiles escolares, transporte y tareas extraescolares.<\/p>\n<p>Precis\u00f3, que durante la presente administraci\u00f3n se han realizado obras que impactan en la vida de las personas, principalmente en el tema de salud. En este sentido, inform\u00f3 de los trabajos del Complejo Rosa M\u00edstica, en los que se incluye el hospital San P\u00edo, el albergue Mater Dei y la Cruz Roja.<\/p>\n<p>En tanto, Mar\u00eda Jos\u00e9 Ocampo V\u00e1zquez, directora General de Desarrollo Social destac\u00f3 que desde esta \u00e1rea de la administraci\u00f3n municipal se tiene contacto con los sectores m\u00e1s vulnerables para hacerles llegar los distintos apoyos sociales.<\/p>\n<p>Precis\u00f3 que en \u00e9sta entrega del programa \u201cJuntos por la Educaci\u00f3n\u201d, 3 mil 17 estudiantes de las colonias Constituyentes de 1917, Ampliaci\u00f3n Palo Solo, El Bosque, El Olivo, Federal Burocr\u00e1tica, Jes\u00fas del Monte, La Retama, La Unidad, Loma del Carmen, Mont\u00f3n Cuarteles, Tierra y Libertad,\u00a0Palo Solo, Pirules y San Fernando, se vieron beneficiados.<\/p>\n<p>A nombre de los becarios, Mar\u00eda Jos\u00e9 M\u00e9ndez Rico, alumna de nivel medio superior, agradeci\u00f3 los est\u00edmulos entregados, que los motiva a seguir adelante en sus estudios.<\/p>\n<p>Juan Antonio Garrido Maya, delegado municipal de la colonia Constituyentes de 1917, reconoci\u00f3 el trabajo encabezado por Enrique Vargas del Villar, que en todo momento ha estado al pendiente de las necesidades de la comunidad, en especial de que los j\u00f3venes tengan todo lo necesario para continuar sus estudios.<\/p>\n","protected":false},"excerpt":{"rendered":"<p>\u201cLa entrega de becas es producto de un esfuerzo que ha hecho el cabildo, un trabajo en conjunto para incrementar el presupuesto y que estos apoyos lleguen a m\u00e1s huixquiluquenses\u201d, asegur\u00f3 Romina Contreras Carrasco, presidenta del sistema municipal para el Desarrollo Integral de la Familia durante la entrega de apoyos del programa \u201cJuntos por la Educaci\u00f3n\u201d. <\/p>\n","protected":false},"author":3,"featured_media":400757,"comment_status":"open","ping_status":"open","sticky":false,"template":"","format":"standard","meta":{"_monsterinsights_skip_tracking":false,"_monsterinsights_sitenote_active":false,"_monsterinsights_sitenote_note":"","_monsterinsights_sitenote_category":0,"footnotes":""},"categories":[35155],"tags":[43675,1097,66737],"class_list":["post-400652","post","type-post","status-publish","format-standard","has-post-thumbnail","hentry","category-estado-de-mexico-estado-de-mexico","tag-estado-de-mexico","tag-huixquilucan","tag-juntos-por-la-educacion"],"_links":{"self":[{"href":"https:\/\/www.diarioimagen.net\/index.php?rest_route=\/wp\/v2\/posts\/400652","targetHints":{"allow":["GET"]}}],"collection":[{"href":"https:\/\/www.diarioimagen.net\/index.php?rest_route=\/wp\/v2\/posts"}],"about":[{"href":"https:\/\/www.diarioimagen.net\/index.php?rest_route=\/wp\/v2\/types\/post"}],"author":[{"embeddable":true,"href":"https:\/\/www.diarioimagen.net\/index.php?rest_route=\/wp\/v2\/users\/3"}],"replies":[{"embeddable":true,"href":"https:\/\/www.diarioimagen.net\/index.php?rest_route=%2Fwp%2Fv2%2Fcomments&post=400652"}],"version-history":[{"count":0,"href":"https:\/\/www.diarioimagen.net\/index.php?rest_route=\/wp\/v2\/posts\/400652\/revisions"}],"wp:featuredmedia":[{"embeddable":true,"href":"https:\/\/www.diarioimagen.net\/index.php?rest_route=\/wp\/v2\/media\/400757"}],"wp:attachment":[{"href":"https:\/\/www.diarioimagen.net\/index.php?rest_route=%2Fwp%2Fv2%2Fmedia&parent=400652"}],"wp:term":[{"taxonomy":"category","embeddable":true,"href":"https:\/\/www.diarioimagen.net\/index.php?rest_route=%2Fwp%2Fv2%2Fcategories&post=400652"},{"taxonomy":"post_tag","embeddable":true,"href":"https:\/\/www.diarioimagen.net\/index.php?rest_route=%2Fwp%2Fv2%2Ftags&post=400652"}],"curies":[{"name":"wp","href":"https:\/\/api.w.org\/{rel}","templated":true}]}}