{"id":400654,"date":"2018-10-25T00:06:31","date_gmt":"2018-10-25T05:06:31","guid":{"rendered":"https:\/\/www.diarioimagen.net\/?p=400654"},"modified":"2018-10-25T10:42:45","modified_gmt":"2018-10-25T15:42:45","slug":"culmina-con-exito-tercera-semana-nacional-de-salud-en-tultitlan","status":"publish","type":"post","link":"https:\/\/www.diarioimagen.net\/?p=400654","title":{"rendered":"Culmina con \u00e9xito Tercera Semana Nacional de Salud en Tultitl\u00e1n"},"content":{"rendered":"<p><a href=\"https:\/\/www.diarioimagen.net\/?attachment_id=400760\" rel=\"attachment wp-att-400760\"><img loading=\"lazy\" decoding=\"async\" class=\"aligncenter size-large wp-image-400760\" src=\"https:\/\/www.diarioimagen.net\/wp-content\/uploads\/2018\/10\/tultitlan-3484-460x259.jpg\" alt=\"\" width=\"460\" height=\"259\" srcset=\"https:\/\/www.diarioimagen.net\/wp-content\/uploads\/2018\/10\/tultitlan-3484-460x259.jpg 460w, https:\/\/www.diarioimagen.net\/wp-content\/uploads\/2018\/10\/tultitlan-3484-240x135.jpg 240w, https:\/\/www.diarioimagen.net\/wp-content\/uploads\/2018\/10\/tultitlan-3484-235x132.jpg 235w, https:\/\/www.diarioimagen.net\/wp-content\/uploads\/2018\/10\/tultitlan-3484-202x114.jpg 202w, https:\/\/www.diarioimagen.net\/wp-content\/uploads\/2018\/10\/tultitlan-3484-350x196.jpg 350w, https:\/\/www.diarioimagen.net\/wp-content\/uploads\/2018\/10\/tultitlan-3484-220x123.jpg 220w, https:\/\/www.diarioimagen.net\/wp-content\/uploads\/2018\/10\/tultitlan-3484-237x132.jpg 237w, https:\/\/www.diarioimagen.net\/wp-content\/uploads\/2018\/10\/tultitlan-3484.jpg 480w\" sizes=\"auto, (max-width: 460px) 100vw, 460px\" \/><\/a><\/p>\n<p>&nbsp;<\/p>\n<p><strong>Tultitl\u00e1n, Estado de M\u00e9xico.-<\/strong> La actual administraci\u00f3n encabezada por Jorge Ad\u00e1n Barr\u00f3n se preocupa d\u00eda a d\u00eda por la salud de los tultitlenses.<\/p>\n<p>Por ello, a trav\u00e9s del Sistema Municipal para el Desarrollo Integral de la Familia (DIF),\u00a0 brind\u00f3 el apoyo necesario a la Secretar\u00eda de Salud para efectuar con \u00e9xito la Tercera Semana Nacional de Salud 2018.<\/p>\n<p>La presidenta honoraria del DIF Karen S\u00e1mano Calzada, se\u00f1al\u00f3 que \u201clos gobiernos federal, estatal y municipal trabajamos de manera coordinada para garantizar que los tultitlenses est\u00e9n m\u00e1s sanos.<\/p>\n<p>La medicina preventiva es una de las mejores herramientas para preservar un buen estado de salud. La ciencia m\u00e9dica hoy nos ofrece vacunas que evitan que nuestros hijos sean v\u00edctimas de enfermedades.<\/p>\n<p>&nbsp;<\/p>\n","protected":false},"excerpt":{"rendered":"<p>La actual administraci\u00f3n encabezada por Jorge Ad\u00e1n Barr\u00f3n se preocupa d\u00eda a d\u00eda por la salud de los tultitlenses.<\/p>\n","protected":false},"author":3,"featured_media":400760,"comment_status":"open","ping_status":"open","sticky":false,"template":"","format":"standard","meta":{"_monsterinsights_skip_tracking":false,"_monsterinsights_sitenote_active":false,"_monsterinsights_sitenote_note":"","_monsterinsights_sitenote_category":0,"footnotes":""},"categories":[35155],"tags":[43675,26255,578],"class_list":["post-400654","post","type-post","status-publish","format-standard","has-post-thumbnail","hentry","category-estado-de-mexico-estado-de-mexico","tag-estado-de-mexico","tag-semana-nacional-de-salud","tag-tultitlan"],"_links":{"self":[{"href":"https:\/\/www.diarioimagen.net\/index.php?rest_route=\/wp\/v2\/posts\/400654","targetHints":{"allow":["GET"]}}],"collection":[{"href":"https:\/\/www.diarioimagen.net\/index.php?rest_route=\/wp\/v2\/posts"}],"about":[{"href":"https:\/\/www.diarioimagen.net\/index.php?rest_route=\/wp\/v2\/types\/post"}],"author":[{"embeddable":true,"href":"https:\/\/www.diarioimagen.net\/index.php?rest_route=\/wp\/v2\/users\/3"}],"replies":[{"embeddable":true,"href":"https:\/\/www.diarioimagen.net\/index.php?rest_route=%2Fwp%2Fv2%2Fcomments&post=400654"}],"version-history":[{"count":0,"href":"https:\/\/www.diarioimagen.net\/index.php?rest_route=\/wp\/v2\/posts\/400654\/revisions"}],"wp:featuredmedia":[{"embeddable":true,"href":"https:\/\/www.diarioimagen.net\/index.php?rest_route=\/wp\/v2\/media\/400760"}],"wp:attachment":[{"href":"https:\/\/www.diarioimagen.net\/index.php?rest_route=%2Fwp%2Fv2%2Fmedia&parent=400654"}],"wp:term":[{"taxonomy":"category","embeddable":true,"href":"https:\/\/www.diarioimagen.net\/index.php?rest_route=%2Fwp%2Fv2%2Fcategories&post=400654"},{"taxonomy":"post_tag","embeddable":true,"href":"https:\/\/www.diarioimagen.net\/index.php?rest_route=%2Fwp%2Fv2%2Ftags&post=400654"}],"curies":[{"name":"wp","href":"https:\/\/api.w.org\/{rel}","templated":true}]}}