{"id":400771,"date":"2018-10-26T00:11:51","date_gmt":"2018-10-26T05:11:51","guid":{"rendered":"https:\/\/www.diarioimagen.net\/?p=400771"},"modified":"2018-10-26T00:07:43","modified_gmt":"2018-10-26T05:07:43","slug":"estrategia-para-disminuir-afectaciones-en-edomex-por-corte-de-agua","status":"publish","type":"post","link":"https:\/\/www.diarioimagen.net\/?p=400771","title":{"rendered":"Reducir\u00e1n afectaciones por corte de agua potable"},"content":{"rendered":"<h2>Arco Norte<\/h2>\n<h5>Jos\u00e9 Luis Monta\u00f1ez Aguilar<\/h5>\n<p>&nbsp;<\/p>\n<div id=\"attachment_400772\" style=\"width: 470px\" class=\"wp-caption aligncenter\"><img loading=\"lazy\" decoding=\"async\" aria-describedby=\"caption-attachment-400772\" class=\"size-large wp-image-400772\" src=\"https:\/\/www.diarioimagen.net\/wp-content\/uploads\/2018\/10\/CAEM26-PORTAL-460x268.jpg\" alt=\"\" width=\"460\" height=\"268\" srcset=\"https:\/\/www.diarioimagen.net\/wp-content\/uploads\/2018\/10\/CAEM26-PORTAL-460x268.jpg 460w, https:\/\/www.diarioimagen.net\/wp-content\/uploads\/2018\/10\/CAEM26-PORTAL-240x140.jpg 240w, https:\/\/www.diarioimagen.net\/wp-content\/uploads\/2018\/10\/CAEM26-PORTAL.jpg 480w\" sizes=\"auto, (max-width: 460px) 100vw, 460px\" \/><p id=\"caption-attachment-400772\" class=\"wp-caption-text\">CAEM contin\u00faa con la estrategia de coordinaci\u00f3n con los organismos operadores de agua, para que el corte se resientan lo menos posible.<\/p><\/div>\n<p>&nbsp;<\/p>\n<p>&nbsp;<\/p>\n<p>La Comisi\u00f3n del Agua del Estado de M\u00e9xico (CAEM) contin\u00faa con la estrategia de coordinaci\u00f3n con los organismos operadores, para que los trabajos de mantenimiento que la Comisi\u00f3n Nacional del Agua (Conagua) realizar\u00e1 al Sistema Cutzamala, se resientan lo menos posible entre los mexiquenses.<\/p>\n<p>A una semana de que inicie el corte de agua potable programado por la Conagua, la CAEM y los organismos operadores coinciden en reforzar el llamado a la poblaci\u00f3n para que hagan uso eficiente del agua potable que almacenen, y quienes no tengan la necesidad de almacenar que se sumen a este esfuerzo.<\/p>\n<p>Derivado de la estrategia de coordinaci\u00f3n, la Comisi\u00f3n informa que los \u00fanicos municipios que se ver\u00e1n afectados son Atizap\u00e1n de Zaragoza, Naucalpan, Nicol\u00e1s Romero, Toluca, Huixquilucan, Cuautitl\u00e1n Izcalli, Coacalco, Tlalnepantla, Ecatepec, Nezahualc\u00f3yotl, Tec\u00e1mac y Tultitl\u00e1n.<\/p>\n<p>Por \u00faltimo, se sugiere a los mexiquenses estar atentos a la informaci\u00f3n que difundan los organismos operadores de agua de sus municipios, para conocer el nombre de las colonias donde deber\u00e1n tomarse las previsiones de almacenaje, as\u00ed como los ajustes que se pudieran presentar en los pr\u00f3ximos d\u00edas.<\/p>\n<p>&nbsp;<\/p>\n<p style=\"text-align: center;\"><strong>Atienden GEM y ayuntamiento de Chalco violencia contra la mujer <\/strong><\/p>\n<p>La Polic\u00eda de G\u00e9nero del Ayuntamiento de Chalco ejecuta, vigila y da seguimiento a las medidas de protecci\u00f3n otorgadas a las mujeres que han sido v\u00edctimas de violencia de g\u00e9nero y atiende llamados de auxilio de las chalquenses, en coordinaci\u00f3n con autoridades del gobierno del Estado de M\u00e9xico.<\/p>\n<p>Esto como parte de los mecanismos para garantizar la protecci\u00f3n institucional especializada en los municipios considerados dentro de la Alerta de Violencia de G\u00e9nero contra las Mujeres.<\/p>\n<p>El municipio de Chalco cuenta con 20 agentes capacitados, mujeres y hombres, divididos en dos turnos, que realizan barridos en cuatro sectores georreferenciados, con tareas de prevenci\u00f3n, informaci\u00f3n y atenci\u00f3n de casos de violencia.<\/p>\n<p>De acuerdo con la encargada administrativa de la Polic\u00eda de G\u00e9nero, Sandra Sig\u00fcenza Ramos, se cuenta con un protocolo de actuaci\u00f3n que privilegia la detecci\u00f3n de violencia, la cual puede ser f\u00edsica, verbal, psicol\u00f3gica, patrimonial, econ\u00f3mica y sexual.<\/p>\n<p><em><a href=\"mailto:montanezaguilar@gmail.com\" target=\"_blank\" rel=\"noopener\">montanezaguilar@gmail.com<\/a><\/em><\/p>\n","protected":false},"excerpt":{"rendered":"<p>La Comisi\u00f3n del Agua del Estado de M\u00e9xico (CAEM) contin\u00faa con la estrategia de coordinaci\u00f3n con los organismos operadores, para que los trabajos de mantenimiento que la Comisi\u00f3n Nacional del Agua (Conagua) realizar\u00e1 al Sistema Cutzamala, se resientan lo menos posible entre los mexiquenses.<\/p>\n","protected":false},"author":5,"featured_media":400772,"comment_status":"open","ping_status":"open","sticky":false,"template":"","format":"standard","meta":{"_monsterinsights_skip_tracking":false,"_monsterinsights_sitenote_active":false,"_monsterinsights_sitenote_note":"","_monsterinsights_sitenote_category":0,"footnotes":""},"categories":[5],"tags":[79494,13284,79346,46334,43704,43674,2524],"class_list":["post-400771","post","type-post","status-publish","format-standard","has-post-thumbnail","hentry","category-estado-de-mexico","tag-afectaciones-en-edomex","tag-arco-norte","tag-corte-de-agua","tag-estrategia","tag-jose-luis-montanez-aguilar","tag-opinion","tag-sistema-cutzamala"],"_links":{"self":[{"href":"https:\/\/www.diarioimagen.net\/index.php?rest_route=\/wp\/v2\/posts\/400771","targetHints":{"allow":["GET"]}}],"collection":[{"href":"https:\/\/www.diarioimagen.net\/index.php?rest_route=\/wp\/v2\/posts"}],"about":[{"href":"https:\/\/www.diarioimagen.net\/index.php?rest_route=\/wp\/v2\/types\/post"}],"author":[{"embeddable":true,"href":"https:\/\/www.diarioimagen.net\/index.php?rest_route=\/wp\/v2\/users\/5"}],"replies":[{"embeddable":true,"href":"https:\/\/www.diarioimagen.net\/index.php?rest_route=%2Fwp%2Fv2%2Fcomments&post=400771"}],"version-history":[{"count":0,"href":"https:\/\/www.diarioimagen.net\/index.php?rest_route=\/wp\/v2\/posts\/400771\/revisions"}],"wp:featuredmedia":[{"embeddable":true,"href":"https:\/\/www.diarioimagen.net\/index.php?rest_route=\/wp\/v2\/media\/400772"}],"wp:attachment":[{"href":"https:\/\/www.diarioimagen.net\/index.php?rest_route=%2Fwp%2Fv2%2Fmedia&parent=400771"}],"wp:term":[{"taxonomy":"category","embeddable":true,"href":"https:\/\/www.diarioimagen.net\/index.php?rest_route=%2Fwp%2Fv2%2Fcategories&post=400771"},{"taxonomy":"post_tag","embeddable":true,"href":"https:\/\/www.diarioimagen.net\/index.php?rest_route=%2Fwp%2Fv2%2Ftags&post=400771"}],"curies":[{"name":"wp","href":"https:\/\/api.w.org\/{rel}","templated":true}]}}