{"id":400972,"date":"2018-10-29T00:11:31","date_gmt":"2018-10-29T06:11:31","guid":{"rendered":"https:\/\/www.diarioimagen.net\/?p=400972"},"modified":"2018-10-29T06:41:35","modified_gmt":"2018-10-29T12:41:35","slug":"caravana-gran-desafio-humanitario-para-mexico","status":"publish","type":"post","link":"https:\/\/www.diarioimagen.net\/?p=400972","title":{"rendered":"Caravana, gran desaf\u00edo humanitario para M\u00e9xico"},"content":{"rendered":"<ul>\n<li><em><strong>Afirma Arquidi\u00f3cesis de M\u00e9xico<\/strong><\/em><\/li>\n<li><em><strong>Voces advierten que atr\u00e1s de esto hay un intento por desestabilizar<\/strong><\/em><\/li>\n<\/ul>\n<p>&nbsp;<\/p>\n<div id=\"attachment_401035\" style=\"width: 470px\" class=\"wp-caption aligncenter\"><a href=\"https:\/\/www.diarioimagen.net\/?attachment_id=401035\" rel=\"attachment wp-att-401035\"><img loading=\"lazy\" decoding=\"async\" aria-describedby=\"caption-attachment-401035\" class=\"size-large wp-image-401035\" src=\"https:\/\/www.diarioimagen.net\/wp-content\/uploads\/2018\/10\/CARAVANA-3486-460x345.jpg\" alt=\"\" width=\"460\" height=\"345\" srcset=\"https:\/\/www.diarioimagen.net\/wp-content\/uploads\/2018\/10\/CARAVANA-3486-460x345.jpg 460w, https:\/\/www.diarioimagen.net\/wp-content\/uploads\/2018\/10\/CARAVANA-3486-240x180.jpg 240w, https:\/\/www.diarioimagen.net\/wp-content\/uploads\/2018\/10\/CARAVANA-3486.jpg 700w\" sizes=\"auto, (max-width: 460px) 100vw, 460px\" \/><\/a><p id=\"caption-attachment-401035\" class=\"wp-caption-text\">Para la Iglesia cat\u00f3lica, la migraci\u00f3n, no son n\u00fameros los que est\u00e1n juego, sino vidas humanas.<\/p><\/div>\n<p>&nbsp;<\/p>\n<p>La caravana migrante es un desaf\u00edo para M\u00e9xico y una oportunidad para apoyar a los centroamericanos, opin\u00f3 la Arquidi\u00f3cesis de M\u00e9xico, que pidi\u00f3 ver el \u00e9xodo m\u00e1s all\u00e1 de sospechas, indicios e implicaciones pol\u00edticas o legales.<\/p>\n<p>Se trata, anot\u00f3, de un grito de denuncia del \u201csilencioso e inhumano desplazamiento\u201d, como han dicho los obispos nacionales, quienes no han titubeado en movilizarse para brindar auxilio a los migrantes.<\/p>\n<p>En el editorial \u201cNuestro deber con los migrantes\u201d, publicado en <em>Desde la fe<\/em>, el \u00f3rgano oficial de difusi\u00f3n de la Iglesia cat\u00f3lica precis\u00f3 que fiel a su deber de acoger al forastero, insta a la comunidad a proteger a estas personas a su paso por nuestras tierras: \u201cEl infierno\u201d, como le llaman los centroamericanos.<\/p>\n<p>\u201cNo son pocas las voces que advierten que atr\u00e1s de este drama humano hay un intento por desestabilizar a M\u00e9xico y a Estados Unidos, o los que ven la mano estratega del propio presidente estadounidense Donald Trump, cuya popularidad ha comenzado a elevarse de manera sorprendente a ra\u00edz de su en\u00e9rgica postura\u201d.<\/p>\n<p>Ello, en el sentido de impedir que la caravana centroamericana logre llegar a la \u201ctierra prometida\u201d y cuyos resultados -dicen- se ver\u00e1n reflejados en las elecciones intermedias del mes de\u00a0 noviembre.<\/p>\n<p>Coment\u00f3 que para la Iglesia cat\u00f3lica, ning\u00fan ser humano es ilegal, y esta manifestaci\u00f3n leg\u00edtima de miles de personas que buscan su supervivencia o un m\u00ednimo de decoro en su estilo de vida, debe ir m\u00e1s all\u00e1.<\/p>\n<p>Si bien la Iglesia cat\u00f3lica no puede dejar de se\u00f1alar que la movilizaci\u00f3n humana, tanto en Am\u00e9rica Central como en M\u00e9xico, constituye s\u00f3lo la punta del iceberg del sufrimiento de millones de personas a causa de la pobreza, injusticia, violencia, corrupci\u00f3n y falta de oportunidades, no es momento de culpar a nadie.<\/p>\n<p>Se trata de generar pactos sociales que ofrezcan oportunidades permanentes para la realizaci\u00f3n personal de los migrantes y de sus familias.<\/p>\n<p>\u201cPor lo pronto, en estos momentos, para los mexicanos el mayor reto consiste en no ver en la caravana migrante una amenaza a nuestro bienestar, sino una oportunidad de servir cristianamente a quienes lo han dejado todo por alcanzar una vida m\u00e1s digna\u201d.<\/p>\n<p>Lo anterior, sin olvidar que, en la migraci\u00f3n, no son n\u00fameros los que est\u00e1n juego, sino vidas humanas, como lo recuerda constantemente el papa Francisco.<\/p>\n","protected":false},"excerpt":{"rendered":"<p>La caravana migrante es un desaf\u00edo para M\u00e9xico y una oportunidad para apoyar a los centroamericanos, opin\u00f3 la Arquidi\u00f3cesis de M\u00e9xico, que pidi\u00f3 ver el \u00e9xodo m\u00e1s all\u00e1 de sospechas, indicios e implicaciones pol\u00edticas o legales.<\/p>\n","protected":false},"author":3,"featured_media":401035,"comment_status":"open","ping_status":"open","sticky":false,"template":"","format":"standard","meta":{"_monsterinsights_skip_tracking":false,"_monsterinsights_sitenote_active":false,"_monsterinsights_sitenote_note":"","_monsterinsights_sitenote_category":0,"footnotes":""},"categories":[3],"tags":[69572,79560,79561,44,10383,43673],"class_list":["post-400972","post","type-post","status-publish","format-standard","has-post-thumbnail","hentry","category-nacional","tag-caravana","tag-desafio","tag-humanitario","tag-mexico","tag-migrantes","tag-nacional"],"_links":{"self":[{"href":"https:\/\/www.diarioimagen.net\/index.php?rest_route=\/wp\/v2\/posts\/400972","targetHints":{"allow":["GET"]}}],"collection":[{"href":"https:\/\/www.diarioimagen.net\/index.php?rest_route=\/wp\/v2\/posts"}],"about":[{"href":"https:\/\/www.diarioimagen.net\/index.php?rest_route=\/wp\/v2\/types\/post"}],"author":[{"embeddable":true,"href":"https:\/\/www.diarioimagen.net\/index.php?rest_route=\/wp\/v2\/users\/3"}],"replies":[{"embeddable":true,"href":"https:\/\/www.diarioimagen.net\/index.php?rest_route=%2Fwp%2Fv2%2Fcomments&post=400972"}],"version-history":[{"count":0,"href":"https:\/\/www.diarioimagen.net\/index.php?rest_route=\/wp\/v2\/posts\/400972\/revisions"}],"wp:featuredmedia":[{"embeddable":true,"href":"https:\/\/www.diarioimagen.net\/index.php?rest_route=\/wp\/v2\/media\/401035"}],"wp:attachment":[{"href":"https:\/\/www.diarioimagen.net\/index.php?rest_route=%2Fwp%2Fv2%2Fmedia&parent=400972"}],"wp:term":[{"taxonomy":"category","embeddable":true,"href":"https:\/\/www.diarioimagen.net\/index.php?rest_route=%2Fwp%2Fv2%2Fcategories&post=400972"},{"taxonomy":"post_tag","embeddable":true,"href":"https:\/\/www.diarioimagen.net\/index.php?rest_route=%2Fwp%2Fv2%2Ftags&post=400972"}],"curies":[{"name":"wp","href":"https:\/\/api.w.org\/{rel}","templated":true}]}}