{"id":400975,"date":"2018-10-29T00:10:50","date_gmt":"2018-10-29T06:10:50","guid":{"rendered":"https:\/\/www.diarioimagen.net\/?p=400975"},"modified":"2018-10-29T06:41:49","modified_gmt":"2018-10-29T12:41:49","slug":"signan-convenio-para-dar-atencion-a-migrantes","status":"publish","type":"post","link":"https:\/\/www.diarioimagen.net\/?p=400975","title":{"rendered":"Signan convenio para dar atenci\u00f3n a migrantes"},"content":{"rendered":"<ul>\n<li><strong><em>Llegar\u00edan en una semana a la CDMX<\/em><\/strong><\/li>\n<\/ul>\n<p>&nbsp;<\/p>\n<div id=\"attachment_401039\" style=\"width: 470px\" class=\"wp-caption aligncenter\"><a href=\"https:\/\/www.diarioimagen.net\/?attachment_id=401039\" rel=\"attachment wp-att-401039\"><img loading=\"lazy\" decoding=\"async\" aria-describedby=\"caption-attachment-401039\" class=\"size-large wp-image-401039\" src=\"https:\/\/www.diarioimagen.net\/wp-content\/uploads\/2018\/10\/convenio-3486-460x259.jpg\" alt=\"\" width=\"460\" height=\"259\" srcset=\"https:\/\/www.diarioimagen.net\/wp-content\/uploads\/2018\/10\/convenio-3486-460x259.jpg 460w, https:\/\/www.diarioimagen.net\/wp-content\/uploads\/2018\/10\/convenio-3486-240x135.jpg 240w, https:\/\/www.diarioimagen.net\/wp-content\/uploads\/2018\/10\/convenio-3486-235x132.jpg 235w, https:\/\/www.diarioimagen.net\/wp-content\/uploads\/2018\/10\/convenio-3486-202x114.jpg 202w, https:\/\/www.diarioimagen.net\/wp-content\/uploads\/2018\/10\/convenio-3486-350x196.jpg 350w, https:\/\/www.diarioimagen.net\/wp-content\/uploads\/2018\/10\/convenio-3486-220x123.jpg 220w, https:\/\/www.diarioimagen.net\/wp-content\/uploads\/2018\/10\/convenio-3486-237x132.jpg 237w, https:\/\/www.diarioimagen.net\/wp-content\/uploads\/2018\/10\/convenio-3486.jpg 480w\" sizes=\"auto, (max-width: 460px) 100vw, 460px\" \/><\/a><p id=\"caption-attachment-401039\" class=\"wp-caption-text\">Banderazo de la salida a m\u00e1s de 300 brigadistas que acompa\u00f1ar\u00e1n el \u00e9xodo centroamericano desde Oaxaca hasta la Ciudad de M\u00e9xico.<\/p><\/div>\n<p>&nbsp;<\/p>\n<p>A fin de establecer un puente humanitario de apoyo a los migrantes centroamericanos, el jefe de gobierno capitalino, Jos\u00e9 Ram\u00f3n Amieva; la jefa de gobierno electa de la Ciudad de M\u00e9xico, Claudia Shienbaum, y la ombudsperson local, Nashieli Ram\u00edrez Hern\u00e1ndez firmaron un convenio para atender a los extranjeros que vienen en la caravana.<\/p>\n<p>En este marco, dieron el banderazo de la salida a m\u00e1s de 300 brigadistas que acompa\u00f1ar\u00e1n el \u00e9xodo centroamericano desde Oaxaca hasta la Ciudad de M\u00e9xico, as\u00ed como 47 unidades m\u00f3viles que ofrecer\u00e1n atenci\u00f3n de salud y alimentaci\u00f3n a los migrantes hondure\u00f1os.<\/p>\n<p>La presidenta de la Comisi\u00f3n de Derechos Humanos capitalina, Ram\u00edrez Hern\u00e1ndez, sostuvo que se trata una situaci\u00f3n sin precedentes, y la capital del pa\u00eds y M\u00e9xico deben ser solidarios y atender lo que calific\u00f3 como una crisis humanitaria.<\/p>\n<p>El gobierno de la Ciudad de M\u00e9xico alista cuatro o cinco posibles albergues para la caravana migrante que ayer lleg\u00f3 Oaxaca y que podr\u00eda arribar a la capital del pa\u00eds entre el 2 y 3 de noviembre. Las fechas en las que se prev\u00e9 que lleguen los migrantes coinciden con los d\u00edas que los capitalinos padecer\u00e1n el corte de agua por el mantenimiento al Cutzamala.<\/p>\n<p>Aunque el jefe de gobierno capitalino no detall\u00f3 d\u00f3nde estar\u00edan estos albergues, adelant\u00f3 que podr\u00edan ser los que tienen iglesias, as\u00ed como algunos del gobierno capitalino de organizaciones civiles.<\/p>\n<p>Seguimos buscando los espacios, que sean por lo menos cuatro o cinco espacios que funcionen como albergue, no va a haber campamento, nosotros queremos que nuestros sitios de pernocta cumplan con las condiciones de servicios equiparables a un albergue\u201d, especific\u00f3 el jefe de gobierno.<\/p>\n<p>A\u00f1adi\u00f3 que desde ayer empezar\u00e1 a operar un centro de acopio afuera del edificio del gobierno capitalino, a fin de reunir v\u00edveres para los migrantes en tr\u00e1nsito a Estados Unidos, a quienes tratar\u00e1n de garantizarles lugares para pernoctar, alimentaci\u00f3n, abrigo y atenci\u00f3n sanitaria.<\/p>\n<p>Sobre las alusiones de que en esta caravana podr\u00edan venir infiltrados grupos delictivos de Centroam\u00e9rica, Amieva asever\u00f3 que no comparte esa descalificaci\u00f3n.<\/p>\n<p>Para m\u00ed el que alguien refiera que pueden venir personas que son criminales dentro de la caravana es una descalificaci\u00f3n a la intenci\u00f3n que tienen los migrantes como sus familias de tener una mejor vida\u201d, a\u00f1adi\u00f3 Jos\u00e9 Ram\u00f3n Amieva.<\/p>\n","protected":false},"excerpt":{"rendered":"<p>A fin de establecer un puente humanitario de apoyo a los migrantes centroamericanos, el jefe de gobierno capitalino, Jos\u00e9 Ram\u00f3n Amieva; la jefa de gobierno electa de la Ciudad de M\u00e9xico, Claudia Shienbaum, y la ombudsperson local, Nashieli Ram\u00edrez Hern\u00e1ndez firmaron un convenio para atender a los extranjeros que vienen en la caravana.<\/p>\n","protected":false},"author":3,"featured_media":401039,"comment_status":"open","ping_status":"open","sticky":false,"template":"","format":"standard","meta":{"_monsterinsights_skip_tracking":false,"_monsterinsights_sitenote_active":false,"_monsterinsights_sitenote_note":"","_monsterinsights_sitenote_category":0,"footnotes":""},"categories":[3],"tags":[45429,204,10383],"class_list":["post-400975","post","type-post","status-publish","format-standard","has-post-thumbnail","hentry","category-nacional","tag-atencion","tag-ciudad-de-mexico","tag-migrantes"],"_links":{"self":[{"href":"https:\/\/www.diarioimagen.net\/index.php?rest_route=\/wp\/v2\/posts\/400975","targetHints":{"allow":["GET"]}}],"collection":[{"href":"https:\/\/www.diarioimagen.net\/index.php?rest_route=\/wp\/v2\/posts"}],"about":[{"href":"https:\/\/www.diarioimagen.net\/index.php?rest_route=\/wp\/v2\/types\/post"}],"author":[{"embeddable":true,"href":"https:\/\/www.diarioimagen.net\/index.php?rest_route=\/wp\/v2\/users\/3"}],"replies":[{"embeddable":true,"href":"https:\/\/www.diarioimagen.net\/index.php?rest_route=%2Fwp%2Fv2%2Fcomments&post=400975"}],"version-history":[{"count":0,"href":"https:\/\/www.diarioimagen.net\/index.php?rest_route=\/wp\/v2\/posts\/400975\/revisions"}],"wp:featuredmedia":[{"embeddable":true,"href":"https:\/\/www.diarioimagen.net\/index.php?rest_route=\/wp\/v2\/media\/401039"}],"wp:attachment":[{"href":"https:\/\/www.diarioimagen.net\/index.php?rest_route=%2Fwp%2Fv2%2Fmedia&parent=400975"}],"wp:term":[{"taxonomy":"category","embeddable":true,"href":"https:\/\/www.diarioimagen.net\/index.php?rest_route=%2Fwp%2Fv2%2Fcategories&post=400975"},{"taxonomy":"post_tag","embeddable":true,"href":"https:\/\/www.diarioimagen.net\/index.php?rest_route=%2Fwp%2Fv2%2Ftags&post=400975"}],"curies":[{"name":"wp","href":"https:\/\/api.w.org\/{rel}","templated":true}]}}