{"id":400999,"date":"2018-10-29T00:01:48","date_gmt":"2018-10-29T06:01:48","guid":{"rendered":"https:\/\/www.diarioimagen.net\/?p=400999"},"modified":"2018-10-29T08:36:18","modified_gmt":"2018-10-29T14:36:18","slug":"mercado-gourmet-parques-polanco-llenara-tus-sentidos-con-las-exquisitas-experiencias-culinarias-que-ofrecen-los-15-restaurantes-que-alberga","status":"publish","type":"post","link":"https:\/\/www.diarioimagen.net\/?p=400999","title":{"rendered":"Mercado Gourmet Parques Polanco llenar\u00e1 tus sentidos con las exquisitas experiencias culinarias que ofrecen los 15 restaurantes que alberga"},"content":{"rendered":"<h2>De cinco estrellas<\/h2>\n<h5>Victoria Gonz\u00e1lez Prado<\/h5>\n<p><strong>\u00a0<\/strong><\/p>\n<ul>\n<li><em><strong>Aquism\u00f3n, SLP, un nuevo Pueblo M\u00e1gico en la regi\u00f3n de la Huasteca, que brinda interesantes lugares<\/strong><\/em><\/li>\n<li><strong>PriceTravel Holding<\/strong><em><strong> se une a la celebraci\u00f3n de la XXIV edici\u00f3n de la Fiesta Amigos de Mazatl\u00e1n, evento tur\u00edstico, cultural y gastron\u00f3mico<\/strong><\/em><\/li>\n<\/ul>\n<p>&nbsp;<\/p>\n<div id=\"attachment_401066\" style=\"width: 470px\" class=\"wp-caption aligncenter\"><a href=\"https:\/\/www.diarioimagen.net\/?attachment_id=401066\" rel=\"attachment wp-att-401066\"><img loading=\"lazy\" decoding=\"async\" aria-describedby=\"caption-attachment-401066\" class=\"size-large wp-image-401066\" src=\"https:\/\/www.diarioimagen.net\/wp-content\/uploads\/2018\/10\/turismo-3486-460x259.jpg\" alt=\"\" width=\"460\" height=\"259\" srcset=\"https:\/\/www.diarioimagen.net\/wp-content\/uploads\/2018\/10\/turismo-3486-460x259.jpg 460w, https:\/\/www.diarioimagen.net\/wp-content\/uploads\/2018\/10\/turismo-3486-240x135.jpg 240w, https:\/\/www.diarioimagen.net\/wp-content\/uploads\/2018\/10\/turismo-3486-235x132.jpg 235w, https:\/\/www.diarioimagen.net\/wp-content\/uploads\/2018\/10\/turismo-3486-202x114.jpg 202w, https:\/\/www.diarioimagen.net\/wp-content\/uploads\/2018\/10\/turismo-3486-350x196.jpg 350w, https:\/\/www.diarioimagen.net\/wp-content\/uploads\/2018\/10\/turismo-3486-220x123.jpg 220w, https:\/\/www.diarioimagen.net\/wp-content\/uploads\/2018\/10\/turismo-3486-237x132.jpg 237w, https:\/\/www.diarioimagen.net\/wp-content\/uploads\/2018\/10\/turismo-3486.jpg 480w\" sizes=\"auto, (max-width: 460px) 100vw, 460px\" \/><\/a><p id=\"caption-attachment-401066\" class=\"wp-caption-text\">Jorge Pigeon y Daniel Askenazi.<\/p><\/div>\n<p>&nbsp;<\/p>\n<p>Hace unos d\u00edas fue inaugurado el Mercado Gourmet Parques Polanco que ofrecer\u00e1 propuestas novedosas con soluciones y tecnolog\u00eda que convierten en experiencia para quienes acuden.<\/p>\n<p>Com una tarjeta individual, los visitantes pueden moverse libremente en el marcado y elegir los platillos que van a degustar entre los 15 restaurantes un bar y tres kioscos de postres y al salir hacer el pago.<\/p>\n<p>El Mercado Gourmet Parques Polanco, ofrece vivir experiencia en las distintas estaciones a lo largo de un pasillo donde encuentras mesas y bancos para degustar tu selecci\u00f3n de platillos en este espacio de dise\u00f1o elegante y al mismo tiempo c\u00f3modo.<\/p>\n<p>Para dar a conocer la apertura -el director general y presidente del Consejo de HAP&amp;D, <strong>Daniel Askenazi<\/strong> y el vicepresidente de Mercados de Capital y Relaci\u00f3n con Inversionistas de Fibra Uno, <strong>Jorge Pigeon<\/strong>-, ofrecieron conferencia de prensa en la que <strong>Askenazi<\/strong>, al hacer uso de la palabfa dijo: \u201ceste concepto atraer\u00e1 al comensal, ya que buscamos invertir en tecnolog\u00eda y ofrecer una mejor experiencia al visitante, adem\u00e1s somos el segundo restaurante con este tipo de kioscos en M\u00e9xico, y queremos replicar este concepto con tecnolog\u00eda ya que los mercados de todo el mundo demandan espacios para relajarse y encontrar la mejor variedad culinaria\u201d.<\/p>\n<p>La din\u00e1mica es que el visitante al caminar a lo largo del pasillo principal se encuentre con diversos kiocos en los que habr\u00e1 un lector en el que colocas tu tarjeta y aparece el men\u00fa de cada concepto con fotograf\u00edas y es en ese momento cuando haces tu orden, se\u00f1alas la mesa en la que estar\u00e1s y ah\u00ed llegar\u00e0n los platillos seleccionados.<\/p>\n<p>Por su parte <strong>Jorge Pigeon<\/strong>, indic\u00f3: \u201cseguiremos apostando por lo \u00faltimo en tecnolog\u00eda y experiencia culinaria en los centros. Reforzamos la marca al\u00a0\u00a0 innovar en todas sus l\u00edneas y lo hace de la mano de grupo HAP&amp;D que aporta <em>su know-how<\/em> recargado y mejorado en este nuevo espacio, y que nace de Vapiano, su principal marca que ya ha sido probado desde que abri\u00f3 el primer restaurante en Hamburgo, Alemania en el 2002, y que al d\u00eda de hoy tiene seis unidades en M\u00e9xico y globalmente presencia con 150 restaurantes ubicadas en cinco continentes con su marca emblema.<\/p>\n<p>Al respecto <strong>Askenazi<\/strong>, se\u00f1al\u00f3 \u201cla exclusividad la tenemos con Fibra tiene propiedades incre\u00edbles para repetir este concepto de mercado gourmet y seguir\u00e1n expandi\u00e9ndose ya que tienen mucho retos comerciales en toda la Rep\u00fablica Mexicana y est\u00e1n abiertos a m\u00e1s opciones\u201d.<\/p>\n<p>\u2730\u2730\u2730\u2730\u2730 Otro de los Pueblos M\u00e1gicos que se unen a las 111 ya existentes es\u00a0 Aquism\u00f3n, San Luis Potos\u00ed, que durante la Feria Nacional de los Pueblos M\u00e1gicos, en Morelia, Michoac\u00e1n recibi\u00f3 la distinci\u00f3n del secretario de Turismo federal, <strong>Enrique de la Madrid.<\/strong><\/p>\n<p>Se ubica en la regi\u00f3n huasteca, de la que es uno de sus principales municipios,\u00a0\u00a0\u00a0 la extensi\u00f3n territorial total del municipio es de 785.91 kil\u00f3metros cuadrados que equivalen 1.30 por ciento de la extensi\u00f3n total del estado de San Luis Potos\u00ed.\u00a0 Destaca el Templo de San Miguel Arc\u00e1ngel en el poblado de Tamapatz. Hay una\u00a0 estatua dedicada a la Madre Huasteca en la plaza situada en el centro de la cabecera municipal.<\/p>\n<p>Tambi\u00e9n la Cascada de Tam\u00fal, la m\u00e1s alta del estado, con 105 metros de altura. La Ci\u00e9nega de Tanchach\u00edn, en la que se puede navegar en bote y ofrece buenos lugares para la caza y\u00a0 pesca. Adem\u00e1s cuenta con fauna abundante.<\/p>\n<p>El S\u00f3tano de las Golondrinas, con aproximadamente 300 metros de profundidad, en su interior se encuentra un t\u00fanel cuyo recorrido m\u00e1ximo ha sido de 4 kil\u00f3metros. Ocupa el tercer lugar entre todos los que existen en el mundo; \u00e9ste dato es de gran inter\u00e9s para\u00a0San Luis Potos\u00ed y para la espeleolog\u00eda mundial.<\/p>\n<p>Tambi\u00e9n puedes visitar el s\u00f3tano de las Caguamas, la cascada La Lloviznosa, el\u00a0\u00a0 Tanute, la ex Hacienda de Tanchach\u00edn, el r\u00edo Puente de Dios, la Garita, cuevas de Mantetzulel., escaleras Paso Alto y Tambaque.<\/p>\n<p>De su cocina destacan las enchiladas huastecas, zacahuil y bocoles de res. Para beber el vino de jobo \u2013ciruela y capul\u00edn-, que es delicioso.<\/p>\n<p>\u2730\u2730\u2730\u2730\u2730 <em>PriceTravel Holding<\/em> se une a la celebraci\u00f3n de la XXIV edici\u00f3n de la Fiesta Amigos de Mazatl\u00e1n, evento tur\u00edstico, cultural y gastron\u00f3mico, donde la industria tur\u00edstica mazatleca dar\u00e1 la bienvenida a los m\u00e1s importantes operadores, mayoristas, l\u00edneas \u00e1reas y agentes de viajes, nacionales e internacionales, quienes durante cuatro d\u00edas realizar\u00e1n una serie de actividades y reuniones de negocios con el fin de promocionar el destino.<\/p>\n<p>En esta ocasi\u00f3n, la fiesta tur\u00edstica espera una asistencia de m\u00e1s de 300 operadores tur\u00edsticos, mayoristas y medios de comunicaci\u00f3n; el objetivo del evento estar\u00e1 enfocado al tema de negocios como lo especific\u00f3 <strong>Julio Birrueta<\/strong>, director de mercadotecnia de la Asociaci\u00f3n de Hoteles y Empresas Tur\u00edsticas de Mazatl\u00e1n.<\/p>\n<p>Este evento se presenta como una oportunidad para fortalecer el sector tur\u00edstico en Mazatl\u00e1n y <em>PriceTravel Holding<\/em>, la agencia de viajes en l\u00ednea, se\u00f1al\u00f3 que durante el per\u00edodo de enero a septiembre, sus ventas totales hacia el destino han tenido un crecimiento del 40 por ciento respecto al a\u00f1o anterior.<\/p>\n<p>De igual manera, la compa\u00f1\u00eda ha reportado que la venta de cuartos noche ha incrementado en un 45 por ciento respecto al mismo periodo, esto sin duda gracias a las hermosas playas, espacios culturales y la oferta gastron\u00f3mica y hotelera del destino.<\/p>\n<p>En el marco del evento, la empresa llevar\u00e1 a cabo un seminario dirigido a hoteleros el d\u00eda de hoy 29 de octubre en las instalaciones del Luna Palace Hotel &amp; Suites, en el que se abordar\u00e1n temas como \u201cPr\u00e1cticas de mejora en estructuras tarifarias\u201d y \u201cNovedades de extranet\u201d, lo cual ser\u00e1 de mucho beneficio para los hoteles participantes.<\/p>\n<p><strong>Pablo Castro<\/strong>, director de Marketing y Relaci\u00f3n con Proveedores de la <em>online <\/em>dijo: \u201ces muy importante estar presentes en este\u00a0evento, pues nos permite tener mayor acercamiento con las bondades que ofrece este destino, as\u00ed como crear lazos para continuar promoviendo a Mazatl\u00e1n como uno de los principales destinos tur\u00edsticos del pa\u00eds\u201d, coment\u00f3<\/p>\n<p>Con estas acciones la agencia de viajes en l\u00ednea refuerza su presencia en el mercado e incentiva el desarrollo de la actividad hotelera de nuestro pa\u00eds, la cual es fundamental para el incremento de la derrama econ\u00f3mica en M\u00e9xico.<\/p>\n<p>No olvidemos que \u201cEl \u00e1ngel de la fama tiene sus alas hechas de papel&#8230; peri\u00f3dico\u201d.<\/p>\n<p><em><a href=\"mailto:victoriagprado@gmail.com\" target=\"_blank\" rel=\"noopener\">victoriagprado@gmail.com<\/a><\/em><br \/>\n<em> Twitter: <a href=\"https:\/\/twitter.com\/victoriagprado\" target=\"_blank\" rel=\"noopener\">@victoriagprado<\/a><\/em><\/p>\n","protected":false},"excerpt":{"rendered":"<p>Hace unos d\u00edas fue inaugurado el Mercado Gourmet Parques Polanco que ofrecer\u00e1 propuestas novedosas con soluciones y tecnolog\u00eda que convierten en experiencia para quienes acuden.<\/p>\n","protected":false},"author":3,"featured_media":401066,"comment_status":"open","ping_status":"open","sticky":false,"template":"","format":"standard","meta":{"_monsterinsights_skip_tracking":false,"_monsterinsights_sitenote_active":false,"_monsterinsights_sitenote_note":"","_monsterinsights_sitenote_category":0,"footnotes":""},"categories":[11],"tags":[107,43674,43681,106],"class_list":["post-400999","post","type-post","status-publish","format-standard","has-post-thumbnail","hentry","category-turismo","tag-de-cinco-estrellas","tag-opinion","tag-turismo","tag-victoria-gonzalez-prado"],"_links":{"self":[{"href":"https:\/\/www.diarioimagen.net\/index.php?rest_route=\/wp\/v2\/posts\/400999","targetHints":{"allow":["GET"]}}],"collection":[{"href":"https:\/\/www.diarioimagen.net\/index.php?rest_route=\/wp\/v2\/posts"}],"about":[{"href":"https:\/\/www.diarioimagen.net\/index.php?rest_route=\/wp\/v2\/types\/post"}],"author":[{"embeddable":true,"href":"https:\/\/www.diarioimagen.net\/index.php?rest_route=\/wp\/v2\/users\/3"}],"replies":[{"embeddable":true,"href":"https:\/\/www.diarioimagen.net\/index.php?rest_route=%2Fwp%2Fv2%2Fcomments&post=400999"}],"version-history":[{"count":0,"href":"https:\/\/www.diarioimagen.net\/index.php?rest_route=\/wp\/v2\/posts\/400999\/revisions"}],"wp:featuredmedia":[{"embeddable":true,"href":"https:\/\/www.diarioimagen.net\/index.php?rest_route=\/wp\/v2\/media\/401066"}],"wp:attachment":[{"href":"https:\/\/www.diarioimagen.net\/index.php?rest_route=%2Fwp%2Fv2%2Fmedia&parent=400999"}],"wp:term":[{"taxonomy":"category","embeddable":true,"href":"https:\/\/www.diarioimagen.net\/index.php?rest_route=%2Fwp%2Fv2%2Fcategories&post=400999"},{"taxonomy":"post_tag","embeddable":true,"href":"https:\/\/www.diarioimagen.net\/index.php?rest_route=%2Fwp%2Fv2%2Ftags&post=400999"}],"curies":[{"name":"wp","href":"https:\/\/api.w.org\/{rel}","templated":true}]}}