{"id":401084,"date":"2018-10-30T00:07:12","date_gmt":"2018-10-30T06:07:12","guid":{"rendered":"https:\/\/www.diarioimagen.net\/?p=401084"},"modified":"2018-10-30T00:15:48","modified_gmt":"2018-10-30T06:15:48","slug":"cancelar-construccion-de-naicm-grave-mensaje-de-incertidumbre-cce","status":"publish","type":"post","link":"https:\/\/www.diarioimagen.net\/?p=401084","title":{"rendered":"Cancelar construcci\u00f3n de NAICM, grave mensaje de incertidumbre: CCE"},"content":{"rendered":"<ul>\n<li><em><strong>Rechazo al m\u00e9todo utilizado para tomar decisi\u00f3n<\/strong><\/em><\/li>\n<\/ul>\n<p>&nbsp;<\/p>\n<div id=\"attachment_401085\" style=\"width: 470px\" class=\"wp-caption aligncenter\"><img loading=\"lazy\" decoding=\"async\" aria-describedby=\"caption-attachment-401085\" class=\"size-large wp-image-401085\" src=\"https:\/\/www.diarioimagen.net\/wp-content\/uploads\/2018\/10\/CCE30ok-portal-460x268.jpg\" alt=\"\" width=\"460\" height=\"268\" srcset=\"https:\/\/www.diarioimagen.net\/wp-content\/uploads\/2018\/10\/CCE30ok-portal-460x268.jpg 460w, https:\/\/www.diarioimagen.net\/wp-content\/uploads\/2018\/10\/CCE30ok-portal-240x140.jpg 240w, https:\/\/www.diarioimagen.net\/wp-content\/uploads\/2018\/10\/CCE30ok-portal.jpg 480w\" sizes=\"auto, (max-width: 460px) 100vw, 460px\" \/><p id=\"caption-attachment-401085\" class=\"wp-caption-text\">Juan Pablo Casta\u00f1\u00f3n, l\u00edder del CCE, rechaz\u00f3 a la decisi\u00f3n de cancelar la obra del Nuevo Aeropuerto Internacional de M\u00e9xico en Texcoco.<\/p><\/div>\n<p>&nbsp;<\/p>\n<p>El presidente del Consejo Coordinador Empresarial (CCE), Juan Pablo Casta\u00f1\u00f3n, indic\u00f3 que los empresarios expresan su rechazo a la decisi\u00f3n de cancelar la obra del Nuevo Aeropuerto Internacional de M\u00e9xico (NAICM) en Texcoco, as\u00ed como al m\u00e9todo utilizado parta tomarla.<\/p>\n<p>En conferencia se\u00f1al\u00f3 que la decisi\u00f3n del presidente electo, Andr\u00e9s Manuel L\u00f3pez Obrador, de cancelar la obra e iniciar los estudios para construir dos pistas en la actual Base a\u00e9rea de Santa Lucia, env\u00eda un mensaje grave de incertidumbre a mercados internacionales, inversionistas y ciudadanos.<\/p>\n<p>Ello, al incumplir compromisos del Estado mexicano y quebrar el marco jur\u00eddico vigente, toda vez que se ha mantenido una consulta ciudadana organizada por fuera del marco legal y sin garant\u00edas de imparcialidad, neutralidad, y representatividad.<\/p>\n<p>Lo cual, a\u00f1adi\u00f3 el representante del sector empresarial en el pa\u00eds, no puede ser fundamento para revertir una decisi\u00f3n de Estado, ya que representa un alto grado de complejidad t\u00e9cnica, misma que ya hab\u00eda sido estudiada durante m\u00e1s de 20 a\u00f1os.<\/p>\n","protected":false},"excerpt":{"rendered":"<p>El presidente del Consejo Coordinador Empresarial (CCE), Juan Pablo Casta\u00f1\u00f3n, indic\u00f3 que los empresarios expresan su rechazo a la decisi\u00f3n de cancelar la obra del Nuevo Aeropuerto Internacional de M\u00e9xico (NAICM) en Texcoco, as\u00ed como al m\u00e9todo utilizado parta tomarla.<\/p>\n","protected":false},"author":5,"featured_media":401085,"comment_status":"open","ping_status":"open","sticky":false,"template":"","format":"standard","meta":{"_monsterinsights_skip_tracking":false,"_monsterinsights_sitenote_active":false,"_monsterinsights_sitenote_note":"","_monsterinsights_sitenote_category":0,"footnotes":""},"categories":[8],"tags":[79573,4327,43678,28280,38662],"class_list":["post-401084","post","type-post","status-publish","format-standard","has-post-thumbnail","hentry","category-finanzas","tag-cancelar-construccion","tag-cce","tag-finanzas","tag-juan-pablo-castanon","tag-naicm"],"_links":{"self":[{"href":"https:\/\/www.diarioimagen.net\/index.php?rest_route=\/wp\/v2\/posts\/401084","targetHints":{"allow":["GET"]}}],"collection":[{"href":"https:\/\/www.diarioimagen.net\/index.php?rest_route=\/wp\/v2\/posts"}],"about":[{"href":"https:\/\/www.diarioimagen.net\/index.php?rest_route=\/wp\/v2\/types\/post"}],"author":[{"embeddable":true,"href":"https:\/\/www.diarioimagen.net\/index.php?rest_route=\/wp\/v2\/users\/5"}],"replies":[{"embeddable":true,"href":"https:\/\/www.diarioimagen.net\/index.php?rest_route=%2Fwp%2Fv2%2Fcomments&post=401084"}],"version-history":[{"count":0,"href":"https:\/\/www.diarioimagen.net\/index.php?rest_route=\/wp\/v2\/posts\/401084\/revisions"}],"wp:featuredmedia":[{"embeddable":true,"href":"https:\/\/www.diarioimagen.net\/index.php?rest_route=\/wp\/v2\/media\/401085"}],"wp:attachment":[{"href":"https:\/\/www.diarioimagen.net\/index.php?rest_route=%2Fwp%2Fv2%2Fmedia&parent=401084"}],"wp:term":[{"taxonomy":"category","embeddable":true,"href":"https:\/\/www.diarioimagen.net\/index.php?rest_route=%2Fwp%2Fv2%2Fcategories&post=401084"},{"taxonomy":"post_tag","embeddable":true,"href":"https:\/\/www.diarioimagen.net\/index.php?rest_route=%2Fwp%2Fv2%2Ftags&post=401084"}],"curies":[{"name":"wp","href":"https:\/\/api.w.org\/{rel}","templated":true}]}}