{"id":401332,"date":"2018-10-31T00:09:13","date_gmt":"2018-10-31T06:09:13","guid":{"rendered":"https:\/\/www.diarioimagen.net\/?p=401332"},"modified":"2018-10-31T23:13:05","modified_gmt":"2018-11-01T05:13:05","slug":"inicia-corte-de-agua-en-13-alcaldias-de-cdmx-y-13-municipios-del-edomex","status":"publish","type":"post","link":"https:\/\/www.diarioimagen.net\/?p=401332","title":{"rendered":"Inicia corte de agua en 13 alcald\u00edas de CDMX y 13 municipios del Edomex"},"content":{"rendered":"<ul>\n<li><em><strong>Afectar\u00e1 a casi 8 millones de personas<\/strong><\/em><\/li>\n<li><em><strong>Las pipas particulares de agua cuestan entre mil 600 y 6 mil 200 pesos<\/strong><\/em><\/li>\n<\/ul>\n<h6>Jos\u00e9 Luis Monta\u00f1ez<\/h6>\n<p>&nbsp;<\/p>\n<div id=\"attachment_401378\" style=\"width: 470px\" class=\"wp-caption aligncenter\"><a href=\"https:\/\/www.diarioimagen.net\/?attachment_id=401378\" rel=\"attachment wp-att-401378\"><img loading=\"lazy\" decoding=\"async\" aria-describedby=\"caption-attachment-401378\" class=\"size-large wp-image-401378\" src=\"https:\/\/www.diarioimagen.net\/wp-content\/uploads\/2018\/10\/corte-3488-460x259.jpg\" alt=\"\" width=\"460\" height=\"259\" srcset=\"https:\/\/www.diarioimagen.net\/wp-content\/uploads\/2018\/10\/corte-3488-460x259.jpg 460w, https:\/\/www.diarioimagen.net\/wp-content\/uploads\/2018\/10\/corte-3488-240x135.jpg 240w, https:\/\/www.diarioimagen.net\/wp-content\/uploads\/2018\/10\/corte-3488-235x132.jpg 235w, https:\/\/www.diarioimagen.net\/wp-content\/uploads\/2018\/10\/corte-3488-202x114.jpg 202w, https:\/\/www.diarioimagen.net\/wp-content\/uploads\/2018\/10\/corte-3488-350x196.jpg 350w, https:\/\/www.diarioimagen.net\/wp-content\/uploads\/2018\/10\/corte-3488-220x123.jpg 220w, https:\/\/www.diarioimagen.net\/wp-content\/uploads\/2018\/10\/corte-3488-237x132.jpg 237w, https:\/\/www.diarioimagen.net\/wp-content\/uploads\/2018\/10\/corte-3488.jpg 480w\" sizes=\"auto, (max-width: 460px) 100vw, 460px\" \/><\/a><p id=\"caption-attachment-401378\" class=\"wp-caption-text\">Instalar\u00e1n 5 mil tinacos en espacios p\u00fablicos de la Ciudad de M\u00e9xico con el prop\u00f3sito de abastecer de agua a los capitalinos durante los d\u00edas de escasez por obras del Sistema Cutzamala.<\/p><\/div>\n<p>&nbsp;<\/p>\n<p>Ante el corte de agua de cuatro d\u00edas que inici\u00f3 hoy y que afectar\u00e1 a casi 8 millones de personas en la Ciudad de M\u00e9xico y en el Estado de M\u00e9xico, el jefe de gobierno capitalino, Jos\u00e9 Ram\u00f3n Amieva, inform\u00f3 que se instalar\u00e1n 5 mil tinacos en espacios p\u00fablicos con el prop\u00f3sito de abastecer de agua a los habitantes durante los d\u00edas de escasez por las obras mayores del Sistema Cutzamala.<\/p>\n<p>Estos tinacos tendr\u00e1n una capacidad de mil 500 litros.<\/p>\n<p>El mandatario local detall\u00f3 que se han instalado m\u00e1s del 50 por ciento en las 13 demarcaciones que se ver\u00e1n afectadas, y precis\u00f3 que se podr\u00e1 conocer la ubicaci\u00f3n de los mismos a trav\u00e9s de Locatel o en la p\u00e1gina del Sistema de Agua de la Ciudad de M\u00e9xico (Sacmex).<\/p>\n<p>\u201cQue esos tinacos se puedan poner en espacios p\u00fablicos que puedan ser abastecidos por las pipas y de ah\u00ed las personas puedan surtirse de agua. Porque si no obviamente ser\u00edan insuficientes para abarcar tanto las viviendas unifamiliares como multifamiliares\u201d.<\/p>\n<p>Insisti\u00f3 en que de manera gratuita, los capitalinos podr\u00e1n contar con mil 100 pipas y las cuales, dijo, tienen un \u201cgrado de sanitizaci\u00f3n suficiente\u201d para el consumo.<\/p>\n<p>\u201cConfiamos en que nuestro sistema de mil 100 pipas, por aproximadamente 3 o 4 viajes diarios sea suficiente m\u00e1s las otras medidas que hemos se\u00f1alado\u201d, manifest\u00f3.<\/p>\n<p>Se\u00f1al\u00f3 que por el momento no hay focos rojos por secuestro de pipas, aunque advirti\u00f3 que continuar\u00e1n trabajando coordinadamente con todas las dependencias capitalinas.<\/p>\n<p>El precio de estos tinacos en el mercado oscila entre los 3 mil y 4 mil pesos.<\/p>\n<p style=\"text-align: center;\"><strong>De los mil 600 a los 6 mil 200, pipas particulares de agua<\/strong><\/p>\n<p>Las empresas privadas de pipas desconocen si podr\u00e1n dar servicio a toda persona que lo solicite, durante el corte de agua que afectar\u00e1 al Valle de M\u00e9xico a partir del 31 de octubre y hasta el 8 de noviembre, cuando podr\u00eda quedar restablecido el servicio de manera total.<\/p>\n<p>En entrevista se pudo constatar que la mayor parte de las empresas que brindan este servicio indican desconocer si contar\u00e1n con el abasto suficiente para cubrir la demanda.<\/p>\n<p>Una de ellas que dice poseer \u201cvarios a\u00f1os en el mercado\u201d y brindar su servicio a hospitales, hoteles, restaurantes, f\u00e1bricas \u201cy en general a todo aquel que lo requiera\u201d, se\u00f1ala que ser\u00e1 necesario llamar lo m\u00e1s cercano al corte o durante el mismo para responder o no la petici\u00f3n.<\/p>\n<p>\u201cLe pedir\u00eda que me regalara una llamadita el d\u00eda 30 (de octubre) por la noche o el 31 o primero (de noviembre) en la ma\u00f1ana para ver m\u00e1s o menos c\u00f3mo est\u00e1 la agenda y ya le dar\u00eda una respuesta\u201d, indic\u00f3 Javier, uno de los trabajadores que responden los tel\u00e9fonos de la empresa.<\/p>\n<p>Las respuestas fueron similares en docenas de microempresas que se anuncian por internet, como una que lleva por nombre el apellido del fundador.<\/p>\n<p>\u201cVamos a trabajar todos, pero no sabemos si podremos surtir a toda la demanda que tenemos\u201d, confes\u00f3 un trabajador en el servicio de \u201cchat en l\u00ednea\u201d. En la mayor\u00eda de los sitios que no muestran sus precios de manera abierta, sino hasta que se hace una cotizaci\u00f3n de forma directa, mostraron manejar rangos similares.<\/p>\n<p>En promedio, los costos de las pipas oscilan hasta mil 600 pesos por una de cinco mil litros; hasta 2 mil pesos por la de 10 mil litros; hasta 2 mil 800 pesos por la de 20 mil litros; y 6 mil 200 por la de 44 mil litros. El corte de agua que afectar\u00e1 a 13 alcald\u00edas en la Ciudad de M\u00e9xico y a\u00a0 13 municipios en el Estado de M\u00e9xico se deber\u00e1 a que la Comisi\u00f3n Nacional del Agua realizar\u00e1 mantenimiento al Sistema Cutzamala.<\/p>\n<p>La suspensi\u00f3n ser\u00e1 del 31 de octubre al 3 de noviembre, sin embargo, el restablecimiento total se dar\u00e1 entre el 6 y 8 de noviembre, debido a que ser\u00e1 paulatino y comenzar\u00e1 en las zonas m\u00e1s cercanas al cauce de distribuci\u00f3n del sistema.<\/p>\n<p>En el Estado de M\u00e9xico los municipios afectados ser\u00e1n Toluca, Nicol\u00e1s Romero, Atizap\u00e1n de Zaragoza, Huixquilucan, Cuautitl\u00e1n Izcalli, Cuautitl\u00e1n, Ecatepec, Naucalpan, Tlalnepantla, Tultitl\u00e1n, Coacalco, Nezahualc\u00f3yotl y Tec\u00e1mac.<\/p>\n<p>En la capital del pa\u00eds habr\u00e1 corte total en las alcald\u00edas Miguel Hidalgo y Cuauht\u00e9moc; de manera parcial en \u00c1lvaro Obreg\u00f3n, Azcapotzalco, Cuajimalpa, Benito Ju\u00e1rez, Coyoac\u00e1n, Iztacalco, Iztapalapa, La Magdalena Contreras, Tlalpan, Tl\u00e1huac y Venustiano Carranza.<\/p>\n<p>El gobierno de la Ciudad de M\u00e9xico asegur\u00f3 que contar\u00e1 con un servicio de 930 pipas propias y rentadas con capacidad de entre 10 mil y 40 mil litros, las cuales realizar\u00e1n hasta cuatro viajes por d\u00eda.<\/p>\n<p>Las pipas pertenecer\u00e1n al Sistema de Aguas (SACMEX), Conagua, Secretar\u00eda de Desarrollo Social (Sedeso), Heroico Cuerpo de Bomberos, Sistema para el Desarrollo Integral de la Familia (DIF) y alcald\u00edas.<\/p>\n<p>La poblaci\u00f3n podr\u00e1 solicitar el servicio gratuito de pipas a trav\u00e9s de reportes a Locatel, Sacmex y cada una de las alcald\u00edas.<\/p>\n","protected":false},"excerpt":{"rendered":"<p><span style=\"color: #005497;\">Jos\u00e9 Luis Monta\u00f1ez<\/span><br \/>\n<br \/>\nAnte el corte de agua de cuatro d\u00edas que inici\u00f3 hoy y que afectar\u00e1 a casi 8 millones de personas en la Ciudad de M\u00e9xico y en el Estado de M\u00e9xico, el jefe de gobierno capitalino, Jos\u00e9 Ram\u00f3n Amieva, inform\u00f3 que se instalar\u00e1n 5 mil tinacos en espacios p\u00fablicos con el prop\u00f3sito de abastecer de agua a los habitantes durante los d\u00edas de escasez por las obras mayores del Sistema Cutzamala.<\/p>\n","protected":false},"author":3,"featured_media":401378,"comment_status":"open","ping_status":"open","sticky":false,"template":"","format":"standard","meta":{"_monsterinsights_skip_tracking":false,"_monsterinsights_sitenote_active":false,"_monsterinsights_sitenote_note":"","_monsterinsights_sitenote_category":0,"footnotes":""},"categories":[3],"tags":[162,34444,204,21273,43675,2524],"class_list":["post-401332","post","type-post","status-publish","format-standard","has-post-thumbnail","hentry","category-nacional","tag-agua","tag-cdmx","tag-ciudad-de-mexico","tag-corte","tag-estado-de-mexico","tag-sistema-cutzamala"],"_links":{"self":[{"href":"https:\/\/www.diarioimagen.net\/index.php?rest_route=\/wp\/v2\/posts\/401332","targetHints":{"allow":["GET"]}}],"collection":[{"href":"https:\/\/www.diarioimagen.net\/index.php?rest_route=\/wp\/v2\/posts"}],"about":[{"href":"https:\/\/www.diarioimagen.net\/index.php?rest_route=\/wp\/v2\/types\/post"}],"author":[{"embeddable":true,"href":"https:\/\/www.diarioimagen.net\/index.php?rest_route=\/wp\/v2\/users\/3"}],"replies":[{"embeddable":true,"href":"https:\/\/www.diarioimagen.net\/index.php?rest_route=%2Fwp%2Fv2%2Fcomments&post=401332"}],"version-history":[{"count":0,"href":"https:\/\/www.diarioimagen.net\/index.php?rest_route=\/wp\/v2\/posts\/401332\/revisions"}],"wp:featuredmedia":[{"embeddable":true,"href":"https:\/\/www.diarioimagen.net\/index.php?rest_route=\/wp\/v2\/media\/401378"}],"wp:attachment":[{"href":"https:\/\/www.diarioimagen.net\/index.php?rest_route=%2Fwp%2Fv2%2Fmedia&parent=401332"}],"wp:term":[{"taxonomy":"category","embeddable":true,"href":"https:\/\/www.diarioimagen.net\/index.php?rest_route=%2Fwp%2Fv2%2Fcategories&post=401332"},{"taxonomy":"post_tag","embeddable":true,"href":"https:\/\/www.diarioimagen.net\/index.php?rest_route=%2Fwp%2Fv2%2Ftags&post=401332"}],"curies":[{"name":"wp","href":"https:\/\/api.w.org\/{rel}","templated":true}]}}