{"id":401342,"date":"2018-10-31T00:09:04","date_gmt":"2018-10-31T06:09:04","guid":{"rendered":"https:\/\/www.diarioimagen.net\/?p=401342"},"modified":"2018-10-31T06:23:55","modified_gmt":"2018-10-31T12:23:55","slug":"uaem-inicio-trabajo-conjunto-con-la-auditoria-superior-de-la-federacion","status":"publish","type":"post","link":"https:\/\/www.diarioimagen.net\/?p=401342","title":{"rendered":"UAEM inici\u00f3 trabajo conjunto con la Auditor\u00eda Superior de la Federaci\u00f3n"},"content":{"rendered":"<ul>\n<li><strong><em>Con el objetivo de concluir observaciones<\/em><\/strong><\/li>\n<\/ul>\n<p>&nbsp;<\/p>\n<div id=\"attachment_401391\" style=\"width: 310px\" class=\"wp-caption alignleft\"><a href=\"https:\/\/www.diarioimagen.net\/?attachment_id=401391\" rel=\"attachment wp-att-401391\"><img loading=\"lazy\" decoding=\"async\" aria-describedby=\"caption-attachment-401391\" class=\" wp-image-401391\" src=\"https:\/\/www.diarioimagen.net\/wp-content\/uploads\/2018\/10\/UAEM-3488-306x460.jpg\" alt=\"\" width=\"300\" height=\"451\" srcset=\"https:\/\/www.diarioimagen.net\/wp-content\/uploads\/2018\/10\/UAEM-3488-306x460.jpg 306w, https:\/\/www.diarioimagen.net\/wp-content\/uploads\/2018\/10\/UAEM-3488-160x240.jpg 160w, https:\/\/www.diarioimagen.net\/wp-content\/uploads\/2018\/10\/UAEM-3488.jpg 466w\" sizes=\"auto, (max-width: 300px) 100vw, 300px\" \/><\/a><p id=\"caption-attachment-401391\" class=\"wp-caption-text\">El rector, Alfredo Barrera, se reuni\u00f3 con el titular de la ASF, David Colmenares, con el objetivo de concluir las observaciones que en su momento refiri\u00f3 la Auditor\u00eda, que ya fueron solventadas.<\/p><\/div>\n<p><strong>Toluca, Estado de M\u00e9xico<\/strong>.\u2013 El rector de la Universidad Aut\u00f3noma del Estado de M\u00e9xico, Alfredo Barrera Baca, se reuni\u00f3 con el titular de la Auditoria Superior de la Federaci\u00f3n (ASF), David Colmenares P\u00e1ramo, y su equipo de trabajo, con el objetivo de aclarar, dar seguimiento, deslindar responsabilidades y, en su caso, ejercer acci\u00f3n contra probables responsables, por las observaciones que la instancia federal realiz\u00f3 a los ejercicios fiscales del periodo 2011-2016 de la instituci\u00f3n educativa.<\/p>\n<p>La reuni\u00f3n con el titular de la ASF, explic\u00f3 el rector, tuvo como objetivo dar continuidad al procedimiento para concluir, bajo los procesos establecidos, las observaciones que en su momento refiri\u00f3 la Auditoria, que ya fueron solventadas, pero cuya resoluci\u00f3n final queda pendiente, en detrimento del prestigio de la instituci\u00f3n educativa.<\/p>\n<p>Prevemos, afirm\u00f3, un acercamiento estrecho con la autoridad, aprovechar la oportunidad que nos brinda para interactuar. \u201cEl titular de la ASF y su equipo nos permitir\u00e1n dar continuidad a los trabajos que quedaron rezagados. La intenci\u00f3n es que estos procesos se concluyan a la brevedad, que se deslinden las posibles responsabilidades\u201d.<\/p>\n<p>Durante la reuni\u00f3n, abund\u00f3, me compromet\u00ed a llevar a cabo las acciones de mejora necesarias e incluso, aplicar sanciones de car\u00e1cter administrativo, a dar cumplimiento a las observaciones y requerimientos, dentro del marco de las atribuciones del \u00e1mbito institucional.<\/p>\n<p>En tanto, detall\u00f3, la ASF se comprometi\u00f3 a dar un seguimiento preciso y, de ser necesario, deslindar responsabilidades para llevar a cabo los procesos de denuncia ante la autoridad competente, un proceso en el que la UAEM quedar\u00e1 deslindada. \u201cEn caso de hallar irregularidades imputables a una o varias personas, el \u00f3rgano auditor y no la universidad, ser\u00e1 el encargado de ejercer las acciones correspondientes\u201d. Alfredo Barrera Baca sostuvo que la instituci\u00f3n educativa entreg\u00f3 en tiempo y forma las evidencias solicitadas por parte del ASF; sin embargo, esos procesos no tuvieron retroalimentaci\u00f3n y seguimiento preciso.<\/p>\n<p>\u201cEntonces, parece que las acciones realizadas por la universidad no fueron concluidas, a pesar de que se trata de un trabajo conjunto entre ambas instancias y es en eso en lo que vamos a trabajar para lograr una resoluci\u00f3n final\u201d.<\/p>\n<p>La pr\u00f3xima semana inician formalmente los trabajos conjuntos del equipo de trabajo de la UAEM, conformado por el secretario de Finanzas, Javier Gonz\u00e1lez Mart\u00ednez; el Abogado General, Luis Ra\u00fal Ortiz Ram\u00edrez, y el Contralor, Ignacio Guti\u00e9rrez Padilla, y el titular de la Auditor\u00eda Especial de Seguimiento, Informes e Investigaci\u00f3n de la ASF, Isaac Rojkind Orleansky.<\/p>\n","protected":false},"excerpt":{"rendered":"<p>El rector de la Universidad Aut\u00f3noma del Estado de M\u00e9xico, Alfredo Barrera Baca, se reuni\u00f3 con el titular de la Auditoria Superior de la Federaci\u00f3n (ASF), David Colmenares P\u00e1ramo, y su equipo de trabajo, con el objetivo de aclarar, dar seguimiento, deslindar responsabilidades y, en su caso, ejercer acci\u00f3n contra probables responsables, por las observaciones que la instancia federal realiz\u00f3 a los ejercicios fiscales del periodo 2011-2016 de la instituci\u00f3n educativa.<\/p>\n","protected":false},"author":3,"featured_media":401392,"comment_status":"open","ping_status":"open","sticky":false,"template":"","format":"standard","meta":{"_monsterinsights_skip_tracking":false,"_monsterinsights_sitenote_active":false,"_monsterinsights_sitenote_note":"","_monsterinsights_sitenote_category":0,"footnotes":""},"categories":[35155],"tags":[5433,43675,452,1491],"class_list":["post-401342","post","type-post","status-publish","format-standard","has-post-thumbnail","hentry","category-estado-de-mexico-estado-de-mexico","tag-auditoria-superior-de-la-federacion","tag-estado-de-mexico","tag-toluca","tag-uaem"],"_links":{"self":[{"href":"https:\/\/www.diarioimagen.net\/index.php?rest_route=\/wp\/v2\/posts\/401342","targetHints":{"allow":["GET"]}}],"collection":[{"href":"https:\/\/www.diarioimagen.net\/index.php?rest_route=\/wp\/v2\/posts"}],"about":[{"href":"https:\/\/www.diarioimagen.net\/index.php?rest_route=\/wp\/v2\/types\/post"}],"author":[{"embeddable":true,"href":"https:\/\/www.diarioimagen.net\/index.php?rest_route=\/wp\/v2\/users\/3"}],"replies":[{"embeddable":true,"href":"https:\/\/www.diarioimagen.net\/index.php?rest_route=%2Fwp%2Fv2%2Fcomments&post=401342"}],"version-history":[{"count":0,"href":"https:\/\/www.diarioimagen.net\/index.php?rest_route=\/wp\/v2\/posts\/401342\/revisions"}],"wp:featuredmedia":[{"embeddable":true,"href":"https:\/\/www.diarioimagen.net\/index.php?rest_route=\/wp\/v2\/media\/401392"}],"wp:attachment":[{"href":"https:\/\/www.diarioimagen.net\/index.php?rest_route=%2Fwp%2Fv2%2Fmedia&parent=401342"}],"wp:term":[{"taxonomy":"category","embeddable":true,"href":"https:\/\/www.diarioimagen.net\/index.php?rest_route=%2Fwp%2Fv2%2Fcategories&post=401342"},{"taxonomy":"post_tag","embeddable":true,"href":"https:\/\/www.diarioimagen.net\/index.php?rest_route=%2Fwp%2Fv2%2Ftags&post=401342"}],"curies":[{"name":"wp","href":"https:\/\/api.w.org\/{rel}","templated":true}]}}