{"id":401355,"date":"2018-10-31T00:05:29","date_gmt":"2018-10-31T06:05:29","guid":{"rendered":"https:\/\/www.diarioimagen.net\/?p=401355"},"modified":"2018-10-31T06:39:39","modified_gmt":"2018-10-31T12:39:39","slug":"en-nicolas-romero-atentos-al-corte-de-agua","status":"publish","type":"post","link":"https:\/\/www.diarioimagen.net\/?p=401355","title":{"rendered":"En Nicol\u00e1s Romero, atentos al corte de agua"},"content":{"rendered":"<p><a href=\"https:\/\/www.diarioimagen.net\/?attachment_id=401415\" rel=\"attachment wp-att-401415\"><img loading=\"lazy\" decoding=\"async\" class=\"size-large wp-image-401415 aligncenter\" src=\"https:\/\/www.diarioimagen.net\/wp-content\/uploads\/2018\/10\/NICOLAS-3488-460x315.jpg\" alt=\"\" width=\"460\" height=\"315\" srcset=\"https:\/\/www.diarioimagen.net\/wp-content\/uploads\/2018\/10\/NICOLAS-3488-460x315.jpg 460w, https:\/\/www.diarioimagen.net\/wp-content\/uploads\/2018\/10\/NICOLAS-3488-240x164.jpg 240w, https:\/\/www.diarioimagen.net\/wp-content\/uploads\/2018\/10\/NICOLAS-3488.jpg 720w\" sizes=\"auto, (max-width: 460px) 100vw, 460px\" \/><\/a><\/p>\n<p>&nbsp;<\/p>\n<p><strong>Nicol\u00e1s Romero, Estado de M\u00e9xico<\/strong><strong>.-<\/strong> Angelina Carre\u00f1o Mijares, alcaldesa de los nicolasromerenses, exhort\u00f3 a la poblaci\u00f3n que recuerden que a partir del d\u00eda de hoy mi\u00e9rcoles comenzar\u00e1 el corte de agua, que afectar\u00e1 a nuestro municipio, adem\u00e1s pidi\u00f3 que no olviden llenar cubetas, botes y tambos, para atender las necesidades b\u00e1sicas de su familia.<\/p>\n","protected":false},"excerpt":{"rendered":"<p>Angelina Carre\u00f1o Mijares, alcaldesa de los nicolasromerenses, exhort\u00f3 a la poblaci\u00f3n que recuerden que a partir del d\u00eda de hoy mi\u00e9rcoles comenzar\u00e1 el corte de agua, que afectar\u00e1 a nuestro municipio, adem\u00e1s pidi\u00f3 que no olviden llenar cubetas, botes y tambos, para atender las necesidades b\u00e1sicas de su familia.<\/p>\n","protected":false},"author":3,"featured_media":401415,"comment_status":"open","ping_status":"open","sticky":false,"template":"","format":"standard","meta":{"_monsterinsights_skip_tracking":false,"_monsterinsights_sitenote_active":false,"_monsterinsights_sitenote_note":"","_monsterinsights_sitenote_category":0,"footnotes":""},"categories":[35155],"tags":[47248,79346,43675,752],"class_list":["post-401355","post","type-post","status-publish","format-standard","has-post-thumbnail","hentry","category-estado-de-mexico-estado-de-mexico","tag-angelina-carreno-mijares","tag-corte-de-agua","tag-estado-de-mexico","tag-nicolas-romero"],"_links":{"self":[{"href":"https:\/\/www.diarioimagen.net\/index.php?rest_route=\/wp\/v2\/posts\/401355","targetHints":{"allow":["GET"]}}],"collection":[{"href":"https:\/\/www.diarioimagen.net\/index.php?rest_route=\/wp\/v2\/posts"}],"about":[{"href":"https:\/\/www.diarioimagen.net\/index.php?rest_route=\/wp\/v2\/types\/post"}],"author":[{"embeddable":true,"href":"https:\/\/www.diarioimagen.net\/index.php?rest_route=\/wp\/v2\/users\/3"}],"replies":[{"embeddable":true,"href":"https:\/\/www.diarioimagen.net\/index.php?rest_route=%2Fwp%2Fv2%2Fcomments&post=401355"}],"version-history":[{"count":0,"href":"https:\/\/www.diarioimagen.net\/index.php?rest_route=\/wp\/v2\/posts\/401355\/revisions"}],"wp:featuredmedia":[{"embeddable":true,"href":"https:\/\/www.diarioimagen.net\/index.php?rest_route=\/wp\/v2\/media\/401415"}],"wp:attachment":[{"href":"https:\/\/www.diarioimagen.net\/index.php?rest_route=%2Fwp%2Fv2%2Fmedia&parent=401355"}],"wp:term":[{"taxonomy":"category","embeddable":true,"href":"https:\/\/www.diarioimagen.net\/index.php?rest_route=%2Fwp%2Fv2%2Fcategories&post=401355"},{"taxonomy":"post_tag","embeddable":true,"href":"https:\/\/www.diarioimagen.net\/index.php?rest_route=%2Fwp%2Fv2%2Ftags&post=401355"}],"curies":[{"name":"wp","href":"https:\/\/api.w.org\/{rel}","templated":true}]}}