{"id":401357,"date":"2018-10-31T00:04:28","date_gmt":"2018-10-31T06:04:28","guid":{"rendered":"https:\/\/www.diarioimagen.net\/?p=401357"},"modified":"2018-10-31T06:42:44","modified_gmt":"2018-10-31T12:42:44","slug":"mayor-vigilancia-en-cementerios-de-naucalpan-el-1-y-2-de-noviembre","status":"publish","type":"post","link":"https:\/\/www.diarioimagen.net\/?p=401357","title":{"rendered":"Mayor vigilancia en cementerios de Naucalpan el 1 y 2 de noviembre"},"content":{"rendered":"<ul>\n<li><strong><em>Operativo por los fieles difuntos<\/em><\/strong><\/li>\n<\/ul>\n<p>&nbsp;<\/p>\n<div id=\"attachment_401420\" style=\"width: 470px\" class=\"wp-caption aligncenter\"><a href=\"https:\/\/www.diarioimagen.net\/?attachment_id=401420\" rel=\"attachment wp-att-401420\"><img loading=\"lazy\" decoding=\"async\" aria-describedby=\"caption-attachment-401420\" class=\"size-large wp-image-401420\" src=\"https:\/\/www.diarioimagen.net\/wp-content\/uploads\/2018\/10\/NAUCALPAN-3488-460x259.jpg\" alt=\"\" width=\"460\" height=\"259\" srcset=\"https:\/\/www.diarioimagen.net\/wp-content\/uploads\/2018\/10\/NAUCALPAN-3488-460x259.jpg 460w, https:\/\/www.diarioimagen.net\/wp-content\/uploads\/2018\/10\/NAUCALPAN-3488-240x135.jpg 240w, https:\/\/www.diarioimagen.net\/wp-content\/uploads\/2018\/10\/NAUCALPAN-3488-235x132.jpg 235w, https:\/\/www.diarioimagen.net\/wp-content\/uploads\/2018\/10\/NAUCALPAN-3488-202x114.jpg 202w, https:\/\/www.diarioimagen.net\/wp-content\/uploads\/2018\/10\/NAUCALPAN-3488-350x196.jpg 350w, https:\/\/www.diarioimagen.net\/wp-content\/uploads\/2018\/10\/NAUCALPAN-3488-220x123.jpg 220w, https:\/\/www.diarioimagen.net\/wp-content\/uploads\/2018\/10\/NAUCALPAN-3488-237x132.jpg 237w, https:\/\/www.diarioimagen.net\/wp-content\/uploads\/2018\/10\/NAUCALPAN-3488.jpg 480w\" sizes=\"auto, (max-width: 460px) 100vw, 460px\" \/><\/a><p id=\"caption-attachment-401420\" class=\"wp-caption-text\">La Direcci\u00f3n General de Seguridad Ciudadana y Tr\u00e1nsito implementar\u00e1 un operativo de vigilancia en panteones\u00a0 los d\u00edas 1 y 2 de noviembre.<\/p><\/div>\n<p>&nbsp;<\/p>\n<p><strong>Naucalpan, Estado de M\u00e9xico<\/strong>.- Con el objetivo de salvaguardar la seguridad de miles de personas que visitar\u00e1n los 13 panteones de Naucalpan, con motivo del D\u00eda de Muertos, el gobierno municipal a trav\u00e9s de la Direcci\u00f3n General de Seguridad Ciudadana y Tr\u00e1nsito, implementar\u00e1 un operativo de vigilancia, los d\u00edas 1 y 2 de noviembre.<\/p>\n<p>Para el dispositivo de seguridad se destinar\u00e1n 400 efectivos municipales, entre seguridad ciudadana, tr\u00e1nsito, elementos del Grupo de Operaciones Especiales (GOE) y del Escuadr\u00f3n de Caballer\u00eda para vigilar, as\u00ed como para agilizar las vialidades en torno a los 13 panteones municipales y concesionados, apoyados por la Secretar\u00eda de Seguridad del Estado de M\u00e9xico.<\/p>\n<p>Polic\u00edas municipales, GOE y Caballer\u00eda se encargar\u00e1n de la seguridad de la gente dentro y fuera de los panteones, en tanto elementos de tr\u00e1nsito agilizar\u00e1n el tr\u00e1fico de las 07:00 horas hasta que ya no haya afluencia de visitantes. El Operativo D\u00eda de Muertos 2018 busca brindar tranquilidad y seguridad a quienes acostumbran visitar en estas fechas las tumbas de sus difuntos.<\/p>\n<p>Para los dos d\u00edas se espera que alrededor de 100 mil personas acudan a los 13 panteones del municipio, por lo que a trav\u00e9s de estas acciones se busca que la festividad transcurra en calma. Asimismo, se exhorta a la ciudadan\u00eda a denunciar cualquier emergencia o anomal\u00eda a la Central de Emergencias 53 71 22 50.<\/p>\n<p>La vigilancia se reforzar\u00e1 en las zonas donde se ubican los 13 panteones: Santa Cruz, San Andr\u00e9s Atoto, Santiago Occipaco, Parque Memorial, Jardines del Tiempo, Los Cipreces, San Lorenzo Totolinga, San Mateo Nopala, Santiago Tepatlaxco, R\u00edo Hondo, Guadalupano, Lomas del R\u00edo y San Francisco Chimalpa.<\/p>\n","protected":false},"excerpt":{"rendered":"<p>Con el objetivo de salvaguardar la seguridad de miles de personas que visitar\u00e1n los 13 panteones de Naucalpan, con motivo del D\u00eda de Muertos, el gobierno municipal a trav\u00e9s de la Direcci\u00f3n General de Seguridad Ciudadana y Tr\u00e1nsito, implementar\u00e1 un operativo de vigilancia, los d\u00edas 1 y 2 de noviembre.<\/p>\n","protected":false},"author":3,"featured_media":401420,"comment_status":"open","ping_status":"open","sticky":false,"template":"","format":"standard","meta":{"_monsterinsights_skip_tracking":false,"_monsterinsights_sitenote_active":false,"_monsterinsights_sitenote_note":"","_monsterinsights_sitenote_category":0,"footnotes":""},"categories":[35155],"tags":[79660,43675,970,25489],"class_list":["post-401357","post","type-post","status-publish","format-standard","has-post-thumbnail","hentry","category-estado-de-mexico-estado-de-mexico","tag-cementerios","tag-estado-de-mexico","tag-naucalpan","tag-vigilancia"],"_links":{"self":[{"href":"https:\/\/www.diarioimagen.net\/index.php?rest_route=\/wp\/v2\/posts\/401357","targetHints":{"allow":["GET"]}}],"collection":[{"href":"https:\/\/www.diarioimagen.net\/index.php?rest_route=\/wp\/v2\/posts"}],"about":[{"href":"https:\/\/www.diarioimagen.net\/index.php?rest_route=\/wp\/v2\/types\/post"}],"author":[{"embeddable":true,"href":"https:\/\/www.diarioimagen.net\/index.php?rest_route=\/wp\/v2\/users\/3"}],"replies":[{"embeddable":true,"href":"https:\/\/www.diarioimagen.net\/index.php?rest_route=%2Fwp%2Fv2%2Fcomments&post=401357"}],"version-history":[{"count":0,"href":"https:\/\/www.diarioimagen.net\/index.php?rest_route=\/wp\/v2\/posts\/401357\/revisions"}],"wp:featuredmedia":[{"embeddable":true,"href":"https:\/\/www.diarioimagen.net\/index.php?rest_route=\/wp\/v2\/media\/401420"}],"wp:attachment":[{"href":"https:\/\/www.diarioimagen.net\/index.php?rest_route=%2Fwp%2Fv2%2Fmedia&parent=401357"}],"wp:term":[{"taxonomy":"category","embeddable":true,"href":"https:\/\/www.diarioimagen.net\/index.php?rest_route=%2Fwp%2Fv2%2Fcategories&post=401357"},{"taxonomy":"post_tag","embeddable":true,"href":"https:\/\/www.diarioimagen.net\/index.php?rest_route=%2Fwp%2Fv2%2Ftags&post=401357"}],"curies":[{"name":"wp","href":"https:\/\/api.w.org\/{rel}","templated":true}]}}