{"id":401473,"date":"2018-11-01T00:04:04","date_gmt":"2018-11-01T06:04:04","guid":{"rendered":"https:\/\/www.diarioimagen.net\/?p=401473"},"modified":"2018-11-02T00:33:46","modified_gmt":"2018-11-02T06:33:46","slug":"mexico-pide-a-reino-unido-extradicion-de-karime-macias-pgr","status":"publish","type":"post","link":"https:\/\/www.diarioimagen.net\/?p=401473","title":{"rendered":"M\u00e9xico pide a Reino Unido extradici\u00f3n de Karime Mac\u00edas"},"content":{"rendered":"<ul>\n<li><strong><em>Alberto El\u00edas Beltr\u00e1n dijo que es por fraude espec\u00edfico<\/em><\/strong><\/li>\n<\/ul>\n<p>&nbsp;<\/p>\n<div id=\"attachment_401474\" style=\"width: 470px\" class=\"wp-caption aligncenter\"><img loading=\"lazy\" decoding=\"async\" aria-describedby=\"caption-attachment-401474\" class=\"wp-image-401474 size-large\" src=\"https:\/\/www.diarioimagen.net\/wp-content\/uploads\/2018\/10\/KARIME1-portal-460x268.jpg\" alt=\"\" width=\"460\" height=\"268\" srcset=\"https:\/\/www.diarioimagen.net\/wp-content\/uploads\/2018\/10\/KARIME1-portal-460x268.jpg 460w, https:\/\/www.diarioimagen.net\/wp-content\/uploads\/2018\/10\/KARIME1-portal-240x140.jpg 240w, https:\/\/www.diarioimagen.net\/wp-content\/uploads\/2018\/10\/KARIME1-portal.jpg 480w\" sizes=\"auto, (max-width: 460px) 100vw, 460px\" \/><p id=\"caption-attachment-401474\" class=\"wp-caption-text\">La PGR present\u00f3 en este mes la orden de detenci\u00f3n provisional con fines de extradici\u00f3n en contra de Karime Mac\u00edas, esposa del ex gobernador de Veracruz, Javier Duarte.<\/p><\/div>\n<p>&nbsp;<\/p>\n<p>El encargado de despacho de la Procuradur\u00eda General de la Rep\u00fablica (PGR), Alberto El\u00edas Beltr\u00e1n, anunci\u00f3 que se present\u00f3 en este mes la orden de detenci\u00f3n provisional con fines de extradici\u00f3n en contra de Karime Mac\u00edas, esposa del ex gobernador de Veracruz, Javier Duarte.<\/p>\n<p>El encargado de la PGR se\u00f1al\u00f3 que est\u00e1 abierta una carpeta de investigaci\u00f3n en la que se indaga sobre personas del c\u00edrculo cercano a la ex primera dama estatal, pero por motivos de secrec\u00eda de la investigaci\u00f3n omiti\u00f3 mencionar nombres.<\/p>\n<p>Adelant\u00f3 que el pasado 27 de junio, la Fiscal\u00eda de Veracruz present\u00f3 la solicitud para iniciar el procedimiento de extradici\u00f3n en contra de Mac\u00edas y, luego de validar que cumpl\u00eda con los tratados entre ambos pa\u00edses, se present\u00f3 la solicitud ante Reino Unido.<\/p>\n<p>\u201cPosteriormente, el 18 de junio nosotros solicitamos a trav\u00e9s del sistema de agregadur\u00edas de la PGR si cumpl\u00eda esta posible solicitud con las condiciones del tratado, una consulta semiformal, con base a la doble incriminaci\u00f3n y la pena m\u00ednima para el delito porque es un fraude espec\u00edfico por el cual se est\u00e1 solicitando su extradici\u00f3n.<\/p>\n<p>\u201cY el 9 de julio se present\u00f3 esta solicitud de detenci\u00f3n provisional con fines de extradici\u00f3n a la canciller\u00eda de M\u00e9xico y tenemos entendido por un comunicado de la canciller\u00eda de M\u00e9xico que se present\u00f3 ya en el mes de octubre la orden de detenci\u00f3n provisional con fines de extradici\u00f3n al departamento, a la canciller\u00eda de dicho pa\u00eds, estamos a la espera de dicho tr\u00e1mite\u201d, se\u00f1al\u00f3 El\u00edas Beltr\u00e1n.<\/p>\n<p style=\"text-align: center;\"><strong>Karime\u00a0 pierde primer \u201cround\u201d contra proceso de extradici\u00f3n <\/strong><\/p>\n<p>La esposa del ex gobernador Javier Duarte de Ochoa, perdi\u00f3 un primer round en el intento de frenar el procedimiento de extradici\u00f3n iniciado en su contra por las acusaciones del gobierno de Veracruz sobre un supuesto desv\u00edo de m\u00e1s de 100 millones de pesos.<\/p>\n<p>El Cuarto Tribunal Colegiado en Materia Penal en la Ciudad de M\u00e9xico declar\u00f3 infundado el recurso de queja n\u00famero 168\/2018 presentado por la defensa de Karime Mac\u00edas y confirm\u00f3 la decisi\u00f3n de negarle la suspensi\u00f3n provisional contra la orden de detenci\u00f3n provisional con fines de extradici\u00f3n y su posible ejecuci\u00f3n.<\/p>\n<p>De acuerdo con el expediente 454\/2018, el juez Sexto de Distrito de Amparo en Materia Penal en la Ciudad de M\u00e9xico, admiti\u00f3 a tr\u00e1mite la ampliaci\u00f3n de la demanda de Karime Mac\u00edas para que litigue contra su posible entrega a las autoridades mexicanas.<\/p>\n<p>La admisi\u00f3n fue emitida en cumplimiento a la orden del Primer Tribunal Colegiado en materia Penal que consider\u00f3 que impedir a la esposa de Duarte ampliar su demanda de amparo, en la que s\u00f3lo hab\u00eda impugnado la orden de aprehensi\u00f3n, implicaba obstaculizar la impartici\u00f3n de justicia.<\/p>\n<p>Pero en su acuerdo, el juez neg\u00f3 la suspensi\u00f3n provisional solicitada por la defensa de Mac\u00edas Tubilla por lo que present\u00f3 un recurso de queja que resolvi\u00f3 el Cuarto Tribunal Colegiado.<\/p>\n<p>En su resoluci\u00f3n, los magistrados confirmaron la decisi\u00f3n del juez de amparo, por lo que Mac\u00edas Tubilla deber\u00e1 esperar a que se realice la audiencia incidental, para la cual actualmente no hay fecha, para que el juez resuelva si le concede o no la suspensi\u00f3n definitiva.<\/p>\n<p>El desv\u00edo por el que la esposa de Duarte es se\u00f1alada supuestamente lo cometi\u00f3 cuando estaba al frente del Sistema estatal para el Desarrollo Integral de la Familia (DIF), en su car\u00e1cter de primera dama de Veracruz.<\/p>\n<p>Desde mayo pasado, la Secretar\u00eda General de Interpol emiti\u00f3 una ficha roja para localizar y detener a la esposa de Javier Duarte pues la orden de aprehensi\u00f3n emitida en su contra es por da\u00f1o patrimonial de 112 millones de pesos en perjuicio del estado de Veracruz.<\/p>\n","protected":false},"excerpt":{"rendered":"<p>El encargado de despacho de la Procuradur\u00eda General de la Rep\u00fablica (PGR), Alberto El\u00edas Beltr\u00e1n, anunci\u00f3 que se present\u00f3 en este mes la orden de detenci\u00f3n provisional con fines de extradici\u00f3n en contra de Karime Mac\u00edas, esposa del ex gobernador de Veracruz, Javier Duarte.<\/p>\n","protected":false},"author":5,"featured_media":401474,"comment_status":"open","ping_status":"open","sticky":false,"template":"","format":"standard","meta":{"_monsterinsights_skip_tracking":false,"_monsterinsights_sitenote_active":false,"_monsterinsights_sitenote_note":"","_monsterinsights_sitenote_category":0,"footnotes":""},"categories":[7],"tags":[63919,79667,49112,74095,79666,43677],"class_list":["post-401473","post","type-post","status-publish","format-standard","has-post-thumbnail","hentry","category-seguridad","tag-alberto-elias-beltran","tag-fraude-especifico","tag-javier-duarte","tag-karime-macias","tag-reino-unido-extradicion","tag-seguridad"],"_links":{"self":[{"href":"https:\/\/www.diarioimagen.net\/index.php?rest_route=\/wp\/v2\/posts\/401473","targetHints":{"allow":["GET"]}}],"collection":[{"href":"https:\/\/www.diarioimagen.net\/index.php?rest_route=\/wp\/v2\/posts"}],"about":[{"href":"https:\/\/www.diarioimagen.net\/index.php?rest_route=\/wp\/v2\/types\/post"}],"author":[{"embeddable":true,"href":"https:\/\/www.diarioimagen.net\/index.php?rest_route=\/wp\/v2\/users\/5"}],"replies":[{"embeddable":true,"href":"https:\/\/www.diarioimagen.net\/index.php?rest_route=%2Fwp%2Fv2%2Fcomments&post=401473"}],"version-history":[{"count":0,"href":"https:\/\/www.diarioimagen.net\/index.php?rest_route=\/wp\/v2\/posts\/401473\/revisions"}],"wp:featuredmedia":[{"embeddable":true,"href":"https:\/\/www.diarioimagen.net\/index.php?rest_route=\/wp\/v2\/media\/401474"}],"wp:attachment":[{"href":"https:\/\/www.diarioimagen.net\/index.php?rest_route=%2Fwp%2Fv2%2Fmedia&parent=401473"}],"wp:term":[{"taxonomy":"category","embeddable":true,"href":"https:\/\/www.diarioimagen.net\/index.php?rest_route=%2Fwp%2Fv2%2Fcategories&post=401473"},{"taxonomy":"post_tag","embeddable":true,"href":"https:\/\/www.diarioimagen.net\/index.php?rest_route=%2Fwp%2Fv2%2Ftags&post=401473"}],"curies":[{"name":"wp","href":"https:\/\/api.w.org\/{rel}","templated":true}]}}