{"id":401476,"date":"2018-11-01T00:06:41","date_gmt":"2018-11-01T06:06:41","guid":{"rendered":"https:\/\/www.diarioimagen.net\/?p=401476"},"modified":"2018-11-02T00:33:56","modified_gmt":"2018-11-02T06:33:56","slug":"calificadoras-ponen-en-negativa-perspectiva-de-mexico-clima-de-incertidumbre","status":"publish","type":"post","link":"https:\/\/www.diarioimagen.net\/?p=401476","title":{"rendered":"Calificadoras ponen en negativa perspectiva de M\u00e9xico; clima de incertidumbre"},"content":{"rendered":"<ul>\n<li><strong><em>Por resultados de consuta ciudadana<\/em><\/strong><\/li>\n<\/ul>\n<p>&nbsp;<\/p>\n<div id=\"attachment_401477\" style=\"width: 470px\" class=\"wp-caption aligncenter\"><img loading=\"lazy\" decoding=\"async\" aria-describedby=\"caption-attachment-401477\" class=\"wp-image-401477 size-large\" src=\"https:\/\/www.diarioimagen.net\/wp-content\/uploads\/2018\/10\/CALFICADORAS1-poortal-460x196.jpg\" alt=\"\" width=\"460\" height=\"196\" srcset=\"https:\/\/www.diarioimagen.net\/wp-content\/uploads\/2018\/10\/CALFICADORAS1-poortal-460x196.jpg 460w, https:\/\/www.diarioimagen.net\/wp-content\/uploads\/2018\/10\/CALFICADORAS1-poortal-240x103.jpg 240w, https:\/\/www.diarioimagen.net\/wp-content\/uploads\/2018\/10\/CALFICADORAS1-poortal.jpg 700w\" sizes=\"auto, (max-width: 460px) 100vw, 460px\" \/><p id=\"caption-attachment-401477\" class=\"wp-caption-text\">Fitch Ratings y HR Ratings ponen en negativa la perspectiva de M\u00e9xico, despu\u00e9s de la consulta nacional sobre el Nuevo Aeropuerto Internacional de M\u00e9xico.<\/p><\/div>\n<p>&nbsp;<\/p>\n<p>Las calificadoras de riesgo Fitch Ratings y HR Ratings pusieron en negativa la perspectiva de M\u00e9xico, despu\u00e9s de la consulta nacional del gobierno entrante, sobre el Nuevo Aeropuerto Internacional de M\u00e9xico (NAICM), y que cancela el proyecto en Texcoco.<\/p>\n<p>Fitch Ratings ratific\u00f3 la calificaci\u00f3n de \u201cBBB+\u201d sobre M\u00e9xico, pero revis\u00f3 la perspectiva de estable a negativa, lo que \u201crefleja el deterioro del balance de los riesgos que enfrenta el perfil crediticio de M\u00e9xico asociado con el alcance de la incertidumbre y el deterioro de las pol\u00edticas en la administraci\u00f3n entrante\u201d.<\/p>\n<p>Esta firma indic\u00f3 que \u201cla decisi\u00f3n de cancelar la construcci\u00f3n de un nuevo aeropuerto para la Ciudad de M\u00e9xico env\u00eda una se\u00f1al negativa a los inversionistas\u201d y destac\u00f3 que existen riesgos de que el seguimiento de las reformas aprobadas en este sexenio, sobre todo en el sector energ\u00e9tico, puedan detenerse.<\/p>\n<p>Fitch espera que la administraci\u00f3n entrante contin\u00fae abarcando los aspectos centrales del marco de pol\u00edticas macro: la disciplina presupuestaria y la autonom\u00eda del Banco de M\u00e9xico, pero los riesgos a la baja relacionados con la postura fiscal de la administraci\u00f3n entrante persisten.<\/p>\n<p>Adem\u00e1s, reiter\u00f3, existen riesgos de que el seguimiento de las reformas aprobadas anteriormente pueda detenerse, y que otras propuestas de pol\u00edticas resulten en una menor inversi\u00f3n y crecimiento de lo que se espera actualmente.<\/p>\n<p>Por su parte, la firma HR Ratings tambi\u00e9n ratific\u00f3 la calificaci\u00f3n de largo plazo HRA-(G), y de corto plazo HR2 (G), para la deuda soberana de M\u00e9xico, y de igual manera, modific\u00f3 la perspectiva de estable a negativa.<\/p>\n<p>Esta calificadora indic\u00f3 que esto se debe \u201cal deterioro inmediato en la percepci\u00f3n de inversi\u00f3n y riesgo pa\u00eds, lo que ha llevado a una depreciaci\u00f3n en el tipo de cambio que pondr\u00e1 presi\u00f3n al alza sobre la cifra de deuda neta al cierre del a\u00f1o, y complica mantener nuestro estimado para la deuda neta presupuestaria de 40.8 por ciento del Producto Interno Bruto (PIB) al cierre de 2018\u201d.<\/p>\n<p>Indic\u00f3 que ya se preve\u00eda una merma en la confianza de los inversionistas ante el escenario de cancelaci\u00f3n en torno a la construcci\u00f3n del NAIM.<\/p>\n<p>\u201cEn este momento, consideramos que una p\u00e9rdida de confianza tendr\u00eda consecuencias negativas para las finanzas p\u00fablicas y para la econom\u00eda en general, lo que se reflejar\u00e1 no s\u00f3lo en una mayor volatilidad en los mercados, a deteriorarse el tipo de cambio, incrementarse las tasas de inter\u00e9s de largo plazo y producirse mayores presiones en los indicadores de riesgo como se ha observado recientemente, sino que tambi\u00e9n genera un clima de incertidumbre respecto al respaldo que pudieran tener inversiones en nuevos proyectos de infraestructura y alto impacto econ\u00f3mico\u201d, advirti\u00f3.<\/p>\n","protected":false},"excerpt":{"rendered":"<p>Las calificadoras de riesgo Fitch Ratings y HR Ratings pusieron en negativa la perspectiva de M\u00e9xico, despu\u00e9s de la consulta nacional del gobierno entrante, sobre el Nuevo Aeropuerto Internacional de M\u00e9xico (NAICM), y que cancela el proyecto en Texcoco.<\/p>\n","protected":false},"author":5,"featured_media":401478,"comment_status":"open","ping_status":"open","sticky":false,"template":"","format":"standard","meta":{"_monsterinsights_skip_tracking":false,"_monsterinsights_sitenote_active":false,"_monsterinsights_sitenote_note":"","_monsterinsights_sitenote_category":0,"footnotes":""},"categories":[8],"tags":[79708,79668,79669,43678,44,38662,79709,79710,79670,79672,79671],"class_list":["post-401476","post","type-post","status-publish","format-standard","has-post-thumbnail","hentry","category-finanzas","tag-calificadoras","tag-calificadoras-ponen-en-negativa","tag-clima-de-incertidumbre","tag-finanzas","tag-mexico","tag-naicm","tag-negativa","tag-perspectiva","tag-proyecto-en-texcoco","tag-riesgo-fitch-ratings-y-hr-ratings","tag-bbb"],"_links":{"self":[{"href":"https:\/\/www.diarioimagen.net\/index.php?rest_route=\/wp\/v2\/posts\/401476","targetHints":{"allow":["GET"]}}],"collection":[{"href":"https:\/\/www.diarioimagen.net\/index.php?rest_route=\/wp\/v2\/posts"}],"about":[{"href":"https:\/\/www.diarioimagen.net\/index.php?rest_route=\/wp\/v2\/types\/post"}],"author":[{"embeddable":true,"href":"https:\/\/www.diarioimagen.net\/index.php?rest_route=\/wp\/v2\/users\/5"}],"replies":[{"embeddable":true,"href":"https:\/\/www.diarioimagen.net\/index.php?rest_route=%2Fwp%2Fv2%2Fcomments&post=401476"}],"version-history":[{"count":0,"href":"https:\/\/www.diarioimagen.net\/index.php?rest_route=\/wp\/v2\/posts\/401476\/revisions"}],"wp:featuredmedia":[{"embeddable":true,"href":"https:\/\/www.diarioimagen.net\/index.php?rest_route=\/wp\/v2\/media\/401478"}],"wp:attachment":[{"href":"https:\/\/www.diarioimagen.net\/index.php?rest_route=%2Fwp%2Fv2%2Fmedia&parent=401476"}],"wp:term":[{"taxonomy":"category","embeddable":true,"href":"https:\/\/www.diarioimagen.net\/index.php?rest_route=%2Fwp%2Fv2%2Fcategories&post=401476"},{"taxonomy":"post_tag","embeddable":true,"href":"https:\/\/www.diarioimagen.net\/index.php?rest_route=%2Fwp%2Fv2%2Ftags&post=401476"}],"curies":[{"name":"wp","href":"https:\/\/api.w.org\/{rel}","templated":true}]}}