{"id":401548,"date":"2018-11-01T00:00:16","date_gmt":"2018-11-01T06:00:16","guid":{"rendered":"https:\/\/www.diarioimagen.net\/?p=401548"},"modified":"2018-11-01T07:51:58","modified_gmt":"2018-11-01T13:51:58","slug":"el-centro-de-estudios-y-servicios-psicologicos-de-uaem-celebra-27-anos","status":"publish","type":"post","link":"https:\/\/www.diarioimagen.net\/?p=401548","title":{"rendered":"El Centro de Estudios y Servicios Psicol\u00f3gicos de UAEM celebra 27 a\u00f1os"},"content":{"rendered":"<ul>\n<li><strong><em>Usuarios reciben herramientas para su bienestar emocional<\/em><\/strong><\/li>\n<\/ul>\n<p>&nbsp;<\/p>\n<div id=\"attachment_401640\" style=\"width: 470px\" class=\"wp-caption aligncenter\"><a href=\"https:\/\/www.diarioimagen.net\/?attachment_id=401640\" rel=\"attachment wp-att-401640\"><img loading=\"lazy\" decoding=\"async\" aria-describedby=\"caption-attachment-401640\" class=\"size-large wp-image-401640\" src=\"https:\/\/www.diarioimagen.net\/wp-content\/uploads\/2018\/11\/UAEM-3489-460x259.jpg\" alt=\"\" width=\"460\" height=\"259\" srcset=\"https:\/\/www.diarioimagen.net\/wp-content\/uploads\/2018\/11\/UAEM-3489-460x259.jpg 460w, https:\/\/www.diarioimagen.net\/wp-content\/uploads\/2018\/11\/UAEM-3489-240x135.jpg 240w, https:\/\/www.diarioimagen.net\/wp-content\/uploads\/2018\/11\/UAEM-3489-235x132.jpg 235w, https:\/\/www.diarioimagen.net\/wp-content\/uploads\/2018\/11\/UAEM-3489-202x114.jpg 202w, https:\/\/www.diarioimagen.net\/wp-content\/uploads\/2018\/11\/UAEM-3489-350x196.jpg 350w, https:\/\/www.diarioimagen.net\/wp-content\/uploads\/2018\/11\/UAEM-3489-220x123.jpg 220w, https:\/\/www.diarioimagen.net\/wp-content\/uploads\/2018\/11\/UAEM-3489-237x132.jpg 237w, https:\/\/www.diarioimagen.net\/wp-content\/uploads\/2018\/11\/UAEM-3489.jpg 480w\" sizes=\"auto, (max-width: 460px) 100vw, 460px\" \/><\/a><p id=\"caption-attachment-401640\" class=\"wp-caption-text\">El Centro de Estudios y Servicios Psicol\u00f3gicos Integrales es referente de atenci\u00f3n, dice su coordinador, Alejandro Guti\u00e9rrez Cede\u00f1o.<\/p><\/div>\n<p>&nbsp;<\/p>\n<p><strong>Toluca, Estado de M\u00e9xico<\/strong>.\u2013 El Centro de Estudios y Servicios Psicol\u00f3gicos Integrales (CESPI) de la Universidad Aut\u00f3noma del Estado de M\u00e9xico desarrolla un programa itinerante para brindar atenci\u00f3n personalizada y grupal a j\u00f3venes universitarios en sus espacios acad\u00e9micos, con la finalidad de fortalecer la salud psicol\u00f3gica de los futuros profesionistas.<\/p>\n<p>Durante la ceremonia conmemorativa al XXVII aniversario del CESPI, el coordinador del centro, Alejandro Guti\u00e9rrez Cede\u00f1o, indic\u00f3 que los 25 terapeutas que laboran en este espacio universitario se encuentran en un proceso de capacitaci\u00f3n y actualizaci\u00f3n de protocolos de atenci\u00f3n psicol\u00f3gica.<\/p>\n<p>\u201cLos terapeutas y quienes atienden el call center deben actualizarse en temas de especialidad y bajo est\u00e1ndares de calidad, con la finalidad de dar respuesta a circunstancias como la p\u00e9rdida de un ser querido, efectos de contingencias naturales y actos violentos como el secuestro, la tortura o intentos de suicidio\u201d.<\/p>\n<p>Ante alumnos y profesores de la Facultad, la directora de la Facultad de Ciencias de la Conducta de la UAEM, Mar\u00eda Teresa Garc\u00eda Rodea, destac\u00f3 la labor social de este espacio universitario.<\/p>\n<p>Afirm\u00f3 que mediante nuevos enfoques interdisciplinarios que enriquecen los contenidos curriculares de la Licenciatura en Psicolog\u00eda, el CESPI es un referente de atenci\u00f3n psicol\u00f3gica donde los usuarios reciben herramientas para lograr su bienestar emocional.\u00a0 En el marco del programa acad\u00e9mico conmemorativo al aniversario del CESPI, se abordaron temas como los diferentes enfoques de las implicaciones del enamoramiento, niveles de salud y enfermedad psicol\u00f3gica, bases neurol\u00f3gicas del trastorno por hipersexualidad, la sexualidad en el nuevo milenio y puntuaciones cl\u00ednicas sobre el duelo.\u00a0 Asimismo, especialistas ofrecieron los talleres: \u201cUso terap\u00e9utico de la autopsia psicol\u00f3gica\u201d, \u201cPrimeros auxilios psicol\u00f3gicos\u201d, \u201cFamilia y suicidio\u201d, \u201cDiagn\u00f3stico de problemas sexuales\u201d y \u201cClaves para la estructuraci\u00f3n del lenguaje\u201d.<\/p>\n","protected":false},"excerpt":{"rendered":"<p>El Centro de Estudios y Servicios Psicol\u00f3gicos Integrales (CESPI) de la Universidad Aut\u00f3noma del Estado de M\u00e9xico desarrolla un programa itinerante para brindar atenci\u00f3n personalizada y grupal a j\u00f3venes universitarios en sus espacios acad\u00e9micos, con la finalidad de fortalecer la salud psicol\u00f3gica de los futuros profesionistas.<\/p>\n","protected":false},"author":3,"featured_media":401640,"comment_status":"open","ping_status":"open","sticky":false,"template":"","format":"standard","meta":{"_monsterinsights_skip_tracking":false,"_monsterinsights_sitenote_active":false,"_monsterinsights_sitenote_note":"","_monsterinsights_sitenote_category":0,"footnotes":""},"categories":[35155],"tags":[24273,43675,452,1491],"class_list":["post-401548","post","type-post","status-publish","format-standard","has-post-thumbnail","hentry","category-estado-de-mexico-estado-de-mexico","tag-celebracion","tag-estado-de-mexico","tag-toluca","tag-uaem"],"_links":{"self":[{"href":"https:\/\/www.diarioimagen.net\/index.php?rest_route=\/wp\/v2\/posts\/401548","targetHints":{"allow":["GET"]}}],"collection":[{"href":"https:\/\/www.diarioimagen.net\/index.php?rest_route=\/wp\/v2\/posts"}],"about":[{"href":"https:\/\/www.diarioimagen.net\/index.php?rest_route=\/wp\/v2\/types\/post"}],"author":[{"embeddable":true,"href":"https:\/\/www.diarioimagen.net\/index.php?rest_route=\/wp\/v2\/users\/3"}],"replies":[{"embeddable":true,"href":"https:\/\/www.diarioimagen.net\/index.php?rest_route=%2Fwp%2Fv2%2Fcomments&post=401548"}],"version-history":[{"count":0,"href":"https:\/\/www.diarioimagen.net\/index.php?rest_route=\/wp\/v2\/posts\/401548\/revisions"}],"wp:featuredmedia":[{"embeddable":true,"href":"https:\/\/www.diarioimagen.net\/index.php?rest_route=\/wp\/v2\/media\/401640"}],"wp:attachment":[{"href":"https:\/\/www.diarioimagen.net\/index.php?rest_route=%2Fwp%2Fv2%2Fmedia&parent=401548"}],"wp:term":[{"taxonomy":"category","embeddable":true,"href":"https:\/\/www.diarioimagen.net\/index.php?rest_route=%2Fwp%2Fv2%2Fcategories&post=401548"},{"taxonomy":"post_tag","embeddable":true,"href":"https:\/\/www.diarioimagen.net\/index.php?rest_route=%2Fwp%2Fv2%2Ftags&post=401548"}],"curies":[{"name":"wp","href":"https:\/\/api.w.org\/{rel}","templated":true}]}}