{"id":401613,"date":"2018-11-01T00:10:20","date_gmt":"2018-11-01T06:10:20","guid":{"rendered":"https:\/\/www.diarioimagen.net\/?p=401613"},"modified":"2018-11-01T09:03:01","modified_gmt":"2018-11-01T15:03:01","slug":"jonathan-heat-refuta-a-amlo","status":"publish","type":"post","link":"https:\/\/www.diarioimagen.net\/?p=401613","title":{"rendered":"Jonathan Heat refuta a AMLO"},"content":{"rendered":"<h2>Tras la puerta del poder<\/h2>\n<h5>Roberto Vizca\u00edno<\/h5>\n<p>&nbsp;<\/p>\n<div id=\"attachment_401682\" style=\"width: 470px\" class=\"wp-caption aligncenter\"><a href=\"https:\/\/www.diarioimagen.net\/?attachment_id=401682\" rel=\"attachment wp-att-401682\"><img loading=\"lazy\" decoding=\"async\" aria-describedby=\"caption-attachment-401682\" class=\"size-large wp-image-401682\" src=\"https:\/\/www.diarioimagen.net\/wp-content\/uploads\/2018\/11\/miedo-por-doquier-luis-xavier-460x360.jpg\" alt=\"\" width=\"460\" height=\"360\" srcset=\"https:\/\/www.diarioimagen.net\/wp-content\/uploads\/2018\/11\/miedo-por-doquier-luis-xavier-460x360.jpg 460w, https:\/\/www.diarioimagen.net\/wp-content\/uploads\/2018\/11\/miedo-por-doquier-luis-xavier-240x188.jpg 240w, https:\/\/www.diarioimagen.net\/wp-content\/uploads\/2018\/11\/miedo-por-doquier-luis-xavier-768x600.jpg 768w, https:\/\/www.diarioimagen.net\/wp-content\/uploads\/2018\/11\/miedo-por-doquier-luis-xavier.jpg 1200w\" sizes=\"auto, (max-width: 460px) 100vw, 460px\" \/><\/a><p id=\"caption-attachment-401682\" class=\"wp-caption-text\">Miedo por doquier&#8230; | Luis Xavier<\/p><\/div>\n<p>&nbsp;<\/p>\n<p>Considerado por sus pares como uno de los mejores analistas econ\u00f3micos de y en M\u00e9xico, <strong>Jonathan Heath,<\/strong> preparado en los m\u00e1s altos centros acad\u00e9micos del neoliberalismo econ\u00f3mico fue noticia de primera plana hacia finales de septiembre pasado.<\/p>\n<p>Por esos d\u00edas, <strong>Carlos Urz\u00faa,<\/strong> designado por el presidente electo <strong>Andr\u00e9s Manuel L\u00f3pez Obrador <\/strong>como su futuro secretario de Hacienda, anunci\u00f3 que<strong> Heat <\/strong>ser\u00eda propuesto como subgobernador del Banco de M\u00e9xico en sustituci\u00f3n de <strong>Manuel Ramos Francia<\/strong>, quien deja el cargo el 31 de diciembre pr\u00f3ximo.<\/p>\n<p>La intenci\u00f3n obvia es la de que, una vez que asuma la Presidencia, <strong>AMLO <\/strong>lo impulse para que a finales del 2021 a su vez releve al gobernador del Banco de M\u00e9xico <strong>Alejandro D\u00edaz de Le\u00f3n.<\/strong><\/p>\n<p>Con m\u00e1s de 30 a\u00f1os de experiencia en el an\u00e1lisis de la econom\u00eda nacional, y sus perspectivas <strong>Heat<\/strong> ha trabajado construyendo modelos macroeconom\u00e9tricos para el gobierno mexicano y Wharton Econometrics al tiempo que ha sido profesor en la Universidad Aut\u00f3noma Metropolitana Azcapotzalco, la Universidad Panamericana, el Tecnol\u00f3gico de Monterrey, la Universidad An\u00e1huac, la Universidad de las Am\u00e9ricas y en la Universidad Iberoamericana.<\/p>\n<p><strong>Heat<\/strong> es doctor en Econom\u00eda por la Universidad de Pennsylvania.<\/p>\n<p>Avalado por todo esto, el prospecto de L\u00f3pez Obrador a ser gobernador del Banco Central de M\u00e9xico escribi\u00f3 ayer lo que podr\u00eda considerarse la primera gran cr\u00edtica interna dentro del c\u00edrculo m\u00e1s cercano de <strong>Andr\u00e9s Manuel L\u00f3pez Obrador <\/strong>a la cancelaci\u00f3n del NAICM en Texcoco y a otras intenciones de su gobierno.<\/p>\n<p style=\"text-align: center;\"><strong>An\u00e1lisis demoledor<\/strong><\/p>\n<p>En su art\u00edculo regular que publica en el diario Reforma, bajo el encabezado de <strong>PULSO ECON\u00d3MICO<\/strong> y un cabezal que indica: <strong><em>Comienzo dif\u00edcil, Jonathan Heath<\/em><\/strong> no deja nada al desperdicio sobre lo que \u00e9l considera abiertamente como algo incomprensible, respecto de una serie de decisiones tomadas por su virtual jefe:<\/p>\n<p>\u201cTodo apunta hacia un comienzo sumamente dif\u00edcil para el nuevo sexenio<strong>. <\/strong><\/p>\n<p>Las pol\u00edticas fiscal y monetaria ser\u00e1n restrictivas, tardar\u00e1 en arrancar la inversi\u00f3n p\u00fablica y se ir\u00e1n funcionarios experimentados que no ser\u00e1n reemplazados, mientras que los que se quedan ganar\u00e1n menos.<\/p>\n<p>El sector privado estar\u00e1 observando, invirtiendo a cuenta gotas ante cambios agresivos y poco alentadores en las reglas del juego.<\/p>\n<p>Si de por s\u00ed casi siempre hay menos crecimiento en el primer a\u00f1o de gobierno, ahora apunta a una desaceleraci\u00f3n todav\u00eda mayor.<\/p>\n<p>\u201cEl nuevo gobierno ha reiterado su intenci\u00f3n de tener un presupuesto balanceado, con super\u00e1vit primario y con una profunda revisi\u00f3n del gasto.<\/p>\n<p>Adem\u00e1s de sus proyectos insignia de \u00abJ\u00f3venes Construyendo el Futuro\u00bb y de \u00abPensi\u00f3n Universal para Adultos Mayores\u00bb, el gobierno habla de una reasignaci\u00f3n masiva de secretar\u00edas e inversiones como el Tren Maya y la refiner\u00eda en Tabasco.<\/p>\n<p>El presupuesto no solo contempla estos programas, sino adem\u00e1s tendr\u00e1 que lidiar con un gasto para pensiones cada vez m\u00e1s grande y un costo para el servicio de la deuda creciente.<\/p>\n<p>Aunque habr\u00e1 recortes en muchas \u00e1reas como en los salarios y prestaciones de funcionarios, queda claro que no habr\u00e1 mucho margen de maniobra.<\/p>\n<p>\u201cSin embargo, el nuevo gobierno no se est\u00e1 ayudando. Busca complicar un escenario ya de por s\u00ed bastante complicado. Uno de los problemas mayores que enfrentar\u00e1 ser\u00e1n los ingresos p\u00fablicos limitados.<\/p>\n<p>Pero una buena parte de sus propuestas van a limitar todav\u00eda m\u00e1s los ingresos. Ante una plataforma petrolera disminuida, ha dicho que dejar\u00e1 de exportar petr\u00f3leo para refinar en casa, lo cual va a disminuir los derechos por la exportaci\u00f3n y har\u00e1 que suba el costo de producir gasolina. Ha dicho que bajar\u00e1 el IEPS a la gasolina, lo cual implica menos ingresos por impuestos indirectos y pudiera causar el regreso de subsidios. Va a reducir dr\u00e1sticamente el IVA y el ISR en la zona fronteriza, lo cual significa menos ingresos tributarios. Ante estas propuestas, va a tener que limitar todav\u00eda m\u00e1s el gasto.<\/p>\n<p>\u201cLo confuso de muchas de estas propuestas no es tan solo el hecho de que provocar\u00e1n una disminuci\u00f3n en los ingresos p\u00fablicos, sino que son medidas dirigidas a apoyar los que tienen m\u00e1s ingresos.<\/p>\n<p>Si baja el precio de la gasolina, estar\u00e1 apoyando a los que tienen autom\u00f3viles, en perjuicio de los que no les alcanza dicho lujo. Va a disminuir los impuestos en la zona fronteriza del Pa\u00eds, que es una de las regiones m\u00e1s prosperas y menos pobre. Si va a reducir el IVA y el ISR, \u00bfpor qu\u00e9 no hacerlo en las zonas marginadas del pa\u00eds, especialmente en el sur?<\/p>\n<p>\u201cLa cancelaci\u00f3n del NAIM no solamente implica tirar a la basura una cantidad enorme de recursos ya invertidos y crear costos adicionales en la recisi\u00f3n de contratos, sino adem\u00e1s significa eliminar un flujo futuro de ingresos muy significativo al ya no contar con un aeropuerto que hubiera sido un \u00abhub\u00bb muy atractivo.<\/p>\n<p>El financiamiento que se necesitaba para concluir el NAIM podr\u00eda haber sido aportado en su totalidad por el sector privado, mientras que ahora el nuevo gobierno tendr\u00e1 que utilizar sus propios recursos para construir las dos pistas adicionales y adecuar los tres aeropuertos existentes para un uso mayor.<\/p>\n<p>\u201cTodo lo anterior implica una pol\u00edtica fiscal muy austera, pero no s\u00f3lo de un menor gasto, sino tambi\u00e9n de un impacto negativo sobre la actividad econ\u00f3mica, especialmente en el primer a\u00f1o de gobierno. Recordemos que despu\u00e9s de tres a\u00f1os de crecimiento promedio anual por encima de 4.0 por ciento (de 2010 a 2012), en el primer a\u00f1o de este sexenio crecimos tan solo 1.35 por ciento.<\/p>\n<p>La desaceleraci\u00f3n tan marcada fue provocada por un esfuerzo de consolidaci\u00f3n fiscal (menos ambiciosa que la actual), junto con un subejercicio del gasto ante la inexperiencia del nuevo gobierno para ejercer los recursos a su disposici\u00f3n. Para 2019, promete ser todav\u00eda m\u00e1s dif\u00edcil echar andar la maquina del gasto con menos funcionarios y menor experiencia.<\/p>\n<p>\u201cMientras tanto, la Reserva Federal continuar\u00e1 subiendo su tasa monetaria. Si todo va como planeado, es probable ver aumentos de por lo menos 100 puntos base adicionales. Sin embargo, si se presentan presiones inflacionarias en Estados Unidos, ser\u00e1 posible ver incrementos mayores. Eso pondr\u00e1 una restricci\u00f3n adicional a la pol\u00edtica monetaria de nuestro pa\u00eds, ya que ser\u00e1 sumamente dif\u00edcil disminuir tasas aqu\u00ed si all\u00e1 siguen subiendo\u201d, enumera.<\/p>\n<p>Y concluye con dos palabras que advierten lo peor:<\/p>\n<p>\u201cPinta dif\u00edcil\u201d.<\/p>\n<p>Yo creo que, con este demoledor an\u00e1lisis, <strong>Heat <\/strong>no s\u00f3lo le acaba de tirar el cargo de pr\u00f3ximo gobernador del Banco de M\u00e9xico a la cara a <strong>L\u00f3pez Obrador<\/strong>, sino que est\u00e1 advirtiendo que el pr\u00f3ximo presidente ni sabe nada de econom\u00eda, ni tiene idea de que sus decisiones y propuestas no tienen m\u00e1s sustento que sus ilusiones y la fantas\u00eda.<\/p>\n<p>\u00bfQu\u00e9 van a decir, explicar <strong>L\u00f3pez Obrador, Carlos Urzua<\/strong> y ese pelmazo que est\u00e1 resultando ser el ingeniero <strong>Javier Jim\u00e9nez Espriu?<\/strong> \u00bfsus otros defensores, quienes ayer se batieron casi a muerte en el Senado y en los medios?<\/p>\n<p><strong>Heat<\/strong> es hasta hoy la propuesta de <strong>AMLO<\/strong> para ser gobernador del Banco de M\u00e9xico. Tremendo caso. \u00bfLo va a bajar? Se ver\u00eda p\u00e9simo, aunque ya sabemos que a <strong>L\u00f3pez Obrador<\/strong> no le importa hacer cosas que se vean mal.<\/p>\n<p style=\"text-align: center;\"><strong>Otros escenarios<\/strong><\/p>\n<p>Los pronunciamientos de anteayer de <strong>Federico de la Madrid<\/strong>, titular de Turismo, prendi\u00f3 la imaginaci\u00f3n de algunos quienes comenzaron a construir supuestos escenarios posibles dentro de este momento excepcional que vive M\u00e9xico.<\/p>\n<p>Su se\u00f1alamiento de que podr\u00eda haber otras soluciones alternas a la cancelaci\u00f3n del NAICM por parte de <strong>L\u00f3pez Obrador,<\/strong> llev\u00f3 en forma natural a considerar la posibilidad de que, en los siguientes 29 d\u00edas que le resta de transitar a <strong>Enrique Pe\u00f1a Nieto <\/strong>por la Presidencia de la Rep\u00fablica, sumados a la enorme irritaci\u00f3n provocada en los capitales nacionales y extranjeros por la medida lopezobradorista, podr\u00eda derivar en una concesi\u00f3n de la obra a la IP.<\/p>\n<p>Muchos afirman que 15 o 20 d\u00edas bastar\u00edan para integrar y formalizar un proceso de concesi\u00f3n del NAICM a inversionistas privados de tal forma que <strong>AMLO<\/strong> llegar\u00eda a la Presidencia con una obra en curso en manos de capitales privados.<\/p>\n<p>Si <strong>L\u00f3pez Obrador <\/strong>decidiera entontes cancelar ese proyecto tendr\u00eda que nacionalizarlo, estatizarlo, confiscarlo, y eso ser\u00eda oootra cosa.<\/p>\n<p>Iniciar\u00eda como un gobierno tipo<strong> Hugo Ch\u00e1vez.<\/strong><\/p>\n<p>Pero, bueno, son puras especulaciones, \u00bfno?<\/p>\n<p><em><a href=\"mailto:rvizcainoa@gmail.com\" target=\"_blank\" rel=\"noopener\">rvizcainoa@gmail.com<\/a><\/em><br \/>\n<em><a href=\"http:\/\/www.endirecto.com.mx\/\" target=\"_blank\" rel=\"noopener\">www.endirecto.com.mx<\/a><\/em><br \/>\n<em><a href=\"https:\/\/twitter.com\/_rvizcaino\" target=\"_blank\" rel=\"noopener\">@_RVizcaino<\/a><\/em><br \/>\n<a href=\"https:\/\/www.facebook.com\/rvizcainoa\" target=\"_blank\" rel=\"noopener\">f<em>acebook.com\/rvizcainoa<\/em><\/a><\/p>\n","protected":false},"excerpt":{"rendered":"<p><span style=\"color: #005497;\"><strong>Roberto Vizca\u00edno<\/strong><\/span><br \/>\n<br \/>\nConsiderado por sus pares como uno de los mejores analistas econ\u00f3micos de y en M\u00e9xico, <strong>Jonathan Heath,<\/strong> preparado en los m\u00e1s altos centros acad\u00e9micos del neoliberalismo econ\u00f3mico fue noticia de primera plana hacia finales de septiembre pasado.<\/p>\n","protected":false},"author":3,"featured_media":401682,"comment_status":"open","ping_status":"open","sticky":false,"template":"","format":"standard","meta":{"_monsterinsights_skip_tracking":false,"_monsterinsights_sitenote_active":false,"_monsterinsights_sitenote_note":"","_monsterinsights_sitenote_category":0,"footnotes":""},"categories":[136],"tags":[43674,93,94],"class_list":["post-401613","post","type-post","status-publish","format-standard","has-post-thumbnail","hentry","category-roberto-vizcaino-opinion","tag-opinion","tag-roberto-vizcaino","tag-tras-la-puerta-del-poder"],"_links":{"self":[{"href":"https:\/\/www.diarioimagen.net\/index.php?rest_route=\/wp\/v2\/posts\/401613","targetHints":{"allow":["GET"]}}],"collection":[{"href":"https:\/\/www.diarioimagen.net\/index.php?rest_route=\/wp\/v2\/posts"}],"about":[{"href":"https:\/\/www.diarioimagen.net\/index.php?rest_route=\/wp\/v2\/types\/post"}],"author":[{"embeddable":true,"href":"https:\/\/www.diarioimagen.net\/index.php?rest_route=\/wp\/v2\/users\/3"}],"replies":[{"embeddable":true,"href":"https:\/\/www.diarioimagen.net\/index.php?rest_route=%2Fwp%2Fv2%2Fcomments&post=401613"}],"version-history":[{"count":0,"href":"https:\/\/www.diarioimagen.net\/index.php?rest_route=\/wp\/v2\/posts\/401613\/revisions"}],"wp:featuredmedia":[{"embeddable":true,"href":"https:\/\/www.diarioimagen.net\/index.php?rest_route=\/wp\/v2\/media\/401682"}],"wp:attachment":[{"href":"https:\/\/www.diarioimagen.net\/index.php?rest_route=%2Fwp%2Fv2%2Fmedia&parent=401613"}],"wp:term":[{"taxonomy":"category","embeddable":true,"href":"https:\/\/www.diarioimagen.net\/index.php?rest_route=%2Fwp%2Fv2%2Fcategories&post=401613"},{"taxonomy":"post_tag","embeddable":true,"href":"https:\/\/www.diarioimagen.net\/index.php?rest_route=%2Fwp%2Fv2%2Ftags&post=401613"}],"curies":[{"name":"wp","href":"https:\/\/api.w.org\/{rel}","templated":true}]}}