{"id":401685,"date":"2018-11-02T00:11:27","date_gmt":"2018-11-02T06:11:27","guid":{"rendered":"https:\/\/www.diarioimagen.net\/?p=401685"},"modified":"2018-11-02T00:53:50","modified_gmt":"2018-11-02T06:53:50","slug":"operara-mexicable-con-horario-especial-los-dias-2-y-3-de-noviembre","status":"publish","type":"post","link":"https:\/\/www.diarioimagen.net\/?p=401685","title":{"rendered":"Operar\u00e1 Mexicable con horario especial"},"content":{"rendered":"<ul>\n<li><strong><em>Los d\u00edas 2 y 3 de noviembre<\/em><\/strong><\/li>\n<\/ul>\n<p>&nbsp;<\/p>\n<div id=\"attachment_401686\" style=\"width: 470px\" class=\"wp-caption aligncenter\"><img loading=\"lazy\" decoding=\"async\" aria-describedby=\"caption-attachment-401686\" class=\"wp-image-401686 size-large\" src=\"https:\/\/www.diarioimagen.net\/wp-content\/uploads\/2018\/11\/MEXICABLE2-portal-460x268.jpg\" alt=\"\" width=\"460\" height=\"268\" srcset=\"https:\/\/www.diarioimagen.net\/wp-content\/uploads\/2018\/11\/MEXICABLE2-portal-460x268.jpg 460w, https:\/\/www.diarioimagen.net\/wp-content\/uploads\/2018\/11\/MEXICABLE2-portal-240x140.jpg 240w, https:\/\/www.diarioimagen.net\/wp-content\/uploads\/2018\/11\/MEXICABLE2-portal.jpg 480w\" sizes=\"auto, (max-width: 460px) 100vw, 460px\" \/><p id=\"caption-attachment-401686\" class=\"wp-caption-text\">Los d\u00edas 2 y 3 de noviembre, el Mexicable operar\u00e1 con horario reducido, debido a la baja de actividades derivada del puente por el D\u00eda de Muertos.<\/p><\/div>\n<p>&nbsp;<\/p>\n<p><strong>Ecatepec, Estado de M\u00e9xico<\/strong>.- El Sistema de Transporte Masivo y Telef\u00e9rico del Estado de M\u00e9xico (Sitramytem) inform\u00f3 que los d\u00edas 2 y 3 de noviembre, el Mexicable operar\u00e1 con horario reducido, debido a la baja de actividades derivada del puente lardo por el D\u00eda de los Muertos.<\/p>\n<p>El Sitramytem se\u00f1al\u00f3 que, con base en la experiencia de a\u00f1os previos, la demanda de usuarios en el Telef\u00e9rico disminuye, por lo que se decidi\u00f3 que opere de las 7:00 a las 20:00 horas.<\/p>\n<p>El horario normal del Mexicable es de 4:30 a 23:00 horas de lunes a viernes, los s\u00e1bados de 5:30 a 22:00 horas y el domingo de 7:00 a 20:00 horas.<\/p>\n<p>Asimismo,\u00a0 el Sitramytem dar\u00e1 servicio provisional de la L\u00ednea 4 del Mexib\u00fas, que conecta con el Mexicable, tambi\u00e9n operar\u00e1 en horario recortado, de 7:00 a 18:40 horas en la Terminal Las Am\u00e9ricas, y de 7:00 a 19:30 horas en la Terminal\u00a0 de los Indios Verdes.<\/p>\n<p>El resto de los Mexibuses operar\u00e1n en su horario normal, de 4:00 de la madrugada a la 1:00 horas del d\u00eda siguiente.<\/p>\n","protected":false},"excerpt":{"rendered":"<p>El Sistema de Transporte Masivo y Telef\u00e9rico del Estado de M\u00e9xico (Sitramytem) inform\u00f3 que los d\u00edas 2 y 3 de noviembre, el Mexicable operar\u00e1 con horario reducido, debido a la baja de actividades derivada del puente lardo por el D\u00eda de los Muertos.<\/p>\n","protected":false},"author":5,"featured_media":401686,"comment_status":"open","ping_status":"open","sticky":false,"template":"","format":"standard","meta":{"_monsterinsights_skip_tracking":false,"_monsterinsights_sitenote_active":false,"_monsterinsights_sitenote_note":"","_monsterinsights_sitenote_category":0,"footnotes":""},"categories":[5],"tags":[79724,454,43675,79725],"class_list":["post-401685","post","type-post","status-publish","format-standard","has-post-thumbnail","hentry","category-estado-de-mexico","tag-dias-2-y-3-de-noviembre","tag-ecatepec","tag-estado-de-mexico","tag-operara-mexicable"],"_links":{"self":[{"href":"https:\/\/www.diarioimagen.net\/index.php?rest_route=\/wp\/v2\/posts\/401685","targetHints":{"allow":["GET"]}}],"collection":[{"href":"https:\/\/www.diarioimagen.net\/index.php?rest_route=\/wp\/v2\/posts"}],"about":[{"href":"https:\/\/www.diarioimagen.net\/index.php?rest_route=\/wp\/v2\/types\/post"}],"author":[{"embeddable":true,"href":"https:\/\/www.diarioimagen.net\/index.php?rest_route=\/wp\/v2\/users\/5"}],"replies":[{"embeddable":true,"href":"https:\/\/www.diarioimagen.net\/index.php?rest_route=%2Fwp%2Fv2%2Fcomments&post=401685"}],"version-history":[{"count":0,"href":"https:\/\/www.diarioimagen.net\/index.php?rest_route=\/wp\/v2\/posts\/401685\/revisions"}],"wp:featuredmedia":[{"embeddable":true,"href":"https:\/\/www.diarioimagen.net\/index.php?rest_route=\/wp\/v2\/media\/401686"}],"wp:attachment":[{"href":"https:\/\/www.diarioimagen.net\/index.php?rest_route=%2Fwp%2Fv2%2Fmedia&parent=401685"}],"wp:term":[{"taxonomy":"category","embeddable":true,"href":"https:\/\/www.diarioimagen.net\/index.php?rest_route=%2Fwp%2Fv2%2Fcategories&post=401685"},{"taxonomy":"post_tag","embeddable":true,"href":"https:\/\/www.diarioimagen.net\/index.php?rest_route=%2Fwp%2Fv2%2Ftags&post=401685"}],"curies":[{"name":"wp","href":"https:\/\/api.w.org\/{rel}","templated":true}]}}