{"id":401741,"date":"2018-11-02T00:10:18","date_gmt":"2018-11-02T06:10:18","guid":{"rendered":"https:\/\/www.diarioimagen.net\/?p=401741"},"modified":"2018-11-02T06:01:34","modified_gmt":"2018-11-02T12:01:34","slug":"genera-gem-condiciones-para-desarrollo-economico","status":"publish","type":"post","link":"https:\/\/www.diarioimagen.net\/?p=401741","title":{"rendered":"Genera GEM condiciones para desarrollo econ\u00f3mico"},"content":{"rendered":"<h2>Arco Norte<\/h2>\n<h5>Jos\u00e9 Luis Monta\u00f1ez Aguilar<\/h5>\n<p>&nbsp;<\/p>\n<p><a href=\"https:\/\/www.diarioimagen.net\/?attachment_id=401841\" rel=\"attachment wp-att-401841\"><img loading=\"lazy\" decoding=\"async\" class=\"aligncenter size-large wp-image-401841\" src=\"https:\/\/www.diarioimagen.net\/wp-content\/uploads\/2018\/11\/arco-3490-460x259.jpg\" alt=\"\" width=\"460\" height=\"259\" srcset=\"https:\/\/www.diarioimagen.net\/wp-content\/uploads\/2018\/11\/arco-3490-460x259.jpg 460w, https:\/\/www.diarioimagen.net\/wp-content\/uploads\/2018\/11\/arco-3490-240x135.jpg 240w, https:\/\/www.diarioimagen.net\/wp-content\/uploads\/2018\/11\/arco-3490-235x132.jpg 235w, https:\/\/www.diarioimagen.net\/wp-content\/uploads\/2018\/11\/arco-3490-202x114.jpg 202w, https:\/\/www.diarioimagen.net\/wp-content\/uploads\/2018\/11\/arco-3490-350x196.jpg 350w, https:\/\/www.diarioimagen.net\/wp-content\/uploads\/2018\/11\/arco-3490-220x123.jpg 220w, https:\/\/www.diarioimagen.net\/wp-content\/uploads\/2018\/11\/arco-3490-237x132.jpg 237w, https:\/\/www.diarioimagen.net\/wp-content\/uploads\/2018\/11\/arco-3490.jpg 480w\" sizes=\"auto, (max-width: 460px) 100vw, 460px\" \/><\/a><\/p>\n<p>&nbsp;<\/p>\n<p>Para respaldar la actividad industrial, el comercio y los servicios con el fin de ampliar las inversiones en suelo mexiquense, el gobernador de la entidad, Alfredo Del Mazo Maza, ha establecido una serie de acciones que fortalecen la infraestructura de movilidad, generan condiciones favorables para el desarrollo econ\u00f3mico, la comunicaci\u00f3n y el di\u00e1logo con los diversos sectores productivos, afirm\u00f3 Alberto Curi Naime, titular de la Secretar\u00eda de Desarrollo Econ\u00f3mico (Sedeco).<\/p>\n<p>Durante su participaci\u00f3n en la Sesi\u00f3n Ordinaria 2018 de la C\u00e1mara Nacional de Comercio (Canaco-Servytur), delegaci\u00f3n Estado de M\u00e9xico, el secretario de la Sedeco indic\u00f3 que los servicios que ofrece esta secretar\u00eda son de promoci\u00f3n y acompa\u00f1amiento, para estar siempre cerca del empresario, del comerciante y de los que quieren invertir en los distintos municipios que forman la entidad.<\/p>\n<p>En el encuentro, donde estuvieron presentes representantes de giros como el papelero, restaurantero, distribuidores de autom\u00f3viles, abastecedores de hidrocarburos, de estacionamientos y de hoteler\u00eda, entre otros, Curi Naime\u00a0 recalc\u00f3 que existe una firme convicci\u00f3n del gobernador Alfredo Del Mazo para respaldar el crecimiento econ\u00f3mico, de ah\u00ed que se da un fuerte impulso para incrementar y retener inversiones.<\/p>\n<p>Frente al presidente estatal de la Canaco-Servytur Valle de Toluca, Juan Felipe Chemor, y Laura Gonz\u00e1lez, Enlace Legislativo de la Concanaco, el secretario indic\u00f3 que el Estado de M\u00e9xico busca orientar sus esfuerzos para convertirse en un gobierno digital, para\u00a0 sistematizar todo lo relacionado con\u00a0 licencias y permisos estatales y los que otorgan los municipios.<\/p>\n<p>Luego de proponer un trabajo conjunto, de entendimiento y colaboraci\u00f3n, Curi Naime destac\u00f3 que el gobierno del Estado de M\u00e9xico busca impulsar al sector productivo tal como lo muestran las reformas al marco normativo, en materia de inversiones y desarrollo econ\u00f3mico, publicadas por el titular del Ejecutivo el pasado 17 de septiembre, en las cuales se trabaj\u00f3 con las aportaciones y planteamientos de los representantes de las c\u00e1maras empresariales.<\/p>\n<p>Derivado de ello, dijo, se hicieron modificaciones a 11 ordenamientos y se crearon tres nuevas leyes para acortar hasta en m\u00e1s de un 60 por ciento los tiempos de apertura y funcionamiento de negocios.<\/p>\n<p>Poco antes, integrantes de distintos sectores manifestaron su apoyo para que el Estado de M\u00e9xico siga creciendo y creando nuevos empleos, aunque indicaron la necesidad de establecer acciones concretas en materia de seguridad y control del comercio informal.<\/p>\n<p>Ante ello, el titular de la Sedeco recalc\u00f3 que hay determinaci\u00f3n por atender cada uno de los puntos expuestos, pues el gobierno del Estado de M\u00e9xico, a trav\u00e9s del Plan Estatal de Desarrollo busca recuperar el dinamismo de la econom\u00eda y transitar hacia una planta productiva m\u00e1s moderna y mejor integrada.<\/p>\n<p>Para ello, se impulsar\u00e1n programas espec\u00edficos a fin de elevar la productividad y desarrollar la infraestructura\u00a0 que consoliden al territorio mexiquense como un excelente destino para las inversiones generadoras de empleo.<\/p>\n<p>Por otro lado, dio a conocer que, con base en los indicadores del INEGI, de noviembre de 2017 a marzo de 2018 se crearon 220 Unidades Econ\u00f3micas del sector comercio y que el estado sigue creciendo, pues se\u00a0 han aperturado 87 tiendas de comercio moderno y se ha generado una inversi\u00f3n de poco m\u00e1s de 709.4 millones de pesos.<\/p>\n<p>En cuanto a captaci\u00f3n de inversi\u00f3n extranjera, agreg\u00f3, seguimos como el estado con mayor captaci\u00f3n y de acuerdo con las cifras, correspondientes al segundo trimestre de 2018, se tienen registrados mil 772 millones de d\u00f3lares seg\u00fan datos del INEGI, esto significa el 7.3 por ciento de lo que ha ingresado al pa\u00eds.<\/p>\n<p>Asever\u00f3 que el Indicador Trimestral de la Actividad Econ\u00f3mica Estatal sigue siendo superior a la nacional; con base en los datos emitidos por organismos oficiales es del 4 por ciento respecto del nacional que es s\u00f3lo del 2.6 por ciento, es decir, seguimos creciendo a una tasa m\u00e1s elevada que la nacional.<\/p>\n<p>Apunt\u00f3 que la creaci\u00f3n de empleo en los primeros 13 meses del actual Gobierno estatal ha seguido creciendo y se han registrado 92 mil 294 nuevos empleos formales, seg\u00fan datos del Seguro Social, lo que demuestra que en esta administraci\u00f3n el crecimiento del empleo ha sido de 22.7 por ciento mayor que en periodos similares, en sexenios anteriores.<\/p>\n<p><em><a href=\"mailto:montanezaguilar@gmail.com\" target=\"_blank\" rel=\"noopener\">montanezaguilar@gmail.com<\/a><\/em><\/p>\n","protected":false},"excerpt":{"rendered":"<p><span style=\"color: #005497;\">Jos\u00e9 Luis Monta\u00f1ez Aguilar<\/span><br \/>\n<br \/>\nPara respaldar la actividad industrial, el comercio y los servicios con el fin de ampliar las inversiones en suelo mexiquense, el gobernador de la entidad, Alfredo Del Mazo Maza, ha establecido una serie de acciones que fortalecen la infraestructura de movilidad, generan condiciones favorables para el desarrollo econ\u00f3mico, la comunicaci\u00f3n y el di\u00e1logo con los diversos sectores productivos, afirm\u00f3 Alberto Curi Naime, titular de la Secretar\u00eda de Desarrollo Econ\u00f3mico (Sedeco).<\/p>\n","protected":false},"author":3,"featured_media":401841,"comment_status":"open","ping_status":"open","sticky":false,"template":"","format":"standard","meta":{"_monsterinsights_skip_tracking":false,"_monsterinsights_sitenote_active":false,"_monsterinsights_sitenote_note":"","_monsterinsights_sitenote_category":0,"footnotes":""},"categories":[5],"tags":[13284,43704,43674],"class_list":["post-401741","post","type-post","status-publish","format-standard","has-post-thumbnail","hentry","category-estado-de-mexico","tag-arco-norte","tag-jose-luis-montanez-aguilar","tag-opinion"],"_links":{"self":[{"href":"https:\/\/www.diarioimagen.net\/index.php?rest_route=\/wp\/v2\/posts\/401741","targetHints":{"allow":["GET"]}}],"collection":[{"href":"https:\/\/www.diarioimagen.net\/index.php?rest_route=\/wp\/v2\/posts"}],"about":[{"href":"https:\/\/www.diarioimagen.net\/index.php?rest_route=\/wp\/v2\/types\/post"}],"author":[{"embeddable":true,"href":"https:\/\/www.diarioimagen.net\/index.php?rest_route=\/wp\/v2\/users\/3"}],"replies":[{"embeddable":true,"href":"https:\/\/www.diarioimagen.net\/index.php?rest_route=%2Fwp%2Fv2%2Fcomments&post=401741"}],"version-history":[{"count":0,"href":"https:\/\/www.diarioimagen.net\/index.php?rest_route=\/wp\/v2\/posts\/401741\/revisions"}],"wp:featuredmedia":[{"embeddable":true,"href":"https:\/\/www.diarioimagen.net\/index.php?rest_route=\/wp\/v2\/media\/401841"}],"wp:attachment":[{"href":"https:\/\/www.diarioimagen.net\/index.php?rest_route=%2Fwp%2Fv2%2Fmedia&parent=401741"}],"wp:term":[{"taxonomy":"category","embeddable":true,"href":"https:\/\/www.diarioimagen.net\/index.php?rest_route=%2Fwp%2Fv2%2Fcategories&post=401741"},{"taxonomy":"post_tag","embeddable":true,"href":"https:\/\/www.diarioimagen.net\/index.php?rest_route=%2Fwp%2Fv2%2Ftags&post=401741"}],"curies":[{"name":"wp","href":"https:\/\/api.w.org\/{rel}","templated":true}]}}