{"id":401810,"date":"2018-11-02T00:04:29","date_gmt":"2018-11-02T06:04:29","guid":{"rendered":"https:\/\/www.diarioimagen.net\/?p=401810"},"modified":"2018-11-02T04:14:50","modified_gmt":"2018-11-02T10:14:50","slug":"insuficiente-austeridad-y-honestidad-2","status":"publish","type":"post","link":"https:\/\/www.diarioimagen.net\/?p=401810","title":{"rendered":"Insuficiente austeridad y honestidad"},"content":{"rendered":"<h2>Poder y dinero<\/h2>\n<h5>V\u00edctor S\u00e1nchez Ba\u00f1os<\/h5>\n<p>&nbsp;<\/p>\n<p style=\"text-align: right;\"><strong><em>La lectura forma al hombre; las conferencias lo alistan;<\/em><\/strong><em><strong>\u00a0y la escritura lo perfecciona<\/strong><br \/>\nFracis Bar\u00f3n de Verulan Bacon, 1561-1626; fil\u00f3sofo y <\/em><em>estadista brit\u00e1nico<\/em><\/p>\n<p>&nbsp;<\/p>\n<p>#InsuficienteAusteridadYHonestidad #AMLO #UrgeCrecer7% #GolpeteoPorPresupuesto #PocosD\u00edasParaAprobarlo #DiciembreClave #ClubMed # HenriGiscard-d\u00b4Estaing #Aeromar #Sobrecargos #Soriana #Mart\u00ednBringas #Fundaci\u00f3nGIN<\/p>\n<p>&nbsp;<\/p>\n<p>El pr\u00f3ximo gobierno federal necesita de poco m\u00e1s de 750 mil millones de pesos anuales para cumplir con la mayor\u00eda de las necesidades de bienestar a la sociedad.\u00a0 Para ello, se demanda un crecimiento mayor al 7 por ciento anual, un ritmo que s\u00f3lo Chile ha logrado en el continente.<\/p>\n<p>El equipo de Andr\u00e9s Manuel L\u00f3pez Obrador se fij\u00f3 metas deseables y alcanzables en un ambiente de crecimiento econ\u00f3mico y desarrollo de la iniciativa privada para crear un c\u00edrculo virtuoso.<\/p>\n<p>Con bajos impuestos, est\u00edmulos a la inversi\u00f3n y al empleo, provocar\u00e1 crecimiento empresarial, demanda de mayor mano de obra.<\/p>\n<p>Por ende, m\u00e1s exigencia de bienes y servicios, lo que se reflejar\u00e1 en m\u00e1s impuestos y bienestar. No son suficientes austeridad y honestidad. Son las pol\u00edticas p\u00fablicas las que llevar\u00e1n a la econom\u00eda a un crecimiento sostenido. Por ello, las promesas de AMLO son deseables y factibles.<\/p>\n<p>Sin embargo, las negociaciones en el Congreso no ser\u00e1n f\u00e1ciles para los de Morena, quienes necesitar\u00e1n un presupuesto flexible para que L\u00f3pez Obrador cumpla sus promesas.\u00a0 La presidenta de la Comisi\u00f3n de Hacienda y Cr\u00e9dito P\u00fablico de la C\u00e1mara Baja, la panista Patricia Terrazas Baca, demand\u00f3 la creaci\u00f3n de un marco jur\u00eddico que permita al Estado mexicano contar con las fuentes de ingreso necesarias para sufragar el gasto p\u00fablico, sin dilapidar las finanzas y el patrimonio de los contribuyentes en obras caprichosas.<\/p>\n<p>Al instalar formalmente la comisi\u00f3n, destac\u00f3 que el desaf\u00edo es mayor porque se debe atender, desde una pol\u00edtica financiera, el grave rezago hist\u00f3rico que por a\u00f1os ha impedido el desarrollo del pa\u00eds.\u00a0 El diputado Carlos Alberto Puente Salas (PVEM) propuso revisar las bases del federalismo fiscal; que debe fortalecerse, cuidando la hacienda p\u00fablica nacional. \u00d3scar Gonz\u00e1lez Y\u00e1\u00f1ez (PT) manifest\u00f3 que el compromiso de su partido es impulsar a la banca de desarrollo, ya que las instituciones de cr\u00e9dito abandonaron su responsabilidad de ser motor de la econom\u00eda, en complicidad con la Secretar\u00eda de Hacienda. Pedro Pablo Trevi\u00f1o Villarreal (PRI) coment\u00f3 que la comisi\u00f3n tendr\u00e1 la responsabilidad de hacer eficiente el gasto p\u00fablico y que las finanzas nacionales caminen una ruta segura y sensata. Por Morena, el diputado Carol Antonio Altamirano, expuso que se observa un panorama complejo.<\/p>\n<p><strong>PODEROSOS CABALLEROS<\/strong>: Adem\u00e1s de reafirmar su compromiso de abrir cinco nuevos resorts por a\u00f1o en los pr\u00f3ximos cinco a\u00f1os, Club Med, bajo el liderazgo de Henri Giscard d\u00b4Estaing, el plan contempla la incursi\u00f3n de la marca en nuevos destinos con ubicaciones \u00fanicas y privilegiadas.<\/p>\n<p>Fortalece su presencia en la regi\u00f3n de Asia, con la creaci\u00f3n de nuevos resorts y elevando la oferta de vacaciones de nieve todo incluido con la incursi\u00f3n en Am\u00e9rica del Norte. Bajo esta premisa, Club Med anuncia las aperturas, renovaciones y mejoras que llevar\u00e1 a cabo durante los pr\u00f3ximos a\u00f1os con lo que se mantiene como l\u00edder mundial del concepto Premium All-Inclusive dirigido a familias, parejas y viajeros de todo el mundo.<\/p>\n<p>*** Aeromar, que encabeza Dieter Holtz Wedde, lleg\u00f3 a un acuerdo con la Asociaci\u00f3n Sindical Sobrecargos de Aviaci\u00f3n, de Ricardo del Valle Solares, para una pr\u00f3rroga de revisi\u00f3n salarial. As\u00ed, la aerol\u00ednea tendr\u00e1 el tiempo que le permitir\u00e1 consolidar sus proyectos, para seguir en la ruta del crecimiento en el mercado de la aviaci\u00f3n. Asimismo, Aeromar y ASSA no solo mantienen las fuentes laborales, sino que, al mismo tiempo, abren el horizonte para la llegada de propuestas de inversi\u00f3n, que podr\u00edan materializarse en los pr\u00f3ximos d\u00edas.<\/p>\n<p>*** Soriana, que preside Ricardo Mart\u00edn Bringas, sus ingresos cayeron a 38 mil 655 millones de pesos, a consecuencia del cierre de tiendas. La ca\u00edda se deriv\u00f3 del cierre de 11 unidades en los \u00faltimos 12 meses. Adem\u00e1s, la utilidad neta consolidada baj\u00f3 34.4%, al llegar a 648 millones de pesos.<\/p>\n<p><strong>RESPONSABILIDAD SOCIAL CORPORATIVA<\/strong>: Bajo el liderazgo de Ra\u00fal Beyruti S\u00e1nchez, Fundaci\u00f3nGIN celebr\u00f3 sus cinco a\u00f1os de labor en el 3er Encuentro El Poder de Responsabilizarse. Gabriela Alatriste, directora de Fundaci\u00f3nGIN relat\u00f3 los logros de la fundaci\u00f3n y present\u00f3 programas como Puertas Abiertas, que se enfoca en el desarrollo de talento; Por Tu Salud, que atiende la salud emocional, y Dar Es Recibir, que consiste en actividades que fomentan el buen clima laboral con c\u00edrculos de lectura y fomento al deporte.<\/p>\n<p><em><a href=\"mailto:vsb@poderydinero.mx\" target=\"_blank\" rel=\"noopener\">vsb@poderydinero.mx<\/a><br \/>\n<\/em><em><strong>Twitter:<\/strong><a href=\"https:\/\/twitter.com\/vsanchezbanos\" target=\"_blank\" rel=\"noopener\">@vsanchezbano<br \/>\n<\/a><\/em><em><strong>Facebook:\u00a0<\/strong><a href=\"https:\/\/www.facebook.com\/vsanchezbanos?fref=ts\" target=\"_blank\" rel=\"noopener\">vsanchezbano<\/a><\/em><\/p>\n","protected":false},"excerpt":{"rendered":"<p><span style=\"color: #005497;\"><strong>V\u00edctor S\u00e1nchez Ba\u00f1os<\/strong><\/span><\/p>\n","protected":false},"author":3,"featured_media":0,"comment_status":"open","ping_status":"open","sticky":false,"template":"","format":"standard","meta":{"_monsterinsights_skip_tracking":false,"_monsterinsights_sitenote_active":false,"_monsterinsights_sitenote_note":"","_monsterinsights_sitenote_category":0,"footnotes":""},"categories":[38844],"tags":[43674,38847,38848],"class_list":["post-401810","post","type-post","status-publish","format-standard","hentry","category-victor-sanchez-banos","tag-opinion","tag-poder-y-dinero","tag-victor-sanchez-banos"],"_links":{"self":[{"href":"https:\/\/www.diarioimagen.net\/index.php?rest_route=\/wp\/v2\/posts\/401810","targetHints":{"allow":["GET"]}}],"collection":[{"href":"https:\/\/www.diarioimagen.net\/index.php?rest_route=\/wp\/v2\/posts"}],"about":[{"href":"https:\/\/www.diarioimagen.net\/index.php?rest_route=\/wp\/v2\/types\/post"}],"author":[{"embeddable":true,"href":"https:\/\/www.diarioimagen.net\/index.php?rest_route=\/wp\/v2\/users\/3"}],"replies":[{"embeddable":true,"href":"https:\/\/www.diarioimagen.net\/index.php?rest_route=%2Fwp%2Fv2%2Fcomments&post=401810"}],"version-history":[{"count":0,"href":"https:\/\/www.diarioimagen.net\/index.php?rest_route=\/wp\/v2\/posts\/401810\/revisions"}],"wp:attachment":[{"href":"https:\/\/www.diarioimagen.net\/index.php?rest_route=%2Fwp%2Fv2%2Fmedia&parent=401810"}],"wp:term":[{"taxonomy":"category","embeddable":true,"href":"https:\/\/www.diarioimagen.net\/index.php?rest_route=%2Fwp%2Fv2%2Fcategories&post=401810"},{"taxonomy":"post_tag","embeddable":true,"href":"https:\/\/www.diarioimagen.net\/index.php?rest_route=%2Fwp%2Fv2%2Ftags&post=401810"}],"curies":[{"name":"wp","href":"https:\/\/api.w.org\/{rel}","templated":true}]}}