{"id":401921,"date":"2018-11-05T00:10:24","date_gmt":"2018-11-05T06:10:24","guid":{"rendered":"https:\/\/www.diarioimagen.net\/?p=401921"},"modified":"2018-11-05T07:59:41","modified_gmt":"2018-11-05T13:59:41","slug":"amlo-tendra-un-gasto-neto-de-5-billones-677-mil-mdp","status":"publish","type":"post","link":"https:\/\/www.diarioimagen.net\/?p=401921","title":{"rendered":"AMLO tendr\u00e1 un gasto neto de 5 billones 677 mil mdp"},"content":{"rendered":"<ul>\n<li><strong><em>Para programas sociales, 982 mil mdp en 2019<\/em><\/strong><\/li>\n<\/ul>\n<p>&nbsp;<\/p>\n<div id=\"attachment_401994\" style=\"width: 470px\" class=\"wp-caption aligncenter\"><a href=\"https:\/\/www.diarioimagen.net\/?attachment_id=401994\" rel=\"attachment wp-att-401994\"><img loading=\"lazy\" decoding=\"async\" aria-describedby=\"caption-attachment-401994\" class=\"size-large wp-image-401994\" src=\"https:\/\/www.diarioimagen.net\/wp-content\/uploads\/2018\/11\/PRESUOUESTO5-460x259.jpg\" alt=\"\" width=\"460\" height=\"259\" srcset=\"https:\/\/www.diarioimagen.net\/wp-content\/uploads\/2018\/11\/PRESUOUESTO5-460x259.jpg 460w, https:\/\/www.diarioimagen.net\/wp-content\/uploads\/2018\/11\/PRESUOUESTO5-240x135.jpg 240w, https:\/\/www.diarioimagen.net\/wp-content\/uploads\/2018\/11\/PRESUOUESTO5-235x132.jpg 235w, https:\/\/www.diarioimagen.net\/wp-content\/uploads\/2018\/11\/PRESUOUESTO5-202x114.jpg 202w, https:\/\/www.diarioimagen.net\/wp-content\/uploads\/2018\/11\/PRESUOUESTO5-350x196.jpg 350w, https:\/\/www.diarioimagen.net\/wp-content\/uploads\/2018\/11\/PRESUOUESTO5-220x123.jpg 220w, https:\/\/www.diarioimagen.net\/wp-content\/uploads\/2018\/11\/PRESUOUESTO5-237x132.jpg 237w, https:\/\/www.diarioimagen.net\/wp-content\/uploads\/2018\/11\/PRESUOUESTO5.jpg 480w\" sizes=\"auto, (max-width: 460px) 100vw, 460px\" \/><\/a><p id=\"caption-attachment-401994\" class=\"wp-caption-text\">En programas sociales de AMLO ser\u00e1n prioridad el de apoyo a j\u00f3venes y las pensiones de adultos mayores.<\/p><\/div>\n<p>&nbsp;<\/p>\n<p>Andr\u00e9s Manuel L\u00f3pez Obrador, Presidente electo, contar\u00e1 para 2019 con un gasto neto total de 5 billones 677 mil millones de pesos, de los cuales dispondr\u00e1 de un \u201cmargen de maniobra\u201d inicial de 982 mil millones para fondear sus programas prioritarios y alcanzar sus principales objetivos.<\/p>\n<p>Los datos fueron confirmados por el presidente de la Comisi\u00f3n de Presupuesto de la C\u00e1mara de Diputados, Alfonso Ram\u00edrez Cu\u00e9llar, y remarc\u00f3 que, adem\u00e1s de cumplir todos sus compromisos y obligaciones de gobierno, L\u00f3pez Obrador tendr\u00e1 suficiencia presupuestal para financiar sus nuevos programas.<\/p>\n<p>\u201cHabr\u00e1 certeza y responsabilidad en el debate y aprobaci\u00f3n del presupuesto. Ser\u00e1 el presupuesto m\u00e1s consultado y debatido que tengamos memoria, y tambi\u00e9n ser\u00e1 el m\u00e1s consensuado; el pago y el cumplimiento de todos los compromisos derivados de la ley y de las obligaciones financieras quedar\u00e1 completamente a salvo y contaremos con suficiencia de recursos para cumplir con los compromisos de ley y los nuevos programas de desarrollo\u201d, dijo.<\/p>\n<p>Se\u00f1al\u00f3 que el \u201cmargen de maniobra\u201d de 982 mil millones de pesos se podr\u00eda incluso incrementar con algunas reasignaciones en el Presupuesto de Egresos.<\/p>\n<p>El legislador de Morena afirm\u00f3 en ese sentido que, al cierre de septiembre pasado, el gobierno federal report\u00f3 la existencia de 341 fideicomisos sin estructura org\u00e1nica y disponibilidades por m\u00e1s de 875 mil millones de pesos.<\/p>\n<p>Advirti\u00f3 por ello la necesidad de revisar el uso y destino de los recursos de al menos 275 de esos fideicomisos, cuyas disponibilidades alcanzan 288 mil millones de pesos.<\/p>\n<p>Ram\u00edrez Cu\u00e9llar remarc\u00f3 que la Comisi\u00f3n de Presupuesto est\u00e1 lista para recibir el proyecto de Presupuesto de Egresos a m\u00e1s tardar el 15 de diciembre, para discutirlo y aprobarlo en tiempo y forma antes de finalizar el a\u00f1o.<\/p>\n<p>Entre las prioridades del pr\u00f3ximo gobierno de la Rep\u00fablica, el diputado enumer\u00f3 los programas sociales J\u00f3venes Construyendo el Futuro, Desarrollo con Bienestar Social. Alimentaci\u00f3n y Salud para Todos, Pensi\u00f3n para el Bienestar de los Adultos Mayores y Pensi\u00f3n para el Bienestar de Personas con Discapacidad.<\/p>\n<p>Cit\u00f3 igualmente el Plan de Reconstrucci\u00f3n para Damnificados, la creaci\u00f3n de la Zona Franca en la Frontera Norte, el desarrollo en el Istmo de Tehuantepec, la construcci\u00f3n del Tren Maya, la cobertura de Internet y el Fondo Minero, entre otros.<\/p>\n<p>Sobre la ruta para la aprobaci\u00f3n del Presupuesto 2019, Ram\u00edrez Cu\u00e9llar se\u00f1al\u00f3 que la Comisi\u00f3n de Presupuesto tomar\u00e1 en cuenta las opiniones de las comisiones ordinarias.<\/p>\n<p>\u201cEstamos discutiendo con todos los \u00f3rdenes de gobierno la reducci\u00f3n de los costos de los poderes ejecutivos, legislativos y judiciales de las entidades y de la federaci\u00f3n, y hemos encontrado muy buena respuesta con la mayor\u00eda de los gobernadores y legisladores\u201d, indic\u00f3.<\/p>\n","protected":false},"excerpt":{"rendered":"<p>Andr\u00e9s Manuel L\u00f3pez Obrador, Presidente electo, contar\u00e1 para 2019 con un gasto neto total de 5 billones 677 mil millones de pesos, de los cuales dispondr\u00e1 de un \u201cmargen de maniobra\u201d inicial de 982 mil millones para fondear sus programas prioritarios y alcanzar sus principales objetivos.<\/p>\n","protected":false},"author":3,"featured_media":401994,"comment_status":"open","ping_status":"open","sticky":false,"template":"","format":"standard","meta":{"_monsterinsights_skip_tracking":false,"_monsterinsights_sitenote_active":false,"_monsterinsights_sitenote_note":"","_monsterinsights_sitenote_category":0,"footnotes":""},"categories":[8],"tags":[2545,43678,31248,43673],"class_list":["post-401921","post","type-post","status-publish","format-standard","has-post-thumbnail","hentry","category-finanzas","tag-amlo","tag-finanzas","tag-gasto","tag-nacional"],"_links":{"self":[{"href":"https:\/\/www.diarioimagen.net\/index.php?rest_route=\/wp\/v2\/posts\/401921","targetHints":{"allow":["GET"]}}],"collection":[{"href":"https:\/\/www.diarioimagen.net\/index.php?rest_route=\/wp\/v2\/posts"}],"about":[{"href":"https:\/\/www.diarioimagen.net\/index.php?rest_route=\/wp\/v2\/types\/post"}],"author":[{"embeddable":true,"href":"https:\/\/www.diarioimagen.net\/index.php?rest_route=\/wp\/v2\/users\/3"}],"replies":[{"embeddable":true,"href":"https:\/\/www.diarioimagen.net\/index.php?rest_route=%2Fwp%2Fv2%2Fcomments&post=401921"}],"version-history":[{"count":0,"href":"https:\/\/www.diarioimagen.net\/index.php?rest_route=\/wp\/v2\/posts\/401921\/revisions"}],"wp:featuredmedia":[{"embeddable":true,"href":"https:\/\/www.diarioimagen.net\/index.php?rest_route=\/wp\/v2\/media\/401994"}],"wp:attachment":[{"href":"https:\/\/www.diarioimagen.net\/index.php?rest_route=%2Fwp%2Fv2%2Fmedia&parent=401921"}],"wp:term":[{"taxonomy":"category","embeddable":true,"href":"https:\/\/www.diarioimagen.net\/index.php?rest_route=%2Fwp%2Fv2%2Fcategories&post=401921"},{"taxonomy":"post_tag","embeddable":true,"href":"https:\/\/www.diarioimagen.net\/index.php?rest_route=%2Fwp%2Fv2%2Ftags&post=401921"}],"curies":[{"name":"wp","href":"https:\/\/api.w.org\/{rel}","templated":true}]}}