{"id":401927,"date":"2018-11-05T00:11:30","date_gmt":"2018-11-05T06:11:30","guid":{"rendered":"https:\/\/www.diarioimagen.net\/?p=401927"},"modified":"2018-11-05T08:13:03","modified_gmt":"2018-11-05T14:13:03","slug":"tormentas-y-frio-en-varios-estados-por-xavier","status":"publish","type":"post","link":"https:\/\/www.diarioimagen.net\/?p=401927","title":{"rendered":"Tormentas y fr\u00edo en varios estados por \u201cXavier\u201d"},"content":{"rendered":"<ul>\n<li><strong><em>Centro y oriente<\/em><\/strong><\/li>\n<\/ul>\n<p>&nbsp;<\/p>\n<div id=\"attachment_402005\" style=\"width: 470px\" class=\"wp-caption aligncenter\"><a href=\"https:\/\/www.diarioimagen.net\/?attachment_id=402005\" rel=\"attachment wp-att-402005\"><img loading=\"lazy\" decoding=\"async\" aria-describedby=\"caption-attachment-402005\" class=\"size-large wp-image-402005\" src=\"https:\/\/www.diarioimagen.net\/wp-content\/uploads\/2018\/11\/XAVIER5-460x259.jpg\" alt=\"\" width=\"460\" height=\"259\" srcset=\"https:\/\/www.diarioimagen.net\/wp-content\/uploads\/2018\/11\/XAVIER5-460x259.jpg 460w, https:\/\/www.diarioimagen.net\/wp-content\/uploads\/2018\/11\/XAVIER5-240x135.jpg 240w, https:\/\/www.diarioimagen.net\/wp-content\/uploads\/2018\/11\/XAVIER5-235x132.jpg 235w, https:\/\/www.diarioimagen.net\/wp-content\/uploads\/2018\/11\/XAVIER5-202x114.jpg 202w, https:\/\/www.diarioimagen.net\/wp-content\/uploads\/2018\/11\/XAVIER5-350x196.jpg 350w, https:\/\/www.diarioimagen.net\/wp-content\/uploads\/2018\/11\/XAVIER5-220x123.jpg 220w, https:\/\/www.diarioimagen.net\/wp-content\/uploads\/2018\/11\/XAVIER5-237x132.jpg 237w, https:\/\/www.diarioimagen.net\/wp-content\/uploads\/2018\/11\/XAVIER5.jpg 480w\" sizes=\"auto, (max-width: 460px) 100vw, 460px\" \/><\/a><p id=\"caption-attachment-402005\" class=\"wp-caption-text\">Durante las pr\u00f3ximas horas se esperan tormentas muy fuertes en al menos estados por la tormenta tropical \u201cXavier\u201d.<\/p><\/div>\n<p>&nbsp;<\/p>\n<p>El Servicio Meteorol\u00f3gico Nacional (SMN) inform\u00f3 que en las pr\u00f3ximas horas, la masa de aire asociada al frente fr\u00edo 8 ocasionar\u00e1 tormentas en varios estados del pa\u00eds, as\u00ed como ambiente fr\u00edo en el centro y oriente de la Rep\u00fablica Mexicana.<\/p>\n<p>En un comunicado, detall\u00f3 que se pronostican tormentas intensas en Veracruz y Oaxaca; tormentas muy fuertes en Tabasco y Chiapas, y tormentas fuertes en Jalisco, Colima, Michoac\u00e1n, Guerrero, Ciudad de M\u00e9xico, Estado de M\u00e9xico, Puebla, Campeche, Yucat\u00e1n y Quintana Roo.<\/p>\n<p>Agreg\u00f3 que las precipitaciones ser\u00e1n originadas por el frente fr\u00edo n\u00famero 8, extendido sobre la Pen\u00ednsula de Yucat\u00e1n y el sureste de M\u00e9xico, en combinaci\u00f3n con la entrada de aire h\u00famedo e inestable del oc\u00e9ano Pac\u00edfico, generado por la circulaci\u00f3n de <em>Xavier<\/em>.<\/p>\n<p>El organismo, dependiente de la Comisi\u00f3n Nacional del Agua (Conagua), indic\u00f3 que la masa de aire asociada al sistema frontal n\u00famero 8 tambi\u00e9n ocasionar\u00e1 ambiente fr\u00edo en el centro y oriente del pa\u00eds.<\/p>\n<p>Refiri\u00f3 que a las 18:00 horas, tiempo del centro de M\u00e9xico, el centro de la tormenta tropical <em>Xavier<\/em>, se localiz\u00f3 a 395 kil\u00f3metros al sur-suroeste de Manzanillo, Colima, con vientos de 85 kil\u00f3metros por hora, rachas de 100 kil\u00f3metros por hora y desplazamiento al este-noreste a 15 kil\u00f3metros por hora.<\/p>\n<p>Asimismo, record\u00f3 que debido a las lluvias recientes el suelo est\u00e1 saturado, por lo que recomend\u00f3 a la poblaci\u00f3n extremar precauciones y atender el llamado de las autoridades del Sistema Nacional de Protecci\u00f3n Civil.<\/p>\n<p>Ello, porque al continuar las lluvias, podr\u00eda haber deslaves, deslizamientos de laderas, desbordamiento de r\u00edos y arroyos o afectaciones en caminos y tramos carreteros, as\u00ed como inundaciones en zonas bajas y sitios urbanos.<\/p>\n","protected":false},"excerpt":{"rendered":"<p>El Servicio Meteorol\u00f3gico Nacional (SMN) inform\u00f3 que en las pr\u00f3ximas horas, la masa de aire asociada al frente fr\u00edo 8 ocasionar\u00e1 tormentas en varios estados del pa\u00eds, as\u00ed como ambiente fr\u00edo en el centro y oriente de la Rep\u00fablica Mexicana.<\/p>\n","protected":false},"author":3,"featured_media":402005,"comment_status":"open","ping_status":"open","sticky":false,"template":"","format":"standard","meta":{"_monsterinsights_skip_tracking":false,"_monsterinsights_sitenote_active":false,"_monsterinsights_sitenote_note":"","_monsterinsights_sitenote_category":0,"footnotes":""},"categories":[3],"tags":[127,530,19542,79804],"class_list":["post-401927","post","type-post","status-publish","format-standard","has-post-thumbnail","hentry","category-nacional","tag-frio","tag-servicio-meteorologico-nacional","tag-tormenta","tag-xavier"],"_links":{"self":[{"href":"https:\/\/www.diarioimagen.net\/index.php?rest_route=\/wp\/v2\/posts\/401927","targetHints":{"allow":["GET"]}}],"collection":[{"href":"https:\/\/www.diarioimagen.net\/index.php?rest_route=\/wp\/v2\/posts"}],"about":[{"href":"https:\/\/www.diarioimagen.net\/index.php?rest_route=\/wp\/v2\/types\/post"}],"author":[{"embeddable":true,"href":"https:\/\/www.diarioimagen.net\/index.php?rest_route=\/wp\/v2\/users\/3"}],"replies":[{"embeddable":true,"href":"https:\/\/www.diarioimagen.net\/index.php?rest_route=%2Fwp%2Fv2%2Fcomments&post=401927"}],"version-history":[{"count":0,"href":"https:\/\/www.diarioimagen.net\/index.php?rest_route=\/wp\/v2\/posts\/401927\/revisions"}],"wp:featuredmedia":[{"embeddable":true,"href":"https:\/\/www.diarioimagen.net\/index.php?rest_route=\/wp\/v2\/media\/402005"}],"wp:attachment":[{"href":"https:\/\/www.diarioimagen.net\/index.php?rest_route=%2Fwp%2Fv2%2Fmedia&parent=401927"}],"wp:term":[{"taxonomy":"category","embeddable":true,"href":"https:\/\/www.diarioimagen.net\/index.php?rest_route=%2Fwp%2Fv2%2Fcategories&post=401927"},{"taxonomy":"post_tag","embeddable":true,"href":"https:\/\/www.diarioimagen.net\/index.php?rest_route=%2Fwp%2Fv2%2Ftags&post=401927"}],"curies":[{"name":"wp","href":"https:\/\/api.w.org\/{rel}","templated":true}]}}