{"id":401936,"date":"2018-11-05T00:08:17","date_gmt":"2018-11-05T06:08:17","guid":{"rendered":"https:\/\/www.diarioimagen.net\/?p=401936"},"modified":"2018-11-05T08:27:26","modified_gmt":"2018-11-05T14:27:26","slug":"preserva-el-gobierno-de-tultitlan-tradiciones-con-dia-de-muertos","status":"publish","type":"post","link":"https:\/\/www.diarioimagen.net\/?p=401936","title":{"rendered":"Preserva el gobierno de Tultitl\u00e1n tradiciones con D\u00eda de Muertos"},"content":{"rendered":"<ul>\n<li><strong><em>Recuerdan a Jos\u00e9 Guadalupe Posada<\/em><\/strong><\/li>\n<\/ul>\n<p>&nbsp;<\/p>\n<div id=\"attachment_402018\" style=\"width: 470px\" class=\"wp-caption aligncenter\"><a href=\"https:\/\/www.diarioimagen.net\/?attachment_id=402018\" rel=\"attachment wp-att-402018\"><img loading=\"lazy\" decoding=\"async\" aria-describedby=\"caption-attachment-402018\" class=\"size-large wp-image-402018\" src=\"https:\/\/www.diarioimagen.net\/wp-content\/uploads\/2018\/11\/TULTITLAN-muertos-460x259.jpg\" alt=\"\" width=\"460\" height=\"259\" srcset=\"https:\/\/www.diarioimagen.net\/wp-content\/uploads\/2018\/11\/TULTITLAN-muertos-460x259.jpg 460w, https:\/\/www.diarioimagen.net\/wp-content\/uploads\/2018\/11\/TULTITLAN-muertos-240x135.jpg 240w, https:\/\/www.diarioimagen.net\/wp-content\/uploads\/2018\/11\/TULTITLAN-muertos-235x132.jpg 235w, https:\/\/www.diarioimagen.net\/wp-content\/uploads\/2018\/11\/TULTITLAN-muertos-202x114.jpg 202w, https:\/\/www.diarioimagen.net\/wp-content\/uploads\/2018\/11\/TULTITLAN-muertos-350x196.jpg 350w, https:\/\/www.diarioimagen.net\/wp-content\/uploads\/2018\/11\/TULTITLAN-muertos-220x123.jpg 220w, https:\/\/www.diarioimagen.net\/wp-content\/uploads\/2018\/11\/TULTITLAN-muertos-237x132.jpg 237w, https:\/\/www.diarioimagen.net\/wp-content\/uploads\/2018\/11\/TULTITLAN-muertos.jpg 480w\" sizes=\"auto, (max-width: 460px) 100vw, 460px\" \/><\/a><p id=\"caption-attachment-402018\" class=\"wp-caption-text\">En Tultitl\u00e1n se le rindi\u00f3 homenaje a Jos\u00e9 Guadalupe Posada, quien fue el creador de las catrinas.<\/p><\/div>\n<p>&nbsp;<\/p>\n<p><strong>Tultitl\u00e1n, Estado de M\u00e9xico<\/strong>.- El gobierno municipal, a trav\u00e9s de la Direcci\u00f3n General de Turismo y Cultura, trabaja en pro del bienestar de todos los tultitlenses, esta vez enfocado hacia la preservaci\u00f3n de las tradiciones mexicanas, la uni\u00f3n familiar y el rescate de la identidad como los valores que nos caracterizan.<\/p>\n<p>Se le rindi\u00f3 homenaje a Jos\u00e9 Guadalupe Posada, quien fue el creador de las <em>catrinas<\/em>.<\/p>\n<p>En un ambiente festivo y tradicional de estas fechas, con olor a incienso, cera y flor de cempas\u00fachil, se pueden observar una diversidad de calaveritas, as\u00ed como las tradicionales catrinas con su catr\u00edn creadas por maestro Yair de Casa de la Cultura en conjunto con todo el personal del \u00e1rea\u201d coment\u00f3 el director de Turismo y Cultura, Jos\u00e9 Roberto \u00c1ngeles V\u00e1zquez.<\/p>\n<p>\u201cEl mantener vivas las tradiciones es rescatar a M\u00e9xico, por eso en Tultitl\u00e1n se contin\u00faa impulsando actividades que difundan y preserven nuestras costumbres\u201d afirm\u00f3 el servidor p\u00fablico. Durante tres d\u00edas se realizaron actividades culturales, con la finalidad de preservar las tradiciones mexicanas y que las nuevas generaciones conozcan los or\u00edgenes de la celebraci\u00f3n del D\u00eda de Muertos.<\/p>\n<p>Cabe mencionar que en la explanada municipal se pudieron observar calaveras en honor de\u00a0 personajes mexicanos que son tradicionales aqu\u00ed y en el mundo como Frida Kahlo, el Chavo del Ocho, El Santo, Cantinflas y los mariachis. Este homenaje se vio fortalecido con la aparici\u00f3n de los adornos t\u00edpicos de la festividad como las flores de cempas\u00fachil y el papel picado.<\/p>\n<p>La conmemoraci\u00f3n comenz\u00f3 el d\u00eda 1 de noviembre, cuando el presidente municipal, Jorge Ad\u00e1n Barr\u00f3n Elizalde y su gabinete, recibieron en el vest\u00edbulo del Palacio Municipal a los ni\u00f1os y adultos mayores que proven\u00edan del Sistema DIF Municipal para pedir la tradicional \u201ccalaverita\u201d, que consisti\u00f3 en una gran diversidad de dulces.<\/p>\n<p>Al anochecer, en la Plaza C\u00edvica, iniciaron los festejos del D\u00eda de Muertos con el evento denominado el barco de los sue\u00f1os con la leyenda \u201cLa Xtabay\u201d, continuando con el ritual prehisp\u00e1nico correspondiente y despu\u00e9s con otra entrega de \u201ccalaveritas\u201d, esta vez para la poblaci\u00f3n tultitlense en general que acudi\u00f3 a la celebraci\u00f3n.<\/p>\n<p>Se le hizo entrega de dulces, pan de muerto y atole. En esta \u00faltima actividad particip\u00f3 el presidente municipal, quien declar\u00f3 estar comprometido con la implementaci\u00f3n de actividades y programas enfocados a preservar y promover las tradiciones y riqueza cultural de M\u00e9xico. Asimismo, realiz\u00f3 una invitaci\u00f3n a todos los tultitlenses a formar parte de las tradiciones mexicanas en compa\u00f1\u00eda de la familia.<\/p>\n<p>Para clausurar est\u00e1s celebraciones, el 2 de noviembre se inici\u00f3 tambi\u00e9n con el barco de sue\u00f1os con la leyenda \u201cLa Xtabay\u201d. Posteriormente, a las 18:30 se continu\u00f3 con el recital de danza y lectura de cuentos, cerrando a las ocho de la noche\u00a0 con el barco de sue\u00f1os y la leyenda \u201cLa Llorona\u201d.<\/p>\n","protected":false},"excerpt":{"rendered":"<p>El gobierno municipal, a trav\u00e9s de la Direcci\u00f3n General de Turismo y Cultura, trabaja en pro del bienestar de todos los tultitlenses, esta vez enfocado hacia la preservaci\u00f3n de las tradiciones mexicanas, la uni\u00f3n familiar y el rescate de la identidad como los valores que nos caracterizan.<\/p>\n","protected":false},"author":3,"featured_media":402018,"comment_status":"open","ping_status":"open","sticky":false,"template":"","format":"standard","meta":{"_monsterinsights_skip_tracking":false,"_monsterinsights_sitenote_active":false,"_monsterinsights_sitenote_note":"","_monsterinsights_sitenote_category":0,"footnotes":""},"categories":[35155],"tags":[12303,43675,578],"class_list":["post-401936","post","type-post","status-publish","format-standard","has-post-thumbnail","hentry","category-estado-de-mexico-estado-de-mexico","tag-dia-de-muertos","tag-estado-de-mexico","tag-tultitlan"],"_links":{"self":[{"href":"https:\/\/www.diarioimagen.net\/index.php?rest_route=\/wp\/v2\/posts\/401936","targetHints":{"allow":["GET"]}}],"collection":[{"href":"https:\/\/www.diarioimagen.net\/index.php?rest_route=\/wp\/v2\/posts"}],"about":[{"href":"https:\/\/www.diarioimagen.net\/index.php?rest_route=\/wp\/v2\/types\/post"}],"author":[{"embeddable":true,"href":"https:\/\/www.diarioimagen.net\/index.php?rest_route=\/wp\/v2\/users\/3"}],"replies":[{"embeddable":true,"href":"https:\/\/www.diarioimagen.net\/index.php?rest_route=%2Fwp%2Fv2%2Fcomments&post=401936"}],"version-history":[{"count":0,"href":"https:\/\/www.diarioimagen.net\/index.php?rest_route=\/wp\/v2\/posts\/401936\/revisions"}],"wp:featuredmedia":[{"embeddable":true,"href":"https:\/\/www.diarioimagen.net\/index.php?rest_route=\/wp\/v2\/media\/402018"}],"wp:attachment":[{"href":"https:\/\/www.diarioimagen.net\/index.php?rest_route=%2Fwp%2Fv2%2Fmedia&parent=401936"}],"wp:term":[{"taxonomy":"category","embeddable":true,"href":"https:\/\/www.diarioimagen.net\/index.php?rest_route=%2Fwp%2Fv2%2Fcategories&post=401936"},{"taxonomy":"post_tag","embeddable":true,"href":"https:\/\/www.diarioimagen.net\/index.php?rest_route=%2Fwp%2Fv2%2Ftags&post=401936"}],"curies":[{"name":"wp","href":"https:\/\/api.w.org\/{rel}","templated":true}]}}