{"id":401945,"date":"2018-11-05T00:01:17","date_gmt":"2018-11-05T06:01:17","guid":{"rendered":"https:\/\/www.diarioimagen.net\/?p=401945"},"modified":"2018-11-05T08:18:16","modified_gmt":"2018-11-05T14:18:16","slug":"destino-aviareps-tu-plataforma-de-negocios-un-viaje-por-distintos-puntos-del-mundo-para-que-agentes-de-viajes-conozcan-de-primera-mano-las-bondades-que-ofrecen","status":"publish","type":"post","link":"https:\/\/www.diarioimagen.net\/?p=401945","title":{"rendered":"\u201cDestino Aviareps: tu Plataforma de Negocios\u201d, un \u201cviaje\u201d por distintos puntos del mundo para que agentes de viajes conozcan de primera mano las bondades que ofrecen"},"content":{"rendered":"<h2>De cinco estrellas<\/h2>\n<h5>Victoria Gonz\u00e1lez Prado<\/h5>\n<p>&nbsp;<\/p>\n<ul>\n<li><strong>Inauguran Hotel \u201cCity Express Junior y City Plus Le\u00f3n\u201d, ubicados frente al Complejo Poliforum<\/strong><\/li>\n<\/ul>\n<p>&nbsp;<\/p>\n<div id=\"attachment_402009\" style=\"width: 470px\" class=\"wp-caption aligncenter\"><a href=\"https:\/\/www.diarioimagen.net\/?attachment_id=402009\" rel=\"attachment wp-att-402009\"><img loading=\"lazy\" decoding=\"async\" aria-describedby=\"caption-attachment-402009\" class=\"size-large wp-image-402009\" src=\"https:\/\/www.diarioimagen.net\/wp-content\/uploads\/2018\/11\/turismo-3491-460x259.jpg\" alt=\"\" width=\"460\" height=\"259\" srcset=\"https:\/\/www.diarioimagen.net\/wp-content\/uploads\/2018\/11\/turismo-3491-460x259.jpg 460w, https:\/\/www.diarioimagen.net\/wp-content\/uploads\/2018\/11\/turismo-3491-240x135.jpg 240w, https:\/\/www.diarioimagen.net\/wp-content\/uploads\/2018\/11\/turismo-3491-235x132.jpg 235w, https:\/\/www.diarioimagen.net\/wp-content\/uploads\/2018\/11\/turismo-3491-202x114.jpg 202w, https:\/\/www.diarioimagen.net\/wp-content\/uploads\/2018\/11\/turismo-3491-350x196.jpg 350w, https:\/\/www.diarioimagen.net\/wp-content\/uploads\/2018\/11\/turismo-3491-220x123.jpg 220w, https:\/\/www.diarioimagen.net\/wp-content\/uploads\/2018\/11\/turismo-3491-237x132.jpg 237w, https:\/\/www.diarioimagen.net\/wp-content\/uploads\/2018\/11\/turismo-3491.jpg 480w\" sizes=\"auto, (max-width: 460px) 100vw, 460px\" \/><\/a><p id=\"caption-attachment-402009\" class=\"wp-caption-text\">Rafael Aponte.<\/p><\/div>\n<p><strong>\u00a0<\/strong><\/p>\n<p><strong>Rafael Aponte<\/strong>, director general de Aviareps M\u00e9xico dio la bienvenida a los agentes de viajes de la Ciudad de M\u00e9xico, que participaron en <em>networking<\/em> denominado \u201cDestino Aviareps: tu Plataforma de Negocios\u201d, simulando un viaje a distintos puntos del mundo.<\/p>\n<p>As\u00ed, por segundo a\u00f1o consecutivo, se reunieron 14 mesas de trabajo simulando un viaje y con tiempo.<\/p>\n<p>Durante predeterminado, el representante de cada mesa de trabajo explicaba a detalle las bondades del destino o servicio que ofrec\u00eda para que los agentes de viajes tuvieran la informaci\u00f3n de primera mano.<\/p>\n<p>Adem\u00e1s se cont\u00f3 con videos especiales que hablaban de destinos o servicios, mientras se intercambiaba la informaci\u00f3n con los participantes.<\/p>\n<p>De esta forma, los agentes de viajes, tuvieron la oportunidad de recorrer todas y cada una de las 14 mesas informativas obtener la informaci\u00f3n y novedades que aerol\u00edneas, arrendadoras de autos y destinos tur\u00edsticos, ten\u00edan preparada especialmente para luego brindarla a los viajeros que est\u00e1n en busca de opciones y experiencias diversas.<\/p>\n<p>Cada una de las mesas de trabajo estuvo encabezada por un experto y entre los participantes estuvieron: <em>Qantas<\/em>, Condor <em>China Southern Airlines<\/em>, Azul, <em>El Al Airlines<\/em>, <em>Eva Air<\/em>, <em>Emirates<\/em>, <em>Thomas Cook Airlines,<\/em> <em>Assist Card, La Roca Village, Las Rozas Village, Dollar Car Rental, Hertz<\/em> y <em>Thrifty Car Rental<\/em>, Florida, Fort Worth, Israel y <em>Destinations Experts<\/em>.<\/p>\n<p>Es importante destacar que Aviareps es la compa\u00f1\u00eda de representaci\u00f3n de turismo que brinda servicios de representaci\u00f3n, mercadotecnia, ventas, comercio y relaciones p\u00fablicas en 61 oficinas propias a m\u00e1s de 180 cuentas en su cartera de clientes.<\/p>\n<p>En 2010, se afili\u00f3 a la Organizaci\u00f3n Mundial del Turismo (OMT), con lo que accedi\u00f3 a una red mundial de contactos institucionales y profesionales, as\u00ed como a informaci\u00f3n sobre los desaf\u00edos, las tendencias del mercado y el desarrollo de la industria del turismo.<\/p>\n<p>Fundada en 1994, actualmente se ha convertido en la compa\u00f1\u00eda l\u00edder en el segmento GSA (Agente General de Ventas) de aerol\u00edneas, y en una de las compa\u00f1\u00edas m\u00e1s importantes en el manejo de la mercadotecnia y relaciones p\u00fablicas de destinos tur\u00edsticos.<\/p>\n<p>En breve entrevista con <strong>Rafael Aponte<\/strong>, coment\u00f3: \u201cestamos participando con 14 marcas que conf\u00edan en nosotros y otras que no representamos e invitamos a participar para que los agentes de viajes tengan productos de primera, productos que no se encuentran tan f\u00e1cilmente en el mercado y de la mano de los expertos, gente que trabaja realmente con esos productos.\u201d<\/p>\n<p>Muchos de los participantes, dijo el directivo, son\u00a0 clientes que hicieron el viaje a M\u00e9xico ex profeso para participar como: <em>Emirates, Tohams Cook, Fort Worth<\/em> y otros clientes externos que no se encuentran f\u00e1cilmente en el mercado.\u201d<\/p>\n<p>Nuestra intenci\u00f3n, dijo <strong>Apont<\/strong>e, \u201ces tener una velada din\u00e1mica donde los agentes de viajes puedan pasar a cada una de las mesas de trabajo y conocer lo que cada marca tiene que ofrecer.\u201d<\/p>\n<p>\u201cEn esta ocasi\u00f3n apostamos por hacer un evento m\u00e1s grande que el del a\u00f1o pasado, participan alrededor de 140 agentes de viajes, a los que invitamos a esta galer\u00eda de arte en la Condesa para que tenga un sentido completamente distinto: poder combinar el arte, pintura y escultura con los viajes.<\/p>\n<p>Eso es lo que quisimos hacer, aqu\u00ed donde estamos con cuadros enviados por cada una de las marcas. La intenci\u00f3n es hacer cada a\u00f1o un evento mucho mejor para los agentes de viajes\u201d.<\/p>\n<p>Asimismo, <strong>Rafael Aponte<\/strong> asegur\u00f3: \u201cqueremos\u00a0 traer al mercado mexicano productos y servicios de primer nivel para que el mexicano conozca otros destinos, viva experiencias ex\u00f3ticas etc\u00e9tera.<\/p>\n<p>Tenemos un abanico de clientes de todas partes del mundo y tenemos que estar actualizados en qu\u00e9 podemos ofrecer a los viajeros\u201d.<\/p>\n<p>Al referirse a la llegada de nuevas aerol\u00edneas al pa\u00eds indic\u00f3: \u201ccon las condiciones actuales seguramente no podr\u00e1n venir otras aerol\u00edneas al pa\u00eds.<\/p>\n<p>El aeropuerto de la Ciudad de M\u00e9xico est\u00e1 saturado y esperamos que el nuevo gobierno vea como una necesidad para los mexicanos y una oportunidad para el mundo un aeropuerto moderno para que puedan venir a M\u00e9xico.<\/p>\n<p>Si queremos seguir creciendo en cuanto al <em>renking<\/em> de turismo receptivo necesitamos un aeropuerto m\u00e1s grande, traer aerol\u00edneas de otros rincones del mundo adem\u00e1s de las que ya vienen, porque el cliente, las agencias de viajes, el mundo esta globalizado y comunicado a una velocidad impresionante y no podemos quedarnos atr\u00e1s como pa\u00eds. Tenemos que crecer y dar oportunidad a nuevas aerol\u00edneas a nuevos jugadores de venir porque este es un mercado s\u00faper interesante para el turismo y con un nivel de servicio e infraestructura adecuada para sentirnos orgullosos como mexicanos\u201d, concluy\u00f3.<\/p>\n<p>\u2730\u2730\u2730\u2730\u2730 El Hotel \u201c<em>City Express Plus Le\u00f3n Centro de Convenciones\u201d<\/em> y \u201c<em>City Express Junior\u201d,<\/em> con 132 y 137 habitaciones, respectivamente fueron inaugurados hace unos d\u00edas en la capital del calzado.<\/p>\n<p>Antes de esta apertura, \u201cLe\u00f3n contaba con el registro de 155 Hoteles y 8 mil 775 habitaciones de categor\u00edas 1 a 5 estrellas y sin clasificar\u201d, se\u00f1al\u00f3, <strong>Roberto C\u00e1rdenas Hern\u00e1ndez<\/strong>, director de Planeaci\u00f3n de la Secretar\u00eda de Turismo de Guanajuato.<\/p>\n<p>Mencion\u00f3 que los Hoteles de la marca se han posicionado como una de las empresas l\u00edderes en innovaci\u00f3n y sostenibilidad. De enero a septiembre del presente a\u00f1o, se ha registrado una llegada a la entidad de 4.2 millones de turistas en hotel, lo que representa un incremento del 7 por ciento en comparaci\u00f3n con 2017, con una ocupaci\u00f3n hotelera promedio de 45 por ciento.<\/p>\n<p>El director asegur\u00f3 que como resultado de la apertura de hoteles, restaurantes, agencias de viajes y empresas de servicios complementarios durante los primeros nueve meses de 2018, se ha registrado una inversi\u00f3n tur\u00edstica privada ejecutada de m\u00e1s de un mil 437 millones de pesos y se espera la apertura de 638 nuevas habitaciones para el cierre del 2018.<\/p>\n<p>Durante la inauguraci\u00f3n, <strong>Santiago Parra<\/strong>, director de Finanzas Corporativas de la cadena hotelera dijo: \u201c<em>City Express Junior<\/em> y <em>City Express Plus Le\u00f3n Centro de Convenciones<\/em> est\u00e1n ubicados estrat\u00e9gicamente frente al Complejo Poliforum a menos de 10 minutos del Centro Hist\u00f3rico y el Aeropuerto Internacional del Baj\u00edo\u201d.\u00a0\u201cEstos corresponden al plan de expansi\u00f3n y desarrollo de <em>Hoteles City Express,<\/em> que tiene como objetivo construir y operar nuevas propiedades en las ciudades en donde el desarrollo tur\u00edstico y econ\u00f3mico lo demande, como es el caso de Guanajuato\u201d.<\/p>\n<p>As\u00ed, la presencia de dicha cadena en la entidad se incrementa al operar 10 hoteles que representan mil 138 habitaciones, dijo <strong>Santiago Par<\/strong>ra.<\/p>\n<p>En la inauguraci\u00f3n tambi\u00e9n estuvo presente <strong>Claudia \u00c1valos Betancourt<\/strong>, directora de Hospitalidad y Atenci\u00f3n al Turista de Le\u00f3n, en representaci\u00f3n de <strong>H\u00e9ctor L\u00f3pez Santillana<\/strong>, presidente municipal de Le\u00f3n.<\/p>\n<p><em><a href=\"mailto:victoriagprado@gmail.com\" target=\"_blank\" rel=\"noopener\">victoriagprado@gmail.com<\/a><\/em><br \/>\n<em> Twitter: <a href=\"https:\/\/twitter.com\/victoriagprado\" target=\"_blank\" rel=\"noopener\">@victoriagprado<\/a><\/em><\/p>\n","protected":false},"excerpt":{"rendered":"<p><strong>Rafael Aponte<\/strong>, director general de Aviareps M\u00e9xico dio la bienvenida a los agentes de viajes de la Ciudad de M\u00e9xico, que participaron en <em>networking<\/em> denominado \u201cDestino Aviareps: tu Plataforma de Negocios\u201d, simulando un viaje a distintos puntos del mundo.<\/p>\n","protected":false},"author":3,"featured_media":402009,"comment_status":"open","ping_status":"open","sticky":false,"template":"","format":"standard","meta":{"_monsterinsights_skip_tracking":false,"_monsterinsights_sitenote_active":false,"_monsterinsights_sitenote_note":"","_monsterinsights_sitenote_category":0,"footnotes":""},"categories":[11],"tags":[107,43674,106],"class_list":["post-401945","post","type-post","status-publish","format-standard","has-post-thumbnail","hentry","category-turismo","tag-de-cinco-estrellas","tag-opinion","tag-victoria-gonzalez-prado"],"_links":{"self":[{"href":"https:\/\/www.diarioimagen.net\/index.php?rest_route=\/wp\/v2\/posts\/401945","targetHints":{"allow":["GET"]}}],"collection":[{"href":"https:\/\/www.diarioimagen.net\/index.php?rest_route=\/wp\/v2\/posts"}],"about":[{"href":"https:\/\/www.diarioimagen.net\/index.php?rest_route=\/wp\/v2\/types\/post"}],"author":[{"embeddable":true,"href":"https:\/\/www.diarioimagen.net\/index.php?rest_route=\/wp\/v2\/users\/3"}],"replies":[{"embeddable":true,"href":"https:\/\/www.diarioimagen.net\/index.php?rest_route=%2Fwp%2Fv2%2Fcomments&post=401945"}],"version-history":[{"count":0,"href":"https:\/\/www.diarioimagen.net\/index.php?rest_route=\/wp\/v2\/posts\/401945\/revisions"}],"wp:featuredmedia":[{"embeddable":true,"href":"https:\/\/www.diarioimagen.net\/index.php?rest_route=\/wp\/v2\/media\/402009"}],"wp:attachment":[{"href":"https:\/\/www.diarioimagen.net\/index.php?rest_route=%2Fwp%2Fv2%2Fmedia&parent=401945"}],"wp:term":[{"taxonomy":"category","embeddable":true,"href":"https:\/\/www.diarioimagen.net\/index.php?rest_route=%2Fwp%2Fv2%2Fcategories&post=401945"},{"taxonomy":"post_tag","embeddable":true,"href":"https:\/\/www.diarioimagen.net\/index.php?rest_route=%2Fwp%2Fv2%2Ftags&post=401945"}],"curies":[{"name":"wp","href":"https:\/\/api.w.org\/{rel}","templated":true}]}}