{"id":402082,"date":"2018-11-06T00:07:51","date_gmt":"2018-11-06T06:07:51","guid":{"rendered":"https:\/\/www.diarioimagen.net\/?p=402082"},"modified":"2018-11-07T01:04:59","modified_gmt":"2018-11-07T07:04:59","slug":"centroamericanos-mantienen-el-sueno-de-poder-llegar-a-eu","status":"publish","type":"post","link":"https:\/\/www.diarioimagen.net\/?p=402082","title":{"rendered":"Centroamericanos mantienen el sue\u00f1o de poder llegar a EU"},"content":{"rendered":"<ul>\n<li><em><strong>Llegan a la CDMX tras recorrer Chiapas, Oaxaca, Veracruz y Puebla<\/strong><\/em><\/li>\n<li><em><strong>La noche del domingo migrantes durmieron a 13 grados sobre las gradas del estadio de futbol Jes\u00fas Mart\u00ednez \u201cPalillo\u201d en la capital<\/strong><\/em><\/li>\n<\/ul>\n<p>&nbsp;<\/p>\n<div id=\"attachment_402201\" style=\"width: 470px\" class=\"wp-caption aligncenter\"><a href=\"https:\/\/www.diarioimagen.net\/?attachment_id=402201\" rel=\"attachment wp-att-402201\"><img loading=\"lazy\" decoding=\"async\" aria-describedby=\"caption-attachment-402201\" class=\"size-large wp-image-402201\" src=\"https:\/\/www.diarioimagen.net\/wp-content\/uploads\/2018\/11\/MIGRANTES6a-460x259.jpg\" alt=\"\" width=\"460\" height=\"259\" srcset=\"https:\/\/www.diarioimagen.net\/wp-content\/uploads\/2018\/11\/MIGRANTES6a-460x259.jpg 460w, https:\/\/www.diarioimagen.net\/wp-content\/uploads\/2018\/11\/MIGRANTES6a-240x135.jpg 240w, https:\/\/www.diarioimagen.net\/wp-content\/uploads\/2018\/11\/MIGRANTES6a-235x132.jpg 235w, https:\/\/www.diarioimagen.net\/wp-content\/uploads\/2018\/11\/MIGRANTES6a-202x114.jpg 202w, https:\/\/www.diarioimagen.net\/wp-content\/uploads\/2018\/11\/MIGRANTES6a-350x196.jpg 350w, https:\/\/www.diarioimagen.net\/wp-content\/uploads\/2018\/11\/MIGRANTES6a-220x123.jpg 220w, https:\/\/www.diarioimagen.net\/wp-content\/uploads\/2018\/11\/MIGRANTES6a-237x132.jpg 237w, https:\/\/www.diarioimagen.net\/wp-content\/uploads\/2018\/11\/MIGRANTES6a.jpg 480w\" sizes=\"auto, (max-width: 460px) 100vw, 460px\" \/><\/a><p id=\"caption-attachment-402201\" class=\"wp-caption-text\">De acuerdo con datos brindados por la presidenta de la Comisi\u00f3n de Derechos Humanos de la Ciudad de M\u00e9xico, para este martes o mi\u00e9rcoles llegar\u00e1 la \u00faltima parte de esta caravana, la cual se compone de alrededor de 3 mil integrantes, por lo que en este albergue se ubicar\u00e1n cerca de 5 mil migrantes.<\/p><\/div>\n<p>&nbsp;<\/p>\n<p>Un despertar soleado, con menos fr\u00edo, tuvieron el lunes los migrantes de origen centroamericano que pernoctaron en el albergue instalado por las autoridades capitalinas en el estadio Jes\u00fas Mart\u00ednez \u201cPalillo\u201d de la Ciudad Deportiva Magdalena Mixhuca.<\/p>\n<p>El sol se asom\u00f3 desde temprana hora en el lugar dando algo de alivio a los cuerpos maltrechos y a los pies helados que son cubiertos, en su mayor\u00eda, con \u201cchanclas\u201d de pl\u00e1stico, algunos otros, muy pocos, con tenis viejos, de quienes desde la noche del s\u00e1bado y durante el domingo arribaron a este espacio habilitado para darles cobijo en su tr\u00e1nsito hacia Estados Unidos.<\/p>\n<p>Migrantes recorren \u2018de avent\u00f3n\u2019 \u00faltimo tramo para llegar a CDMX .<\/p>\n<p>Ahora con m\u00e1s organizaci\u00f3n de las autoridades de la ciudad, derechos humanos y organizaciones de la sociedad civil los migrantes, de Honduras, Guatemala, El Salvador y Panam\u00e1, desayunaron huevo con jam\u00f3n, pur\u00e9 de papa, caf\u00e9 y frijoles.<\/p>\n<p>Los integrantes de la caravana centroamericana se ba\u00f1aron y lavaron su ropa. Suficiente agua se coloc\u00f3 en tinacos para cubrir esas necesidades. Tambi\u00e9n desde temprano se observ\u00f3 una enorme fila para recibir zapatos.<\/p>\n<p>M\u00e1s descansados y con la tranquilidad que da un est\u00f3mago lleno, algunos de ellos jugaban en el parque.<\/p>\n<p>El secretario de Gobierno de la Ciudad de M\u00e9xico, Guillermo Orozco, report\u00f3 que hasta el momento han sido registrados 2 mil 200 migrantes centroamericanos en el albergue de la Magdalena Mixhuca, ubicado en la alcald\u00eda de Iztacalco.<\/p>\n<p>De acuerdo con datos brindados en conferencia de prensa por la presidenta de la Comisi\u00f3n de Derechos Humanos de la Ciudad de M\u00e9xico, Nashieli Ram\u00edrez Hern\u00e1ndez, para el martes o mi\u00e9rcoles llegar\u00e1 la \u00faltima parte de esta caravana, la cual se compone de alrededor de 3 mil integrantes, por lo que en este albergue se ubicar\u00e1n cerca de 5 mil migrantes.<\/p>\n<p>Cabe recalcar que quienes han llegado a albergues ubicados en otras alcald\u00edas ser\u00e1n traslados al estadio habilitado como refugio, en donde la Comisi\u00f3n Nacional de Derechos Humanos, Cruz Roja y el gobierno capitalino asegurar\u00e1n su alimentaci\u00f3n, salud y resguardo.<\/p>\n<p>La secretaria de Gobierno entrante, Rosa Icela Rodriguez, pidi\u00f3 la solidaridad y el apoyo de la ciudadan\u00eda para hacer donaciones de ropa, sobre todo chamarras, zapatos, cobijas y prendas para ni\u00f1os, ni\u00f1as y beb\u00e9s.<\/p>\n<p style=\"text-align: center;\"><strong>\u201c\u00a1S\u00ed se pudo!, \u00a1s\u00ed se pudo!\u201d<\/strong><\/p>\n<p>Unos 150 migrantes centroamericanos que pidieron \u201cavent\u00f3n\u201d a un trailero en la caseta de San Marcos, en Chalco, Estado de M\u00e9xico, llegaron ayer por la tarde al albergue de Ciudad Deportiva.<\/p>\n<p>Sobre la avenida Viaducto R\u00edo de la Piedad se observ\u00f3 llegar al tr\u00e1iler con los extranjeros, por lo que otros centroamericanos que descansaban afuera del Deportivo los recibieron al grito de \u201c\u00a1Honduras! \u00a1Honduras!\u201d.<\/p>\n<p>Hacia las 13:00 horas, el chofer Jos\u00e9 Felipe Ram\u00edrez levant\u00f3 al grupo integrando por hombres, mujeres, ni\u00f1os y beb\u00e9s, y lo llev\u00f3 hasta la Puerta 6 de Ciudad Deportiva, a donde lleg\u00f3 a las 14:00 horas. \u201cMe pidieron avent\u00f3n y pues les di un peque\u00f1o avent\u00f3n\u201d, coment\u00f3 el chofer.<\/p>\n<p>En tanto, los migrantes bajaron del \u00e1rea de carga del tr\u00e1iler y se dirigieron directamente al albergue.<\/p>\n<p>\u201c\u00a1S\u00ed se pudo!, \u00a1s\u00ed se pudo!\u201d, corearon.<\/p>\n<p>A lo largo del d\u00eda ha incrementado el arribo de grupos de personas que huyen de la violencia y pobreza en sus pa\u00edses. Hasta ahora, el grupo m\u00e1s numeroso hab\u00eda sido de unos 50, quienes llegaron en Metro.<\/p>\n<p style=\"text-align: center;\"><strong>Pasan caseta en busca de albergue<\/strong><\/p>\n<p>\u201c\u00bfCu\u00e1nto falta para el albergue?\u201d, es la pregunta recurrente que hacen los migrantes al pasar la caseta de San Marcos.<\/p>\n<p>Con papel en mano, un hondure\u00f1o pregunt\u00f3 c\u00f3mo se llegaba y en cu\u00e1nto tiempo, a pie y en veh\u00edculo, al albergue de Ciudad Deportiva, en la Ciudad, ubicado a 26 kil\u00f3metros de distancia.<\/p>\n<p>La mayor\u00eda de los migrantes que llegan en camiones y tr\u00e1ileres, y los menos en veh\u00edculos compactos, pisan este paraje en la M\u00e9xico-Puebla durante unos minutos para hidratarse y seguir en \u201cavent\u00f3n\u201d o en alg\u00fan transporte p\u00fablico que sale desde una zona de plazas comerciales, a menos de un kil\u00f3metro de distancia,<\/p>\n<p>\u201c\u00bfSe llega caminando?\u201d, \u201c\u00bfCu\u00e1nto cobra la combi?\u201d, \u201c\u00bfEst\u00e1 muy lejos?\u201d, es lo primero que cuestionan para saber d\u00f3nde est\u00e1n parados.<\/p>\n<p>Desde las 9:30 y despu\u00e9s de las 14:30 horas, brigadas m\u00e9dicas, de seguridad y de derechos humanos han ayudado a los viajeros que tocan este punto, despu\u00e9s de trasladarse por Chiapas, Oaxaca, Veracruz y Puebla.<\/p>\n<p style=\"text-align: center;\"><strong>\u00daltima parte de la caravana sale de Veracruz rumbo a la CDMX<\/strong><\/p>\n<p>Los \u00faltimos integrantes de la caravana migrante salieron ayer en la madrugada de la Arena C\u00f3rdoba con rumbo a la Ciudad de M\u00e9xico, para reunirse con aquellos que ya est\u00e1n ah\u00ed. Despu\u00e9s de las 5:00 horas, uno a uno y en peque\u00f1os grupos fueron abandonando el lugar que desde el viernes se habilit\u00f3 como refugio temporal para los centroamericanos.<\/p>\n<p>En la asamblea del domingo decidieron ya no hacer parada en Puebla, por lo que la ma\u00f1ana del lunes , el contingente, integrado por alrededor de 2 mil centroamericanos, en su mayor\u00eda familias con ni\u00f1os, se detuvo en la salida de la ciudad que conecta con la autopista C\u00f3rdoba-Puebla, y empezaron a pedir \u201caventones\u201d o \u201cjales\u201d, como ellos dicen.<\/p>\n<p>Otros intentan buscar qui\u00e9n les d\u00e9 un \u201craite\u201d; sin embargo, los camiones que avanzan por la autopista lo hacen a una velocidad alta, por lo que contin\u00faan caminando para ver si m\u00e1s adelante tiene suerte.<\/p>\n<p>En una ma\u00f1ana fr\u00eda, la \u00faltima parte de la caravana avanza resguardada por algunos defensores de derechos humanos, quienes piden no separarse del grupo por los riesgos que implica viajar solo, pero hay algunos que se desesperan y emprenden camino hacia la capital del pa\u00eds.<\/p>\n<p>Tendr\u00e1n que avanzar m\u00e1s de 100 kil\u00f3metros para llegar, pero muchos ya lo consideran poco si lo comparan con todo el camino que han recorrido. Conf\u00edan que en la capital del pa\u00eds, las autoridades los apoyen para encontrar refugio en M\u00e9xico o para pedir asilo en Estados Unidos.<\/p>\n<p>Los coordinadores anunciaron el domingo que hay algunas organizaci\u00f3n que se ofrecieron a apoyar con talleres para que los centroamericanos puedan realizar estos tr\u00e1mites ante esas autoridades, pero se requerir\u00e1 de tiempo, por lo que pidieron ser pacientes.<\/p>\n<p>La mayor\u00eda de las personas que integran la caravana son de Honduras, pa\u00eds que han se\u00f1alado organismos internacionales, est\u00e1 afectado por la violencia de pandillas, las guerras de drogas y la corrupci\u00f3n.<\/p>\n<p>Ahora, el contingente donde tambi\u00e9n va gente de Guatemala y El Salvador, as\u00ed como en menor tama\u00f1o de Colombia y Nicaragua, espera llegar el martes a la Ciudad de M\u00e9xico.<\/p>\n<p>En el \u00faltimo tramo para llegar a la Ciudad de M\u00e9xico, la mayor\u00eda de los integrantes de la Caravana Migrante lo han hecho en veh\u00edculos, pese al riego que representa caminar por carreteras y dormir donde puedan.<\/p>\n<p style=\"text-align: center;\"><strong>Testimonios de los integrantes de la caravana<\/strong><\/p>\n<p>S\u00ed, nos venimos porque corremos peligro en Honduras, seguimos la caravana, ha sido duro porque no nos han puesto transporte nada y hemos venido cansadas\u201d, indic\u00f3 Osilis, una de las migrantes centroamericanas.<\/p>\n<p>Pues ha sido un poco dif\u00edcil porque hemos aguantado lluvia, sol, frio, pero la verdad se han portado bien con uno porque de hambre no hemos padecido. Nos han dado de comer, nos han tratado bien, pero a veces hemos quedado en la calle porque no tenemos donde quedarnos. Ya nos cal\u00f3 el agua\u201d, agreg\u00f3.<\/p>\n<p>Tienen tres semanas caminando, y pese a los anuncios de que no les permitir\u00e1n entrar al vecino pa\u00eds del norte, esperan ingresar<\/p>\n<p>Que nos ayuden porque venimos huyendo de nuestro pa\u00eds por la violencia y por extorsi\u00f3n que tenemos\u201d, agreg\u00f3 \u00c1ngela Aldana.<\/p>\n<p>En tanto que Elvin Perdomo, migrante de Honduras coment\u00f3 \u201cmuy duro, pero as\u00ed venimos. Hay que sufrir, uno con paciencia, porque es duro siempre, una leve tos le ha pegado, pero ah\u00ed vamos\u201d.<\/p>\n<p>La inclemencia del tiempo ya ha provocado enfermedades principalmente con los ni\u00f1os, por lo que en las inmediaciones de la autopista M\u00e9xico-Puebla se establecieron carpas de Derechos Humanos y de atenci\u00f3n m\u00e9dica para brindarles apoyo a los migrantes que esperan reunirse este mi\u00e9rcoles en la Bas\u00edlica de Guadalupe, para seguir juntos en su camino hacia Estados Unidos.<\/p>\n","protected":false},"excerpt":{"rendered":"<p>Un despertar soleado, con menos fr\u00edo, tuvieron el lunes los migrantes de origen centroamericano que pernoctaron en el albergue instalado por las autoridades capitalinas en el estadio Jes\u00fas Mart\u00ednez \u201cPalillo\u201d de la Ciudad Deportiva Magdalena Mixhuca.<\/p>\n","protected":false},"author":3,"featured_media":402201,"comment_status":"open","ping_status":"open","sticky":false,"template":"","format":"standard","meta":{"_monsterinsights_skip_tracking":false,"_monsterinsights_sitenote_active":false,"_monsterinsights_sitenote_note":"","_monsterinsights_sitenote_category":0,"footnotes":""},"categories":[3],"tags":[79477,177,10383,43673],"class_list":["post-402082","post","type-post","status-publish","format-standard","has-post-thumbnail","hentry","category-nacional","tag-centroamericanos","tag-estados-unidos","tag-migrantes","tag-nacional"],"_links":{"self":[{"href":"https:\/\/www.diarioimagen.net\/index.php?rest_route=\/wp\/v2\/posts\/402082","targetHints":{"allow":["GET"]}}],"collection":[{"href":"https:\/\/www.diarioimagen.net\/index.php?rest_route=\/wp\/v2\/posts"}],"about":[{"href":"https:\/\/www.diarioimagen.net\/index.php?rest_route=\/wp\/v2\/types\/post"}],"author":[{"embeddable":true,"href":"https:\/\/www.diarioimagen.net\/index.php?rest_route=\/wp\/v2\/users\/3"}],"replies":[{"embeddable":true,"href":"https:\/\/www.diarioimagen.net\/index.php?rest_route=%2Fwp%2Fv2%2Fcomments&post=402082"}],"version-history":[{"count":0,"href":"https:\/\/www.diarioimagen.net\/index.php?rest_route=\/wp\/v2\/posts\/402082\/revisions"}],"wp:featuredmedia":[{"embeddable":true,"href":"https:\/\/www.diarioimagen.net\/index.php?rest_route=\/wp\/v2\/media\/402201"}],"wp:attachment":[{"href":"https:\/\/www.diarioimagen.net\/index.php?rest_route=%2Fwp%2Fv2%2Fmedia&parent=402082"}],"wp:term":[{"taxonomy":"category","embeddable":true,"href":"https:\/\/www.diarioimagen.net\/index.php?rest_route=%2Fwp%2Fv2%2Fcategories&post=402082"},{"taxonomy":"post_tag","embeddable":true,"href":"https:\/\/www.diarioimagen.net\/index.php?rest_route=%2Fwp%2Fv2%2Ftags&post=402082"}],"curies":[{"name":"wp","href":"https:\/\/api.w.org\/{rel}","templated":true}]}}