{"id":402094,"date":"2018-11-06T00:10:44","date_gmt":"2018-11-06T06:10:44","guid":{"rendered":"https:\/\/www.diarioimagen.net\/?p=402094"},"modified":"2018-11-06T09:03:46","modified_gmt":"2018-11-06T15:03:46","slug":"preve-amlo-consulta-para-tren-maya-en-diciembre","status":"publish","type":"post","link":"https:\/\/www.diarioimagen.net\/?p=402094","title":{"rendered":"Prev\u00e9 AMLO consulta para Tren Maya, en diciembre"},"content":{"rendered":"<ul>\n<li><strong><em>Mismo esquema<\/em><\/strong><\/li>\n<\/ul>\n<p>&nbsp;<\/p>\n<p><a href=\"https:\/\/www.diarioimagen.net\/?attachment_id=402198\" rel=\"attachment wp-att-402198\"><img loading=\"lazy\" decoding=\"async\" class=\"aligncenter size-large wp-image-402198\" src=\"https:\/\/www.diarioimagen.net\/wp-content\/uploads\/2018\/11\/AMLO6a-460x259.jpg\" alt=\"\" width=\"460\" height=\"259\" srcset=\"https:\/\/www.diarioimagen.net\/wp-content\/uploads\/2018\/11\/AMLO6a-460x259.jpg 460w, https:\/\/www.diarioimagen.net\/wp-content\/uploads\/2018\/11\/AMLO6a-240x135.jpg 240w, https:\/\/www.diarioimagen.net\/wp-content\/uploads\/2018\/11\/AMLO6a-235x132.jpg 235w, https:\/\/www.diarioimagen.net\/wp-content\/uploads\/2018\/11\/AMLO6a-202x114.jpg 202w, https:\/\/www.diarioimagen.net\/wp-content\/uploads\/2018\/11\/AMLO6a-350x196.jpg 350w, https:\/\/www.diarioimagen.net\/wp-content\/uploads\/2018\/11\/AMLO6a-220x123.jpg 220w, https:\/\/www.diarioimagen.net\/wp-content\/uploads\/2018\/11\/AMLO6a-237x132.jpg 237w, https:\/\/www.diarioimagen.net\/wp-content\/uploads\/2018\/11\/AMLO6a.jpg 480w\" sizes=\"auto, (max-width: 460px) 100vw, 460px\" \/><\/a><\/p>\n<p>&nbsp;<\/p>\n<p>Andr\u00e9s Manuel L\u00f3pez Obrador inform\u00f3 que prev\u00e9 realizar entre diciembre y enero una consulta popular a nivel nacional para definir si se debe llevar a cabo el proyecto del Tren Maya.<\/p>\n<p>Indic\u00f3 que la consulta seguir\u00e1 el mismo esquema que la que se realiz\u00f3 para el Nuevo Aeropuerto Internacional de M\u00e9xico, adem\u00e1s de que tampoco ser\u00e1 organizada por el Instituto Nacional Electoral (INE).<\/p>\n<p>\u201cCuando podamos se va a llevar a cabo la consulta del Tren Maya, puede ser para diciembre y enero, igual, lo mismo a nivel nacional\u201d, mencion\u00f3.<\/p>\n<p>\u201cEs que los que no quieren la consulta los que no quieren la democracia con todo respeto piensan que somos incongruentes que s\u00ed vamos pedir consulta para unas cosas y para otras no. Que se vayan preparando psicol\u00f3gicamente porque siempre va a haber consulta\u201d.<\/p>\n<p>El Presidente electo coment\u00f3 que, aunque el proyecto del Tren Maya er\u00e1 sometido a consulta, encuestas en su poder refieren que el 80% de la poblaci\u00f3n est\u00e1 a favor de que se realice.<\/p>\n<p>Asimismo, adelant\u00f3 que habr\u00e1 una reforma al Art\u00edculo 35 constitucional para quitar candados a las consultas populares y que puedan ser organizadas por el propio INE.<\/p>\n<p style=\"text-align: center;\"><strong>\u201cContratistas de<\/strong><strong>\u00a0Texcoco, respetuosos\u201d<\/strong><\/p>\n<p>Luego de reunirse con contratistas del Nuevo Aeropuerto Interrnacional de M\u00e9xico (NAIM) en Texcoco, L\u00f3pez Obrador se\u00f1al\u00f3 que \u00e9stos fueron respetuosos de la decisi\u00f3n que tomaron los mexicanos y que est\u00e1n en la mejor disposici\u00f3n de llegar a un acuerdo.<\/p>\n<p>Tras el encuentro al que asistieron los empresarios que tienen aproximadamente 92 por ciento de las obras de dicha terminal a\u00e9rea, indic\u00f3 que se lleg\u00f3 a un acuerdo general en el que desde este martes se comenzar\u00e1n a ver opciones para continuar con las diferentes obras.<\/p>\n<p>Asegur\u00f3 que se encuentran \u201cbien y de buenas, y se portaron a la altura de las circunstancias\u201d, y asegur\u00f3 que de parte suya no hay ninguna denuncia legal ni amparo, \u201cellos van a participar en Santa Lucia, es muy probable, y tambi\u00e9n en otras obras y lo que dijimos, el volumen de obra que se contrat\u00f3 en el caso de Texcoco, el volumen de obra se va a realizar; todo va a ser legal, absolutamente legal\u201d.<\/p>\n<p>De acuerdo con el mandatario electo, otras opciones de obra son las que se har\u00e1n en el aeropuerto de Toluca y \u201clo que se tiene que seguir haciendo en el lago de Texcoco, son sobre todo obras hidr\u00e1ulicas\u201d, ya que se va a mantener este lago, \u201ctodo esto fue lo que se habl\u00f3 en los mejores t\u00e9rminos, se portaron muy bien, les dir\u00eda que, de manera muy compresiva, responsable al cien\u201d.<\/p>\n<p>Descart\u00f3 que hubiera \u201ctormenta, llovi\u00f3 un poquito, llovizn\u00f3\u201d y enfatiz\u00f3 que no se pierde nada y que incluso habr\u00e1 ahorros considerables.<\/p>\n<p>En otro tema, L\u00f3pez Obrador detall\u00f3 que la consulta respecto el Tren Maya se podr\u00eda llevar a cabo hacia diciembre o enero pr\u00f3ximos, de la que dijo tiene encuestas que marcan que 80 por ciento de la poblaci\u00f3n est\u00e1 a favor del proyecto.<\/p>\n<p>\u201cLos que no quieren la consulta, los que no quieren la democracia, con todo respeto, piensan que somos incongruentes, que s\u00ed vamos a pedir consultas para unas cosas y para otras no, ya que se vayan preparando psicol\u00f3gicamente porque siempre va a haber consulta cuando lo solicite a gente\u201d, asever\u00f3.<\/p>\n<p>Esta consulta, explic\u00f3, se realizar\u00eda incluso antes de la reforma que se tiene pensada hacer al Art\u00edculo 35 de la Constituci\u00f3n para eliminar candados y dar facilidades a los ciudadanos y que se pueda realizar la consulta.<\/p>\n<p>En otro tema, se refiri\u00f3 al comunicador Jos\u00e9 Guti\u00e9rrez Viv\u00f3 y sostuvo que \u201cde parte nuestra\u201d existe la mejor disposici\u00f3n para que regrese y si volviera a alg\u00fan canal estatal, \u201cser\u00eda un homenaje a la libertad de expresi\u00f3n y a un comunicador que fue injustamente maltratado en un sexenio que es preferible olvidar\u201d.<\/p>\n<p>A su vez, Javier Jim\u00e9nez Espri\u00fa, pr\u00f3ximo secretario de Comunicaciones y Transportes, detall\u00f3 que si bien la mencionada reuni\u00f3n no cont\u00f3 con la presencia de Carlos Slim, el empresario envi\u00f3 en su representaci\u00f3n a Antonio G\u00f3mez, director general de grupo Carso, y se comunic\u00f3 con \u00e9l por tel\u00e9fono y le manifest\u00f3 su total solidaridad y respeto a la decisi\u00f3n adem\u00e1s de que se mostr\u00f3 en la mejor disposici\u00f3n de llegar a la negociaci\u00f3n m\u00e1s adecuada.<\/p>\n<p>Agreg\u00f3 que el encuentro cont\u00f3 con la presencia de 16 empresarios, entre quienes figuraban Carlos Hank Rhon y Olegario V\u00e1zquez Aldir.<\/p>\n<p>De acuerdo con Jim\u00e9nez Espri\u00fa, se finiquitar\u00e1n los contratos del actual aeropuerto de Texcoco y se har\u00e1n otros contratos para Santa Lucia, adem\u00e1s de que se llevar\u00e1n a cabo licitaciones.<\/p>\n<p>Lo que ya est\u00e1 invertido en Texcoco, explic\u00f3, son casi 60 mil millones de pesos \u201cy nosotros estimamos que, entre los gastos no recuperables, no lo sabemos con certeza, pero estimamos que puede ser 25, 30, m\u00e1ximo 40 mil millones de pesos\u201d.<\/p>\n<p>Reiter\u00f3 que se pagar\u00e1 toda la obra que no se haya pagado y detall\u00f3 que \u201cno hay ninguna penalizaci\u00f3n ni hay ninguna fianza, el gobierno no acepta penalizaciones a los contratos; cuando hay una suspensi\u00f3n de una obra por causa de inter\u00e9s p\u00fablico no hay penalizaciones, lo que s\u00ed hay es el cumplimiento de los compromisos; es lo que quedamos\u201d.<\/p>\n<p>Asimismo, sostuvo que los empresarios no perder\u00e1n nada y que en la reuni\u00f3n no estuvieron presentes casi 350 empresarios de contratos peque\u00f1os, pero asegur\u00f3 que a todos se les tratar\u00e1 en el marco del respeto y la legalidad.<\/p>\n","protected":false},"excerpt":{"rendered":"<p>Andr\u00e9s Manuel L\u00f3pez Obrador inform\u00f3 que prev\u00e9 realizar entre diciembre y enero una consulta popular a nivel nacional para definir si se debe llevar a cabo el proyecto del Tren Maya.<\/p>\n","protected":false},"author":3,"featured_media":402198,"comment_status":"open","ping_status":"open","sticky":false,"template":"","format":"standard","meta":{"_monsterinsights_skip_tracking":false,"_monsterinsights_sitenote_active":false,"_monsterinsights_sitenote_note":"","_monsterinsights_sitenote_category":0,"footnotes":""},"categories":[3],"tags":[2545,16619,21406,76415],"class_list":["post-402094","post","type-post","status-publish","format-standard","has-post-thumbnail","hentry","category-nacional","tag-amlo","tag-consulta","tag-diciembre","tag-tren-maya"],"_links":{"self":[{"href":"https:\/\/www.diarioimagen.net\/index.php?rest_route=\/wp\/v2\/posts\/402094","targetHints":{"allow":["GET"]}}],"collection":[{"href":"https:\/\/www.diarioimagen.net\/index.php?rest_route=\/wp\/v2\/posts"}],"about":[{"href":"https:\/\/www.diarioimagen.net\/index.php?rest_route=\/wp\/v2\/types\/post"}],"author":[{"embeddable":true,"href":"https:\/\/www.diarioimagen.net\/index.php?rest_route=\/wp\/v2\/users\/3"}],"replies":[{"embeddable":true,"href":"https:\/\/www.diarioimagen.net\/index.php?rest_route=%2Fwp%2Fv2%2Fcomments&post=402094"}],"version-history":[{"count":0,"href":"https:\/\/www.diarioimagen.net\/index.php?rest_route=\/wp\/v2\/posts\/402094\/revisions"}],"wp:featuredmedia":[{"embeddable":true,"href":"https:\/\/www.diarioimagen.net\/index.php?rest_route=\/wp\/v2\/media\/402198"}],"wp:attachment":[{"href":"https:\/\/www.diarioimagen.net\/index.php?rest_route=%2Fwp%2Fv2%2Fmedia&parent=402094"}],"wp:term":[{"taxonomy":"category","embeddable":true,"href":"https:\/\/www.diarioimagen.net\/index.php?rest_route=%2Fwp%2Fv2%2Fcategories&post=402094"},{"taxonomy":"post_tag","embeddable":true,"href":"https:\/\/www.diarioimagen.net\/index.php?rest_route=%2Fwp%2Fv2%2Ftags&post=402094"}],"curies":[{"name":"wp","href":"https:\/\/api.w.org\/{rel}","templated":true}]}}