{"id":402100,"date":"2018-11-06T00:06:24","date_gmt":"2018-11-06T06:06:24","guid":{"rendered":"https:\/\/www.diarioimagen.net\/?p=402100"},"modified":"2018-11-07T01:04:50","modified_gmt":"2018-11-07T07:04:50","slug":"destacan-apoyo-del-proximo-gobierno-en-negociacion-de-tlc","status":"publish","type":"post","link":"https:\/\/www.diarioimagen.net\/?p=402100","title":{"rendered":"Destacan apoyo del pr\u00f3ximo gobierno en negociaci\u00f3n de TLC"},"content":{"rendered":"<ul>\n<li><strong><em>Se mostr\u00f3 \u201cun solo rostro de dos gobiernos\u201d<\/em><\/strong><\/li>\n<\/ul>\n<p>&nbsp;<\/p>\n<div id=\"attachment_402204\" style=\"width: 470px\" class=\"wp-caption aligncenter\"><a href=\"https:\/\/www.diarioimagen.net\/?attachment_id=402204\" rel=\"attachment wp-att-402204\"><img loading=\"lazy\" decoding=\"async\" aria-describedby=\"caption-attachment-402204\" class=\"size-large wp-image-402204\" src=\"https:\/\/www.diarioimagen.net\/wp-content\/uploads\/2018\/11\/epn-3492-460x259.jpg\" alt=\"\" width=\"460\" height=\"259\" srcset=\"https:\/\/www.diarioimagen.net\/wp-content\/uploads\/2018\/11\/epn-3492-460x259.jpg 460w, https:\/\/www.diarioimagen.net\/wp-content\/uploads\/2018\/11\/epn-3492-240x135.jpg 240w, https:\/\/www.diarioimagen.net\/wp-content\/uploads\/2018\/11\/epn-3492-235x132.jpg 235w, https:\/\/www.diarioimagen.net\/wp-content\/uploads\/2018\/11\/epn-3492-202x114.jpg 202w, https:\/\/www.diarioimagen.net\/wp-content\/uploads\/2018\/11\/epn-3492-350x196.jpg 350w, https:\/\/www.diarioimagen.net\/wp-content\/uploads\/2018\/11\/epn-3492-220x123.jpg 220w, https:\/\/www.diarioimagen.net\/wp-content\/uploads\/2018\/11\/epn-3492-237x132.jpg 237w, https:\/\/www.diarioimagen.net\/wp-content\/uploads\/2018\/11\/epn-3492.jpg 480w\" sizes=\"auto, (max-width: 460px) 100vw, 460px\" \/><\/a><p id=\"caption-attachment-402204\" class=\"wp-caption-text\">Enrique Pe\u00f1a Nieto se reuni\u00f3 con el equipo negociador del acuerdo comercial entre M\u00e9xico, Estados Unidos, Canad\u00e1.<\/p><\/div>\n<p>&nbsp;<\/p>\n<p>El \u00e9xito en la renegociaci\u00f3n del tratado comercial de Am\u00e9rica del Norte, fue posible gracias a la experiencia de funcionarios de s\u00f3lida formaci\u00f3n profesional, tanto de la presente administraci\u00f3n, como de la que entrar\u00e1 en funciones el 1 de diciembre, asever\u00f3 el presidente Enrique Pe\u00f1a Nieto.<\/p>\n<p>Durante la reuni\u00f3n con el equipo negociador del acuerdo comercial entre M\u00e9xico, Estados Unidos, Canad\u00e1, (T-MEC), destac\u00f3 que los integrantes del equipo negociador cuentan con una \u201cacreditada experiencia en negociaciones comerciales\u201d y reconoci\u00f3 a Jes\u00fas Seade, designado por el presidente electo, Andr\u00e9s Manuel L\u00f3pez Obrador.<\/p>\n<p>En el encuentro, efectuado en la residencia oficial de Los Pinos, reconoci\u00f3 el trabajo realizado por el equipo de la administraci\u00f3n que encabez\u00f3 el secretario de Econom\u00eda, Ildefonso Guajardo; al titular de la Secretar\u00eda de Relaciones Exteriores (SRE), Luis Videgaray, as\u00ed como al Consejo Coordinador Empresarial (CCE).<\/p>\n<p>En este marco, hizo un reconocimiento al presidente electo, Andr\u00e9s Manuel L\u00f3pez Obrador, por su apertura para tener una comunicaci\u00f3n tan regular como fuera necesario, a fin de establecer un frente com\u00fan. \u201cGracias por coadyuvar y ser parte de esta negociaci\u00f3n\u201d, le expres\u00f3.<\/p>\n<p>Dijo que gracias a la colaboraci\u00f3n, durante la negociaci\u00f3n, se mostr\u00f3 \u201cun s\u00f3lo frente, con un solo rostro de dos gobiernos: uno saliente y otro por entrar\u201d, y al mismo tiempo, \u201cfuimos representantes no de un gobierno, representantes del M\u00e9xico actual, por M\u00e9xico y pensando en el futuro de M\u00e9xico\u201d.<\/p>\n<p>Con la presencia de los integrantes del equipo negociador de este acuerdo comercial, se\u00f1al\u00f3 que luego de dos a\u00f1os, y de estar bajo la amenaza de ser cancelado, el acuerdo de libre comercio dejar\u00e1 bases s\u00f3lidas, de estabilidad, de certeza para los inversionistas y para la generaci\u00f3n de empleo en los pr\u00f3ximos a\u00f1os.<\/p>\n<p>\u201cEste acuerdo aut\u00e9nticamente estaba en vilo, estaba en un escenario bien complejo y bajo aut\u00e9nticamente la amenaza o el acecho de ser cancelado, porque quiz\u00e1 hab\u00eda visiones no totalmente entendidas en un punto de arranque\u201d, por el entonces candidato a la presidencia de Estados Unidos, Donald Trump.<\/p>\n<p>Consider\u00f3 que el encuentro que sostuvo con el entonces candidato estadunidense en agosto de 2016, no obstante lo complejo de la reuni\u00f3n, \u201cparad\u00f3jicamente e ir\u00f3nicamente dej\u00f3 a la postre una puerta abierta del de quien habr\u00eda de convertirse en el presidente de los Estados Unidos\u201d.<\/p>\n<p>Pe\u00f1a Nieto record\u00f3 que hace a\u00f1os, el principal producto de exportaci\u00f3n era el petr\u00f3leo y las materias primas, los metales, los minerales, que concentraban casi 80 por ciento de las exportaciones, \u201cy en los a\u00f1os 80 fue cuando decidimos abrirnos al mundo, todav\u00eda frente al debate que hab\u00eda en aquel entonces de si mantenernos en una econom\u00eda proteccionista o abierta al mundo iba a ser una mejor ruta para el desarrollo de nuestra naci\u00f3n.<\/p>\n<p>\u201cY creo que el tiempo ha dado a la raz\u00f3n a quienes decidieron con voluntad y firmeza abrirnos al mundo, incluso para aquellos que se opon\u00edan, hoy son los m\u00e1s firmes adherentes a esta ruta que hoy M\u00e9xico ha seguido estos \u00faltimos 30 a\u00f1os, por eso la relevancia e importancia que tiene lo que hoy estamos arribando\u201d, apunt\u00f3 Pe\u00f1a Nieto.<\/p>\n<p>Sostuvo que su gobierno tuvo como premisa mantener la estabilidad macroecon\u00f3mica, a veces con la toma de decisiones complejas, pero recalc\u00f3 que \u201ccuando se tiene esta responsabilidad no se puede pretender tomar decisiones a partir de una agenda pol\u00edtica, una agenda electoral, o una agenda que permita la mayor aprobaci\u00f3n entre la sociedad mexicana\u201d.<\/p>\n","protected":false},"excerpt":{"rendered":"<p>El \u00e9xito en la renegociaci\u00f3n del tratado comercial de Am\u00e9rica del Norte, fue posible gracias a la experiencia de funcionarios de s\u00f3lida formaci\u00f3n profesional, tanto de la presente administraci\u00f3n, como de la que entrar\u00e1 en funciones el 1 de diciembre, asever\u00f3 el presidente Enrique Pe\u00f1a Nieto.<\/p>\n","protected":false},"author":3,"featured_media":402204,"comment_status":"open","ping_status":"open","sticky":false,"template":"","format":"standard","meta":{"_monsterinsights_skip_tracking":false,"_monsterinsights_sitenote_active":false,"_monsterinsights_sitenote_note":"","_monsterinsights_sitenote_category":0,"footnotes":""},"categories":[8],"tags":[18,57818,7300],"class_list":["post-402100","post","type-post","status-publish","format-standard","has-post-thumbnail","hentry","category-finanzas","tag-enrique-pena-nieto","tag-negociacion","tag-tlc"],"_links":{"self":[{"href":"https:\/\/www.diarioimagen.net\/index.php?rest_route=\/wp\/v2\/posts\/402100","targetHints":{"allow":["GET"]}}],"collection":[{"href":"https:\/\/www.diarioimagen.net\/index.php?rest_route=\/wp\/v2\/posts"}],"about":[{"href":"https:\/\/www.diarioimagen.net\/index.php?rest_route=\/wp\/v2\/types\/post"}],"author":[{"embeddable":true,"href":"https:\/\/www.diarioimagen.net\/index.php?rest_route=\/wp\/v2\/users\/3"}],"replies":[{"embeddable":true,"href":"https:\/\/www.diarioimagen.net\/index.php?rest_route=%2Fwp%2Fv2%2Fcomments&post=402100"}],"version-history":[{"count":0,"href":"https:\/\/www.diarioimagen.net\/index.php?rest_route=\/wp\/v2\/posts\/402100\/revisions"}],"wp:featuredmedia":[{"embeddable":true,"href":"https:\/\/www.diarioimagen.net\/index.php?rest_route=\/wp\/v2\/media\/402204"}],"wp:attachment":[{"href":"https:\/\/www.diarioimagen.net\/index.php?rest_route=%2Fwp%2Fv2%2Fmedia&parent=402100"}],"wp:term":[{"taxonomy":"category","embeddable":true,"href":"https:\/\/www.diarioimagen.net\/index.php?rest_route=%2Fwp%2Fv2%2Fcategories&post=402100"},{"taxonomy":"post_tag","embeddable":true,"href":"https:\/\/www.diarioimagen.net\/index.php?rest_route=%2Fwp%2Fv2%2Ftags&post=402100"}],"curies":[{"name":"wp","href":"https:\/\/api.w.org\/{rel}","templated":true}]}}