{"id":402104,"date":"2018-11-06T00:06:07","date_gmt":"2018-11-06T06:06:07","guid":{"rendered":"https:\/\/www.diarioimagen.net\/?p=402104"},"modified":"2018-11-06T06:55:47","modified_gmt":"2018-11-06T12:55:47","slug":"comienza-el-canje-de-armas-2018-en-la-explanada-municipal-de-c-izcalli","status":"publish","type":"post","link":"https:\/\/www.diarioimagen.net\/?p=402104","title":{"rendered":"Comienza el canje de armas 2018 en la explanada municipal de C. Izcalli"},"content":{"rendered":"<ul>\n<li><strong><em>Promueven cultura de la legalidad<\/em><\/strong><\/li>\n<\/ul>\n<p>&nbsp;<\/p>\n<div id=\"attachment_402180\" style=\"width: 470px\" class=\"wp-caption aligncenter\"><a href=\"https:\/\/www.diarioimagen.net\/?attachment_id=402180\" rel=\"attachment wp-att-402180\"><img loading=\"lazy\" decoding=\"async\" aria-describedby=\"caption-attachment-402180\" class=\"size-large wp-image-402180\" src=\"https:\/\/www.diarioimagen.net\/wp-content\/uploads\/2018\/11\/CUAUTITLAN-6-460x306.jpg\" alt=\"\" width=\"460\" height=\"306\" srcset=\"https:\/\/www.diarioimagen.net\/wp-content\/uploads\/2018\/11\/CUAUTITLAN-6-460x306.jpg 460w, https:\/\/www.diarioimagen.net\/wp-content\/uploads\/2018\/11\/CUAUTITLAN-6-240x159.jpg 240w, https:\/\/www.diarioimagen.net\/wp-content\/uploads\/2018\/11\/CUAUTITLAN-6.jpg 700w\" sizes=\"auto, (max-width: 460px) 100vw, 460px\" \/><\/a><p id=\"caption-attachment-402180\" class=\"wp-caption-text\">El a\u00f1o pasado se logr\u00f3 recaudar un total de 19 armas cortas, 2 largas, 17 cartuchos \u00fatiles y dos granadas.<\/p><\/div>\n<p>&nbsp;<\/p>\n<p><strong>Cuatitl\u00e1n Izcalli, Estado de M\u00e9xico<\/strong>.- Ayer lunes comenz\u00f3 el programa \u201cCanje de Armas 2018\u201d en la explanada municipal de Cuautitl\u00e1n Izcalli, realizado por el gobierno local, la Comisi\u00f3n Estatal de Seguridad (CES) y la Secretar\u00eda de la Defensa Nacional (Sedena), que tiene como objetivo promover la cultura de la legalidad, la paz y el desarme voluntario sin responsabilidad jur\u00eddica.<\/p>\n<p>El director de Tr\u00e1nsito municipal, Israel Esquivel, destac\u00f3 que el a\u00f1o pasado se logr\u00f3 recaudar un total de 19 armas cortas, 2 largas, 17 cartuchos \u00fatiles y dos granadas; precis\u00f3 que el objetivo para este 2018 es duplicar la cifra, y cumplir ampliamente con el prop\u00f3sito de evitar entre la sociedad el uso de armas de fuego.<\/p>\n<p>\u201cEsta acci\u00f3n es sobre todo preventiva, toda vez que las armas en domicilios representan un peligro para las familias. Lo importante es que la gente reflexione y opte por su destrucci\u00f3n\u201d, resalt\u00f3 Esquivel.<\/p>\n<p>Por su parte el oficial de la Polic\u00eda Estatal, Apolinar Mej\u00eda Reyes, recalc\u00f3 que el Canje de Armas es un programa meramente preventivo en el que participan los tres niveles de gobierno.<\/p>\n<p>Explic\u00f3 que para brindar seguridad y confianza al portador, la entrega se realiza de manera an\u00f3nima, para canjearla por dinero en efectivo (mismo que se encuentra establecido en una tabla p\u00fablica) y finalmente destruirla en\u00a0 presencia de la gente.<\/p>\n<p>Al respecto, el oficial Apolinar Mej\u00eda inform\u00f3 que los propietarios de armas podr\u00e1n obtener hasta 14 mil 200 pesos, seg\u00fan las condiciones y tipo de artefacto de fuego, el cual ser\u00e1 valorado por personal de la Secretar\u00eda de la Defensa Nacional (Sedena), quienes tambi\u00e9n se encargar\u00e1n de su destrucci\u00f3n de manera inmediata.<\/p>\n<p>El protocolo a seguir es la recepci\u00f3n del arma por parte de personal del Ej\u00e9rcito, quien valorar\u00e1 el arma, calibre y condiciones generales; posterior a este diagn\u00f3stico, basado en un tabulador, se determinar\u00e1 el monto a otorgar.<\/p>\n<p>El centro de canje dar\u00e1 atenci\u00f3n del 5 al 10 de noviembre en la explanada municipal de Cuautitl\u00e1n Izcalli, en un horario de lunes a viernes de 9:00 a 18:00 horas y s\u00e1bados de 10:00 a 14:00 horas.<strong>\u00a0<\/strong><\/p>\n","protected":false},"excerpt":{"rendered":"<p>Ayer lunes comenz\u00f3 el programa \u201cCanje de Armas 2018\u201d en la explanada municipal de Cuautitl\u00e1n Izcalli, realizado por el gobierno local, la Comisi\u00f3n Estatal de Seguridad (CES) y la Secretar\u00eda de la Defensa Nacional (Sedena), que tiene como objetivo promover la cultura de la legalidad, la paz y el desarme voluntario sin responsabilidad jur\u00eddica.<\/p>\n","protected":false},"author":3,"featured_media":402180,"comment_status":"open","ping_status":"open","sticky":false,"template":"","format":"standard","meta":{"_monsterinsights_skip_tracking":false,"_monsterinsights_sitenote_active":false,"_monsterinsights_sitenote_note":"","_monsterinsights_sitenote_category":0,"footnotes":""},"categories":[35155],"tags":[77302,43675,79841],"class_list":["post-402104","post","type-post","status-publish","format-standard","has-post-thumbnail","hentry","category-estado-de-mexico-estado-de-mexico","tag-cuatitlan-izcalli","tag-estado-de-mexico","tag-explanada"],"_links":{"self":[{"href":"https:\/\/www.diarioimagen.net\/index.php?rest_route=\/wp\/v2\/posts\/402104","targetHints":{"allow":["GET"]}}],"collection":[{"href":"https:\/\/www.diarioimagen.net\/index.php?rest_route=\/wp\/v2\/posts"}],"about":[{"href":"https:\/\/www.diarioimagen.net\/index.php?rest_route=\/wp\/v2\/types\/post"}],"author":[{"embeddable":true,"href":"https:\/\/www.diarioimagen.net\/index.php?rest_route=\/wp\/v2\/users\/3"}],"replies":[{"embeddable":true,"href":"https:\/\/www.diarioimagen.net\/index.php?rest_route=%2Fwp%2Fv2%2Fcomments&post=402104"}],"version-history":[{"count":0,"href":"https:\/\/www.diarioimagen.net\/index.php?rest_route=\/wp\/v2\/posts\/402104\/revisions"}],"wp:featuredmedia":[{"embeddable":true,"href":"https:\/\/www.diarioimagen.net\/index.php?rest_route=\/wp\/v2\/media\/402180"}],"wp:attachment":[{"href":"https:\/\/www.diarioimagen.net\/index.php?rest_route=%2Fwp%2Fv2%2Fmedia&parent=402104"}],"wp:term":[{"taxonomy":"category","embeddable":true,"href":"https:\/\/www.diarioimagen.net\/index.php?rest_route=%2Fwp%2Fv2%2Fcategories&post=402104"},{"taxonomy":"post_tag","embeddable":true,"href":"https:\/\/www.diarioimagen.net\/index.php?rest_route=%2Fwp%2Fv2%2Ftags&post=402104"}],"curies":[{"name":"wp","href":"https:\/\/api.w.org\/{rel}","templated":true}]}}