{"id":402108,"date":"2018-11-06T00:04:01","date_gmt":"2018-11-06T06:04:01","guid":{"rendered":"https:\/\/www.diarioimagen.net\/?p=402108"},"modified":"2018-11-06T07:05:36","modified_gmt":"2018-11-06T13:05:36","slug":"gobierno-de-tultepec-compra-dos-ambulancias-con-recursos-propios","status":"publish","type":"post","link":"https:\/\/www.diarioimagen.net\/?p=402108","title":{"rendered":"Gobierno de Tultepec compra dos ambulancias con recursos propios"},"content":{"rendered":"<ul>\n<li><strong><em>Respuesta a las necesidades de la ciudadan\u00eda<\/em><\/strong><\/li>\n<\/ul>\n<p>&nbsp;<\/p>\n<div id=\"attachment_402186\" style=\"width: 470px\" class=\"wp-caption aligncenter\"><a href=\"https:\/\/www.diarioimagen.net\/?attachment_id=402186\" rel=\"attachment wp-att-402186\"><img loading=\"lazy\" decoding=\"async\" aria-describedby=\"caption-attachment-402186\" class=\"size-large wp-image-402186\" src=\"https:\/\/www.diarioimagen.net\/wp-content\/uploads\/2018\/11\/TULTEPEC-6-460x259.jpg\" alt=\"\" width=\"460\" height=\"259\" srcset=\"https:\/\/www.diarioimagen.net\/wp-content\/uploads\/2018\/11\/TULTEPEC-6-460x259.jpg 460w, https:\/\/www.diarioimagen.net\/wp-content\/uploads\/2018\/11\/TULTEPEC-6-240x135.jpg 240w, https:\/\/www.diarioimagen.net\/wp-content\/uploads\/2018\/11\/TULTEPEC-6-235x132.jpg 235w, https:\/\/www.diarioimagen.net\/wp-content\/uploads\/2018\/11\/TULTEPEC-6-202x114.jpg 202w, https:\/\/www.diarioimagen.net\/wp-content\/uploads\/2018\/11\/TULTEPEC-6-350x196.jpg 350w, https:\/\/www.diarioimagen.net\/wp-content\/uploads\/2018\/11\/TULTEPEC-6-220x123.jpg 220w, https:\/\/www.diarioimagen.net\/wp-content\/uploads\/2018\/11\/TULTEPEC-6-237x132.jpg 237w, https:\/\/www.diarioimagen.net\/wp-content\/uploads\/2018\/11\/TULTEPEC-6.jpg 480w\" sizes=\"auto, (max-width: 460px) 100vw, 460px\" \/><\/a><p id=\"caption-attachment-402186\" class=\"wp-caption-text\">Entregaron dos ambulancias a la Direcci\u00f3n General de Protecci\u00f3n Civil, en aras de brindar una mejor respuesta a necesidades de la gente.<\/p><\/div>\n<p>&nbsp;<\/p>\n<p><strong>Tultepec, Estado de M\u00e9xico<\/strong>.- Autoridades municipales encabezadas por el alcalde, hicieron entrega de dos ambulancias a la Direcci\u00f3n General de Protecci\u00f3n Civil, en cumplimiento al compromiso de equipar con todo lo necesario a esta importante \u00e1rea de la administraci\u00f3n en aras de brindar una mejor respuesta a las necesidades de la ciudadan\u00eda.<\/p>\n<p>Las unidades son Transit 2018 tipo II, las mejor equipadas, fueron provistas de acuerdo a las necesidades espec\u00edficas del municipio de Tultepec por lo cual se consider\u00f3 la naturaleza productora de pirotecnia y tuvieron una inversi\u00f3n de 869 mil pesos cada una, es decir, casi un mill\u00f3n 700 mil pesos de recursos propios y que fue posible gracias al ahorro generado por la presente administraci\u00f3n.<\/p>\n<p>Con la entrega de estas dos nuevas unidades durante la ceremonia c\u00edvica de este lunes, la direcci\u00f3n General de Protecci\u00f3n Civil eleva a cinco el n\u00famero de ambulancias con las que cuenta para atender las necesidades de la ciudadan\u00eda.<\/p>\n<p>Con estas acciones y la ampliaci\u00f3n y equipamiento de las cl\u00ednicas operadas por el DIF municipal, se complementa el compromiso del presente gobierno de brindar atenci\u00f3n m\u00e9dica de calidad al alcance de toda la ciudadan\u00eda de Tultepec, sobre todo a quienes no cuentan con ning\u00fan tipo de seguridad social.<\/p>\n<p>Durante la ceremonia, el alcalde y autoridades municipales tambi\u00e9n entregaron reconocimientos a 29 servidores p\u00fablicos de las diversas dependencias, por participar en la Brigada Multifuncional de Protecci\u00f3n Civil, capacitaci\u00f3n que tuvo una duraci\u00f3n de 40 horas, y que los convierte el\u00a0primer respondiente multidisciplinario\u00a0en casos de emergencia.<\/p>\n<p>En las nuevas ambulancias, la cabina de pacientes est\u00e1 dise\u00f1ada con base y funci\u00f3n de los param\u00e9dicos, con el fin de brindar confort y seguridad al paciente, cuya \u00e1rea m\u00e9dica de atenci\u00f3n aloja al menos a un paciente en camilla rodante, un param\u00e9dico y tres acompa\u00f1antes o pacientes, estos \u00faltimos sentados.<\/p>\n<p>La camilla con que est\u00e1n equipadas para el transporte de pacientes en situaci\u00f3n de rescate, agilizar\u00e1 la atenci\u00f3n, con ruedas de 127 mm de di\u00e1metro con sistema de freno, respaldo ajustable de seis posiciones, capacidad de carga de 300 kg, cintur\u00f3n de fijaci\u00f3n para seguridad del paciente y sistema de seguridad autom\u00e1tico para evitar ca\u00edda accidental, entre otros.<\/p>\n<p>Adem\u00e1s, cada unidad cuenta con tanque de ox\u00edgeno tipo \u201cM\u201d, tomas de ox\u00edgenos, chaleco de extracci\u00f3n, sistema de sujeci\u00f3n (ara\u00f1a) de 10 puntos, portavenoclisis, juego de collar cervical de 6 piezas, cuatro para adulto, uno pedi\u00e1trico y un neonato, estuche de disecci\u00f3n de 10 piezas, term\u00f3metro digital, l\u00e1mpara de diagn\u00f3stico LED.<\/p>\n<p>Asimismo, cuenta con kit de f\u00e9rulas r\u00edgidas, maleta para insumos m\u00e9dicos y equipos, chaleco param\u00e9dico, maleta para tanque de ox\u00edgeno, botiqu\u00edn peque\u00f1o, botiqu\u00edn para primera intervenci\u00f3n, f\u00e9rula moldeable, bauman\u00f3metro de pared para ambulancia, estetoscopio d\u00faplex adulto, kit de inmovilizaci\u00f3n pedi\u00e1trico, entre otros equipamientos.<\/p>\n<p>Finalmente, Mart\u00edn Pati\u00f1o L\u00f3pez, T\u00e9cnico en Urgencias M\u00e9dicas (TUM), dijo que sumado a este equipamiento, se har\u00e1n algunas adecuaciones en una de las ambulancias nuevas, con la colocaci\u00f3n de un monitor con 5 derivaciones con las que se podr\u00e1 medir la frecuencia cardiaca y respiratoria, el ox\u00edmetro de pulso y la tensi\u00f3n arterial, un electrocardi\u00f3grafo y un ventilador el\u00e9ctrico, lo que permitir\u00e1 realizar traslados de terapia intensiva.<\/p>\n","protected":false},"excerpt":{"rendered":"<p>Autoridades municipales encabezadas por el alcalde, hicieron entrega de dos ambulancias a la Direcci\u00f3n General de Protecci\u00f3n Civil, en cumplimiento al compromiso de equipar con todo lo necesario a esta importante \u00e1rea de la administraci\u00f3n en aras de brindar una mejor respuesta a las necesidades de la ciudadan\u00eda.<\/p>\n","protected":false},"author":3,"featured_media":402186,"comment_status":"open","ping_status":"open","sticky":false,"template":"","format":"standard","meta":{"_monsterinsights_skip_tracking":false,"_monsterinsights_sitenote_active":false,"_monsterinsights_sitenote_note":"","_monsterinsights_sitenote_category":0,"footnotes":""},"categories":[35155],"tags":[79842,43675,20477,3802],"class_list":["post-402108","post","type-post","status-publish","format-standard","has-post-thumbnail","hentry","category-estado-de-mexico-estado-de-mexico","tag-ambulancia","tag-estado-de-mexico","tag-recursos","tag-tultepec"],"_links":{"self":[{"href":"https:\/\/www.diarioimagen.net\/index.php?rest_route=\/wp\/v2\/posts\/402108","targetHints":{"allow":["GET"]}}],"collection":[{"href":"https:\/\/www.diarioimagen.net\/index.php?rest_route=\/wp\/v2\/posts"}],"about":[{"href":"https:\/\/www.diarioimagen.net\/index.php?rest_route=\/wp\/v2\/types\/post"}],"author":[{"embeddable":true,"href":"https:\/\/www.diarioimagen.net\/index.php?rest_route=\/wp\/v2\/users\/3"}],"replies":[{"embeddable":true,"href":"https:\/\/www.diarioimagen.net\/index.php?rest_route=%2Fwp%2Fv2%2Fcomments&post=402108"}],"version-history":[{"count":0,"href":"https:\/\/www.diarioimagen.net\/index.php?rest_route=\/wp\/v2\/posts\/402108\/revisions"}],"wp:featuredmedia":[{"embeddable":true,"href":"https:\/\/www.diarioimagen.net\/index.php?rest_route=\/wp\/v2\/media\/402186"}],"wp:attachment":[{"href":"https:\/\/www.diarioimagen.net\/index.php?rest_route=%2Fwp%2Fv2%2Fmedia&parent=402108"}],"wp:term":[{"taxonomy":"category","embeddable":true,"href":"https:\/\/www.diarioimagen.net\/index.php?rest_route=%2Fwp%2Fv2%2Fcategories&post=402108"},{"taxonomy":"post_tag","embeddable":true,"href":"https:\/\/www.diarioimagen.net\/index.php?rest_route=%2Fwp%2Fv2%2Ftags&post=402108"}],"curies":[{"name":"wp","href":"https:\/\/api.w.org\/{rel}","templated":true}]}}