{"id":402153,"date":"2018-11-06T00:04:18","date_gmt":"2018-11-06T06:04:18","guid":{"rendered":"https:\/\/www.diarioimagen.net\/?p=402153"},"modified":"2018-11-06T03:58:57","modified_gmt":"2018-11-06T09:58:57","slug":"presidentes-sin-pension-ni-guarros","status":"publish","type":"post","link":"https:\/\/www.diarioimagen.net\/?p=402153","title":{"rendered":"Presidentes, sin pensi\u00f3n, ni guarros"},"content":{"rendered":"<h2>Poder y dinero<\/h2>\n<h5>V\u00edctor S\u00e1nchez Ba\u00f1os<\/h5>\n<p>&nbsp;<\/p>\n<p style=\"text-align: right;\"><em><strong>En tiempos de corrupci\u00f3n es cuando m\u00e1s leyes se promulgan<\/strong><br \/>\n<\/em><em>\u00c9tienne Bonnot de Condillac, 1716-1780; fil\u00f3sofo franc\u00e9s<\/em><\/p>\n<p>&nbsp;<\/p>\n<p>#ExpresientesSinPensi\u00f3n #ExpresidentesRicos #FinAguarrosPresidenciales #YaBastaDeHijosAbusivos #QuePaguenSusLujos #AMLO #Monarqu\u00edasRepublicanas #Ram\u00edrezCu\u00e9llar #JineteoContribuyentes #MartesElectoral #EUA #DonaldTrump #Dem\u00f3cratasAventajan #PruebaDeAcidoTrump #DanielServitje<\/p>\n<p>&nbsp;<\/p>\n<p>Al terminar con las pensiones a ex presidentes de la Rep\u00fablica, se termina con una serie de abusos que se cometen con el erario p\u00fablico; aquel que enriquecemos todos los mexicanos.<\/p>\n<p>A lo largo de la historia independiente mexicana, los \u201cpr\u00f3ceres\u201d que nos guiaron a la gran crisis recurrente que vive el pa\u00eds, los mexicanos pagamos desde su manutenci\u00f3n hasta su vivienda.<\/p>\n<p>Como reyes, les damos todo, para que nos gobiernen con su sapiencia. Aunque, al final, s\u00f3lo sean pillos, saqueadores e ineptos.<\/p>\n<p>Pero viven como reyes el resto de sus vidas. No s\u00f3lo eso, sino que el resto de las vidas de sus hijos, nietos y hasta bisnietos. Acaso, \u00bfalguien conoce a un descendiente de Madero, Obreg\u00f3n, El\u00edas Calles, Ortiz Rubio, C\u00e1rdenas, \u00c1vila Camacho, Alem\u00e1n, D\u00edaz Ordaz, Echeverr\u00eda, L\u00f3pez Portillo, De la Madrid, Salinas y Zedillo, por citar a los post revolucionarios, que sea pobre?<\/p>\n<p>Lo peor de los casos es que algunos, por decreto presidencial, recib\u00edan una pensi\u00f3n, sus viudas e hijos; una vivienda, soldados del Estado Mayor Presidencial (como guardaespaldas), hasta un equipo de secretarias, asesores y mucho m\u00e1s. Todo con cargo al erario.<\/p>\n<p>Esta decisi\u00f3n del todav\u00eda presidente electo, Andr\u00e9s Manuel L\u00f3pez Obrador, de quitar las pensiones y privilegios, endulz\u00f3 el o\u00eddo de la mayor\u00eda de los mexicanos que vieron los abusos de sus presidentes cuyas familias gozan de toda una larga lista de privilegios que s\u00f3lo los Tudores o los Habsburgo gozan ancestralmente en pa\u00edses tambi\u00e9n ancestralmente ricos.\u00a0 Es otra venganza de los mexicanos de a pie contra quienes viajan por el mundo despilfarrando el dinero de los mexicanos.<\/p>\n<p>No es mucho dinero el que se ahorra, pero es la se\u00f1al que manda AMLO. Esperamos que sus cercanos colaboradores y familiares, no demuestren los abusos de sus antecesores.\u00a0 Eso ser\u00eda imperdonable. \u00a1Que terminen estas monarqu\u00edas republicanas!<\/p>\n<p><strong>PODEROSOS CABALLEROS<\/strong>: Golpe bajo a las Pymes y Mipymes.<\/p>\n<p>El morenista Alfonso Ram\u00edrez Cu\u00e9llar, en caso de aprobarse una iniciativa que present\u00f3 recientemente, sobre reformas a diversas disposiciones de la Ley del Impuesto al Valor Agregado y de la Ley al Impuesto Sobre la Renta, del C\u00f3digo Fiscal de la Federaci\u00f3n, de la Ley Federal en Contra de la Delincuencia Organizada y de la Ley de Coordinaci\u00f3n Fiscal.<\/p>\n<p>Sus iniciativas contemplan aplicar en montos facturados superiores a 100 mil pesos mensuales por contribuyente, retenciones adicionales (a los impuestos que ya se pagan) de 10% en IVA y 8% en ISR, y que supuestamente se devolver\u00e1n en 20 d\u00edas. Esto le pega al capital de trabajo y la utilidad de este sector de la econom\u00eda que es quien m\u00e1s trabajo proporciona en el pa\u00eds.\u00a0 Al estilo de Fidel Castro en Cuba, jinetear el dinero que no es de ellos. Mal; muy mal.<\/p>\n<p>*** Ultravisi\u00f3n se convirti\u00f3 en el primer sistema en nuestro pa\u00eds en ofrecer \u201cDoble Play\u201d: Internet y TV de paga, totalmente inal\u00e1mbrico y streaming, al iniciar las operaciones de Ultra TV en las ciudades de Puebla y Atlixco, que representan un mercado potencial de 2 millones 600 mil personas. Al mando de Patricio Zorrilla, para el pr\u00f3ximo a\u00f1o tienen un plan de expansi\u00f3n que abarca los estados de Aguascalientes, Tlaxcala y Guerrero.<\/p>\n<p>*** Hoy es el \u201cmartes de elecciones\u201d en Estados Unidos. Es la prueba del \u00e1cido para el gobierno de Donald Trump.\u00a0 Est\u00e1 enfocado a ganar la mayor\u00eda en el Congreso, con lo que ser\u00eda una ratificaci\u00f3n a su administraci\u00f3n, por una parte, y el poder total para hacer lo que le pegue la gana en los dos a\u00f1os restantes de su administraci\u00f3n y, se abren las puertas para su reelecci\u00f3n. Los dem\u00f3cratas van punteando en las encuestas; esas que fallaron hace dos a\u00f1os y que daban el triunfo a Hilary Clinton.<\/p>\n<p>Sin embargo, las negociaciones y cabildeo del equipo de Trump, especialmente en los republicanos, hacen ver que podr\u00eda estar cerrada la elecci\u00f3n.\u00a0 Los estadounidenses promedio, creen que Trump est\u00e1 haciendo un gran trabajo en el bienestar de los estadounidenses; para ello se fijan en la econom\u00eda que est\u00e1, en t\u00e9rminos generales, con \u00f3ptimos resultados.<\/p>\n<p>Pero, los dem\u00f3cratas hacen m\u00e1s ruido y hacen eco a las demandas de derechos humanos de naciones como la nuestra que exige su respeto, especialmente a nuestros compatriotas.<\/p>\n<p>Ya veremos lo que desean m\u00e1s all\u00e1 del R\u00edo Bravo.<\/p>\n<p><strong>RESPONSABILIDAD SOCIAL CORPORATIVA<\/strong>: La organizaci\u00f3n Di\u00e1logo Interamericano entreg\u00f3 a Daniel Servitje, l\u00edder de Grupo Bimbo, su premio al Liderazgo Distinguido en Responsabilidad Social Empresarial, en una ceremonia en Washington DC.<\/p>\n<p><em><a href=\"mailto:vsb@poderydinero.mx\" target=\"_blank\" rel=\"noopener\">vsb@poderydinero.mx<\/a><br \/>\n<\/em><em><strong>Twitter:<\/strong><a href=\"https:\/\/twitter.com\/vsanchezbanos\" target=\"_blank\" rel=\"noopener\">@vsanchezbano<br \/>\n<\/a><\/em><em><strong>Facebook:\u00a0<\/strong><a href=\"https:\/\/www.facebook.com\/vsanchezbanos?fref=ts\" target=\"_blank\" rel=\"noopener\">vsanchezbano<\/a><\/em><\/p>\n","protected":false},"excerpt":{"rendered":"<p><span style=\"color: #005497;\"><strong>V\u00edctor S\u00e1nchez Ba\u00f1os<\/strong><\/span><\/p>\n","protected":false},"author":3,"featured_media":0,"comment_status":"open","ping_status":"open","sticky":false,"template":"","format":"standard","meta":{"_monsterinsights_skip_tracking":false,"_monsterinsights_sitenote_active":false,"_monsterinsights_sitenote_note":"","_monsterinsights_sitenote_category":0,"footnotes":""},"categories":[38844],"tags":[43674,38847,38848],"class_list":["post-402153","post","type-post","status-publish","format-standard","hentry","category-victor-sanchez-banos","tag-opinion","tag-poder-y-dinero","tag-victor-sanchez-banos"],"_links":{"self":[{"href":"https:\/\/www.diarioimagen.net\/index.php?rest_route=\/wp\/v2\/posts\/402153","targetHints":{"allow":["GET"]}}],"collection":[{"href":"https:\/\/www.diarioimagen.net\/index.php?rest_route=\/wp\/v2\/posts"}],"about":[{"href":"https:\/\/www.diarioimagen.net\/index.php?rest_route=\/wp\/v2\/types\/post"}],"author":[{"embeddable":true,"href":"https:\/\/www.diarioimagen.net\/index.php?rest_route=\/wp\/v2\/users\/3"}],"replies":[{"embeddable":true,"href":"https:\/\/www.diarioimagen.net\/index.php?rest_route=%2Fwp%2Fv2%2Fcomments&post=402153"}],"version-history":[{"count":0,"href":"https:\/\/www.diarioimagen.net\/index.php?rest_route=\/wp\/v2\/posts\/402153\/revisions"}],"wp:attachment":[{"href":"https:\/\/www.diarioimagen.net\/index.php?rest_route=%2Fwp%2Fv2%2Fmedia&parent=402153"}],"wp:term":[{"taxonomy":"category","embeddable":true,"href":"https:\/\/www.diarioimagen.net\/index.php?rest_route=%2Fwp%2Fv2%2Fcategories&post=402153"},{"taxonomy":"post_tag","embeddable":true,"href":"https:\/\/www.diarioimagen.net\/index.php?rest_route=%2Fwp%2Fv2%2Ftags&post=402153"}],"curies":[{"name":"wp","href":"https:\/\/api.w.org\/{rel}","templated":true}]}}