{"id":402168,"date":"2018-11-06T00:10:15","date_gmt":"2018-11-06T06:10:15","guid":{"rendered":"https:\/\/www.diarioimagen.net\/?p=402168"},"modified":"2018-11-06T09:30:43","modified_gmt":"2018-11-06T15:30:43","slug":"haciendo-disputas-internas-de-lado-monreal-y-delgado-van-por-reformas-de-la-4ta-transformacion","status":"publish","type":"post","link":"https:\/\/www.diarioimagen.net\/?p=402168","title":{"rendered":"Haciendo disputas internas de lado, Monreal y Delgado van por reformas de la 4ta Transformaci\u00f3n"},"content":{"rendered":"<h2>Tras la puerta del poder<\/h2>\n<h5>Roberto Vizca\u00edno<\/h5>\n<p>&nbsp;<\/p>\n<div id=\"attachment_402211\" style=\"width: 470px\" class=\"wp-caption aligncenter\"><a href=\"https:\/\/www.diarioimagen.net\/?attachment_id=402211\" rel=\"attachment wp-att-402211\"><img loading=\"lazy\" decoding=\"async\" aria-describedby=\"caption-attachment-402211\" class=\"size-large wp-image-402211\" src=\"https:\/\/www.diarioimagen.net\/wp-content\/uploads\/2018\/11\/y-los-nuestros-LUIS-XAVIER-460x356.jpg\" alt=\"\" width=\"460\" height=\"356\" srcset=\"https:\/\/www.diarioimagen.net\/wp-content\/uploads\/2018\/11\/y-los-nuestros-LUIS-XAVIER-460x356.jpg 460w, https:\/\/www.diarioimagen.net\/wp-content\/uploads\/2018\/11\/y-los-nuestros-LUIS-XAVIER-240x186.jpg 240w, https:\/\/www.diarioimagen.net\/wp-content\/uploads\/2018\/11\/y-los-nuestros-LUIS-XAVIER-768x594.jpg 768w, https:\/\/www.diarioimagen.net\/wp-content\/uploads\/2018\/11\/y-los-nuestros-LUIS-XAVIER.jpg 1200w\" sizes=\"auto, (max-width: 460px) 100vw, 460px\" \/><\/a><p id=\"caption-attachment-402211\" class=\"wp-caption-text\">\u00bfY los nuestros..? | Luis Xavier<\/p><\/div>\n<p>&nbsp;<\/p>\n<p>Para nadie dentro y fuera del Congreso es un secreto que entre los dirigentes parlamentarios de Morena dentro del Senado y de la C\u00e1mara de Diputados simplemente no hay qu\u00edmica ni visiones cercanas ni buena relaci\u00f3n.<\/p>\n<p>Pero luego de dos o tres reclamos y jalones de orejas de <strong>Andr\u00e9s Manuel L\u00f3pez Obrador, <\/strong>dos meses despu\u00e9s de haber iniciado sus tareas legislativas, finalmente <strong>Ricardo Monreal<\/strong> y <strong>Mario Delgado<\/strong> consolidaron lo suficiente sus liderazgos y se pusieron de acuerdo para alcanzar agendas m\u00e1s o menos comunes con las que AMLO pueda arrancar su gobierno hacia la Cuarta Transformaci\u00f3n.<\/p>\n<p>En San L\u00e1zaro <strong>Delgado<\/strong> aparentemente tiene los mayores frenos internos por la muy pobre actuaci\u00f3n por dem\u00e1s egoc\u00e9ntrica de tres personajes: <strong>Porfirio Mu\u00f1oz Ledo,<\/strong> presidente de la C\u00e1mara; <strong>Dolores Padierna<\/strong> vicepresidenta de la mesa y el protagonismo que raya en el delito de <strong>Gerardo Fern\u00e1ndez Noro\u00f1a.<\/strong><\/p>\n<p>En el Senado <strong>Monreal <\/strong>ha logrado con un buen trabajo de acercamiento pol\u00edtico con los otros coordinadores parlamentarios, lidiar con los arranques y el protagonismo de <strong>Mart\u00ed Batres<\/strong>, presidente del Senado.<\/p>\n<p>Hoy ambos, <strong>Monreal <\/strong>y <strong>Delgado<\/strong>, sin estar exentos de malos momentos por zancadillas, golpes bajos e intentonas de golpes medi\u00e1ticos de los antes se\u00f1alados, cuentan con agendas parlamentarias consensuadas con las otras fuerzas a fin de tener listo el andamiaje para que <strong>L\u00f3pez Obrador<\/strong> pueda comenzar a gobernar desde el 1 de diciembre, es decir, en menos de un mes.<\/p>\n<p>En la C\u00e1mara de Diputados Delgado anunci\u00f3 una agenda que contiene <strong>las reformas \u00abclave\u00bb<\/strong> para el inicio de esa tan tra\u00edda y llevada Cuarta Transformaci\u00f3n de la que nadie tiene ni idea de qu\u00e9 ser\u00e1.<\/p>\n<p><strong>En coordinaci\u00f3n con Monreal en el Senado, los diputados van de inmediato en los siguientes d\u00edas por la Ley que haga realidad la Fiscal\u00eda General de la Rep\u00fablica.<\/strong><\/p>\n<p>Eso deber\u00e1 quedar listo antes del quince de este mes, dijo <strong>Delgado.<\/strong><\/p>\n<p>\u201cNo hay nada que genere m\u00e1s certidumbre para la inversi\u00f3n que un Estado eficaz de Derecho\u201d, indic\u00f3.<\/p>\n<p>Otra iniciativa clave que se tramitar\u00e1 en estas semanas, es la del retiro del fuero a fin de que no haya impunidad, y adicionalmente se trabaja a todo vapor para modificar los Art\u00edculos 35, 36, 73, 99 y 108 de la Constituci\u00f3n, a fin de hacer realidad la revocaci\u00f3n de mandato.<\/p>\n<p>Como a AMLO le interesa especialmente atender a los pueblos ind\u00edgenas,\u00a0 cosa que \u00e9l hizo hace ya unos 30 a\u00f1os en La Chontalpa, los diputados y senadores preparan la creaci\u00f3n del Instituto Nacional de Pueblos Ind\u00edgenas.<\/p>\n<p style=\"text-align: center;\"><strong>En el Senado<\/strong><\/p>\n<p>Todas las reformas para el redise\u00f1o de las instituciones del Estado pasan por ambas c\u00e1maras y por ello en el Senado, <strong>Monreal<\/strong> anunci\u00f3 que se tramitar\u00e1n preferentemente este mes 19 puntos que podr\u00edan requerir muchas m\u00e1s reformas.<\/p>\n<p>Estos 19 puntos fueron alcanzados en forma conjunta por \u00e9l y los otros coordinadores, a saber: <strong>Dami\u00e1n Zepeda,<\/strong> del PAN; <strong>Miguel \u00c1ngel Osorio Chong,<\/strong> del PRI; <strong>Dante Delgado,<\/strong> del MC; <strong>Miguel \u00c1ngel Mancera<\/strong> del PRD; <strong>Alejandro Gonz\u00e1lez, <\/strong>del PT; <strong>Sasil de Le\u00f3n<\/strong>, del PES y <strong>Ra\u00fal Bola\u00f1os Cacho, <\/strong>del PVEM.<\/p>\n<p>Eso a pesar de que d\u00edas antes de alcanzar el acuerdo, <strong>Batres<\/strong> &#8211;en un evidente nuevo golpe bajo contra <strong>Monreal<\/strong>&#8211;, anunci\u00f3 su propia agenda legislativa como presidente del Senado, lo cual meti\u00f3 ruido y llevo a varios de los coordinadores a amenazar con su retiro del acuerdo.<\/p>\n<p>El zacatecano sembr\u00f3 la calma, habl\u00f3 con sus compa\u00f1eros coordinadores y no s\u00f3lo todos convinieron en que <strong>Batres<\/strong> es un dolor de muelas legislativo que deber\u00e1n lidiar juntos, sino que hay acuerdos que deben prevalecer dentro del Senado y eso solo los garantiza <strong>Monreal.<\/strong><\/p>\n<p>Es as\u00ed que todos ellos convinieron en sacar adelante los siguientes 19 acuerdos:<\/p>\n<p>Las reformas y modificaciones a la Ley de Educaci\u00f3n y Reforma Educativa a lo que le sigue por su importancia lo referente a la reforma sobre el fuero constitucional a fin de que no se use para obtener impunidad.<\/p>\n<p>Otro tema muy importante es el de la revisi\u00f3n y regulaci\u00f3n del cat\u00e1logo de delitos graves y sin duda el tema de la Seguridad P\u00fablica y reforma policial.<\/p>\n<p>Un asunto que le interesa personalmente a Ricardo Monreal, es el de construir y aprobar normas y leyes para hacer de la austeridad un sistema nacional y por ello tambi\u00e9n se trabajar\u00e1 en todo ese paquete.<\/p>\n<p>Ni qu\u00e9 decir que los procesos electorales de los \u00faltimos a\u00f1os han dejado experiencias suficientes para reclamar una nueva Reforma Electoral y el mejoramiento del marco de la llamada\u00a0 democracia participativa.,<\/p>\n<p>De la mano de lo anterior est\u00e1 el crear instrumentos de participaci\u00f3n ciudadana como el refer\u00e9ndum y la consulta.<\/p>\n<p>En otros \u00e1mbitos igualmente importantes est\u00e1 el garantizar el acceso efectivo a la salud y a la seguridad social y por ello senadores y diputados van por un nuevo paquete de reformas en este rubro.<\/p>\n<p>Inmerso el mundo en una etapa acelerada de cambios, fortalecer las \u00e1reas de la ciencia y la tecnolog\u00eda en M\u00e9xico son m\u00e1s que un reclamo sobre todo porque la mayor\u00eda de la poblaci\u00f3n en este pa\u00eds son j\u00f3venes.<\/p>\n<p>Un \u00e1rea donde ya el senador y l\u00edder minero <strong>Napole\u00f3n G\u00f3mez Urrutia<\/strong> trabaja a paso acelerado es en una nueva reforma laboral que derive junto a otras reformas en el \u00e1rea de la econom\u00eda, en un salario digno y equidad salarial para los trabajadores mexicanos.<\/p>\n<p>En esa misma \u00e1rea se encuentra el tema de la justicia laboral y el de la defensa del federalismo.<\/p>\n<p>En este rubro habr\u00e1 tambi\u00e9n avances para lograr democracia laboral es decir para que en los sindicatos los trabajadores elijan libremente a sus dirigentes.<\/p>\n<p>Al igual que en la C\u00e1mara de Diputados, los senadores trabajan ya en las leyes que hacen falta para echar a andar la Fiscal\u00eda General.<\/p>\n<p>Un tema esencial para el desarrollo industrial y para el bienestar ciudadano, es el de un buen manejo del agua. Por ello los senadores y diputados trabajar\u00e1n en definir los mecanismos que requiere una efectiva pol\u00edtica h\u00eddrica nacional y sobre todo de gesti\u00f3n interna del agua.<\/p>\n<p>El de la energ\u00eda es un \u00e1rea que ha movilizado al pa\u00eds durante casi 100 a\u00f1os, por ello tambi\u00e9n las dos c\u00e1maras van a generar, afirman, reformas para darle curso a una efectiva pol\u00edtica nacional de hidrocarburos.<\/p>\n<p>Entre los 19 puntos anunciados por Monreal<strong>,<\/strong> sobresale el del fortalecimiento de las tres autonom\u00edas de las mujeres para la igualdad sustantiva y otro para generar reformas que hagan efectivos los Derechos humanos y de las v\u00edctimas; derechos de las ni\u00f1as, ni\u00f1os y adolescentes.<\/p>\n<p>Entre los cambios delineados dentro de la llamada Cuarta Transformaci\u00f3n\u00a0 est\u00e1 el de alcanzar un desarrollo sustentable con respeto al cambio clim\u00e1tico.<\/p>\n<p>El combate a la corrupci\u00f3n y el de la fiscalizaci\u00f3n de recursos p\u00fablicos y rendici\u00f3n de cuentas son dos temas esenciales para esta legislatura, dicen <strong>Monreal<\/strong> y <strong>Delgado<\/strong>, por lo que se espera que finalmente generen las normas y leyes que faltan para hacer efectivo el Sistema Nacional Anticorrupci\u00f3n que hay que decir, fue la primera iniciativa presentada hace 6 a\u00f1os por <strong>Enrique Pe\u00f1a Nieto<\/strong> siendo todav\u00eda presidente electo.<\/p>\n<p>\u00bfSab\u00eda Usted eso?<\/p>\n<p><em><a href=\"mailto:rvizcainoa@gmail.com\" target=\"_blank\" rel=\"noopener\">rvizcainoa@gmail.com<\/a><\/em><br \/>\n<em><a href=\"http:\/\/www.endirecto.com.mx\/\" target=\"_blank\" rel=\"noopener\">www.endirecto.com.mx<\/a><\/em><br \/>\n<em><a href=\"https:\/\/twitter.com\/_rvizcaino\" target=\"_blank\" rel=\"noopener\">@_RVizcaino<\/a><\/em><br \/>\n<a href=\"https:\/\/www.facebook.com\/rvizcainoa\" target=\"_blank\" rel=\"noopener\">f<em>acebook.com\/rvizcainoa<\/em><\/a><\/p>\n","protected":false},"excerpt":{"rendered":"<p><span style=\"color: #005497;\"><strong>Roberto Vizca\u00edno<\/strong><\/span><br \/>\n<br \/>\nPara nadie dentro y fuera del Congreso es un secreto que entre los dirigentes parlamentarios de Morena dentro del Senado y de la C\u00e1mara de Diputados simplemente no hay qu\u00edmica ni visiones cercanas ni buena relaci\u00f3n.<\/p>\n","protected":false},"author":3,"featured_media":402211,"comment_status":"open","ping_status":"open","sticky":false,"template":"","format":"standard","meta":{"_monsterinsights_skip_tracking":false,"_monsterinsights_sitenote_active":false,"_monsterinsights_sitenote_note":"","_monsterinsights_sitenote_category":0,"footnotes":""},"categories":[136],"tags":[43674,93,94],"class_list":["post-402168","post","type-post","status-publish","format-standard","has-post-thumbnail","hentry","category-roberto-vizcaino-opinion","tag-opinion","tag-roberto-vizcaino","tag-tras-la-puerta-del-poder"],"_links":{"self":[{"href":"https:\/\/www.diarioimagen.net\/index.php?rest_route=\/wp\/v2\/posts\/402168","targetHints":{"allow":["GET"]}}],"collection":[{"href":"https:\/\/www.diarioimagen.net\/index.php?rest_route=\/wp\/v2\/posts"}],"about":[{"href":"https:\/\/www.diarioimagen.net\/index.php?rest_route=\/wp\/v2\/types\/post"}],"author":[{"embeddable":true,"href":"https:\/\/www.diarioimagen.net\/index.php?rest_route=\/wp\/v2\/users\/3"}],"replies":[{"embeddable":true,"href":"https:\/\/www.diarioimagen.net\/index.php?rest_route=%2Fwp%2Fv2%2Fcomments&post=402168"}],"version-history":[{"count":0,"href":"https:\/\/www.diarioimagen.net\/index.php?rest_route=\/wp\/v2\/posts\/402168\/revisions"}],"wp:featuredmedia":[{"embeddable":true,"href":"https:\/\/www.diarioimagen.net\/index.php?rest_route=\/wp\/v2\/media\/402211"}],"wp:attachment":[{"href":"https:\/\/www.diarioimagen.net\/index.php?rest_route=%2Fwp%2Fv2%2Fmedia&parent=402168"}],"wp:term":[{"taxonomy":"category","embeddable":true,"href":"https:\/\/www.diarioimagen.net\/index.php?rest_route=%2Fwp%2Fv2%2Fcategories&post=402168"},{"taxonomy":"post_tag","embeddable":true,"href":"https:\/\/www.diarioimagen.net\/index.php?rest_route=%2Fwp%2Fv2%2Ftags&post=402168"}],"curies":[{"name":"wp","href":"https:\/\/api.w.org\/{rel}","templated":true}]}}