{"id":402277,"date":"2018-11-07T00:08:08","date_gmt":"2018-11-07T06:08:08","guid":{"rendered":"https:\/\/www.diarioimagen.net\/?p=402277"},"modified":"2018-11-08T02:06:03","modified_gmt":"2018-11-08T08:06:03","slug":"aplaza-amlo-su-estrategia-de-seguridad-sera-hasta-el-14","status":"publish","type":"post","link":"https:\/\/www.diarioimagen.net\/?p=402277","title":{"rendered":"Aplaza AMLO su estrategia de seguridad; ser\u00e1 hasta el 14"},"content":{"rendered":"<ul>\n<li><strong><em>Revisan detalles<\/em><\/strong><\/li>\n<\/ul>\n<p>&nbsp;<\/p>\n<p><a href=\"https:\/\/www.diarioimagen.net\/?attachment_id=402347\" rel=\"attachment wp-att-402347\"><img loading=\"lazy\" decoding=\"async\" class=\"aligncenter size-large wp-image-402347\" src=\"https:\/\/www.diarioimagen.net\/wp-content\/uploads\/2018\/11\/amlo-460x259.jpg\" alt=\"\" width=\"460\" height=\"259\" srcset=\"https:\/\/www.diarioimagen.net\/wp-content\/uploads\/2018\/11\/amlo-460x259.jpg 460w, https:\/\/www.diarioimagen.net\/wp-content\/uploads\/2018\/11\/amlo-240x135.jpg 240w, https:\/\/www.diarioimagen.net\/wp-content\/uploads\/2018\/11\/amlo-235x132.jpg 235w, https:\/\/www.diarioimagen.net\/wp-content\/uploads\/2018\/11\/amlo-202x114.jpg 202w, https:\/\/www.diarioimagen.net\/wp-content\/uploads\/2018\/11\/amlo-350x196.jpg 350w, https:\/\/www.diarioimagen.net\/wp-content\/uploads\/2018\/11\/amlo-220x123.jpg 220w, https:\/\/www.diarioimagen.net\/wp-content\/uploads\/2018\/11\/amlo-237x132.jpg 237w, https:\/\/www.diarioimagen.net\/wp-content\/uploads\/2018\/11\/amlo.jpg 480w\" sizes=\"auto, (max-width: 460px) 100vw, 460px\" \/><\/a><\/p>\n<p>&nbsp;<\/p>\n<p>Aunque estaba previsto que se presentara esta semana, el gobierno electo inform\u00f3 que su plan de seguridad se dar\u00e1 a conocer p\u00fablicamente el pr\u00f3ximo 14 de noviembre.<\/p>\n<p>La raz\u00f3n, explicaron Alfonso Durazo, futuro secretario de Seguridad P\u00fablica, y Olga S\u00e1nchez Cordero, pr\u00f3xima titular de la Secretar\u00eda de Gobernaci\u00f3n, consiste en que a\u00fan deben afinarse y revisarse detalles de la estrategia. \u201cNo se est\u00e1 atorando absolutamente nada, es un proceso de afinamiento de los contenidos, de los planteamientos y en esa etapa estamos\u201d, dijo Durazo.<\/p>\n<p>\u201cY no vamos a precipitar la presentaci\u00f3n a riesgo de incurrir en alg\u00fan error, se va a presentar el 14 de noviembre, que es el mi\u00e9rcoles si no me equivoco de la pr\u00f3xima semana\u201d.<\/p>\n<p>El Presidente electo Andr\u00e9s Manuel L\u00f3pez Obrador se reuni\u00f3 en en la casa de transici\u00f3n con su pr\u00f3ximo Gabinete de seguridad con el objetivo de afinar los detalles de su plan en la materia.<\/p>\n<p>Adem\u00e1s de Durazo y S\u00e1nchez Cordero, a la reuni\u00f3n acudieron los futuros secretarios Jos\u00e9 Rafael Ojeda, de Marina, y Luis Cresencio Sandoval, de Defensa. \u201cSomos un equipo extraordinariamente bien integrado de trabajo y cada uno de los titulares de los futuros secretarios, estamos haciendo nuestra aportaci\u00f3n poniendo sobre la mesa nuestra visi\u00f3n, nuestras propuestas, nuestros argumentos y finalmente hay un posicionamiento colectivo\u201d, mencion\u00f3 Durazo.<\/p>\n<p>\u201cEstamos todos de acuerdo encontrando la mejor forma de sumar nuestros esfuerzos para optimizar los recursos que tiene el estado mexicano para garantizar la seguridad a los mexicanos\u201d.<\/p>\n<p style=\"text-align: center;\"><strong>Coordinaci\u00f3n permanente<\/strong><\/p>\n<p>Alfonso Durazo asegur\u00f3 que las regiones de alta incidencia delictiva, como Guerrero, Michoac\u00e1n, Chihuahua, Jalisco y Colima, tedr\u00e1n un mayor estado de fuerza policial y aquellas de incidencia media y baja, ser\u00e1 proporcional.<\/p>\n<p>Se\u00f1al\u00f3 que para ello trabajar\u00e1n en 266 regiones civiles donde distribuir\u00e1n el estado de fuerza con la que actualmente cuenta el gobierno federal, la cual ser\u00e1 de forma proporcional a la incidencia delictiva.<\/p>\n<p>Se\u00f1al\u00f3 que el presupuesto que se destinar\u00e1 ser\u00e1 el mismo de este a\u00f1o, pero las prioridades, rubros y tareas ser\u00e1n distintas y los tema de prevenci\u00f3n, tecnolog\u00eda, capacitaci\u00f3n, mejoramiento de la econom\u00eda de los polic\u00edas ser\u00e1n fundamentales.<\/p>\n<p>Adem\u00e1s, tendr\u00e1n coordinaci\u00f3n de manera permanente con las Fuerzas Armadas en las reuniones diarias a nivel nacional, y tambi\u00e9n se replicar\u00e1n a nivel estatal y regional, a fin de que el gabinete de seguridad d\u00e9 seguimiento a aquellas cuestiones de car\u00e1cter estrat\u00e9gico, por lo que los estados y municipios tomar\u00e1n las decisiones correspondientes.<\/p>\n<p>En este sentido, abund\u00f3, se tendr\u00e1 un representante del presidente de la Rep\u00fablica a nivel estatal y regional, y ah\u00ed se tomar\u00e1n las acciones correspondientes para atender la incidencia delictiva en esa jurisdicci\u00f3n.<\/p>\n<p>Interrogado sobre la guardia nacional, abund\u00f3 que este \u00f3rgano est\u00e1 en dise\u00f1o, \u201cguardia civil, prefectura civil, prefectura de seguridad, el nombre que sea, ese \u00f3rgano est\u00e1 en este momento en dise\u00f1o, se nutrir\u00e1 con elementos de los actuales cuerpos de seguridad particularmente de la Polic\u00eda Federal, de polic\u00edas militares y navales\u201d.<\/p>\n<p>Abund\u00f3 que esta guardia es un proceso paulatino, es una iniciativa costosa, que requiere presupuesto y se ir\u00e1n reclutando los nuevos elementos en funci\u00f3n de las disponibilidades presupuestales para su capacitaci\u00f3n, pero con independencia del \u00e1rea de reclutamiento; tendr\u00e1n una formaci\u00f3n homologada, con \u00e9nfasis en el trato con la ciudadan\u00eda y en el respeto a los derechos humanos.<\/p>\n<p>El Estado mexicano, dijo, cuenta con la suficiente capacidad tecnol\u00f3gica y de armamento, por lo que no habr\u00e1 compras y las prioridades presupuestales estar\u00e1n orientadas en otros rubros.<\/p>\n<p>Alfonso Durazo se\u00f1al\u00f3 que el programa de seguridad combatir\u00e1 todas aquellas acciones, personas y grupos que representen un riesgo para la seguridad y se pondr\u00e1 \u00e9nfasis en los delitos de robo a casa habitaci\u00f3n, a transe\u00fantes, de veh\u00edculos, secuestro, extorsi\u00f3n, cobro de piso, as\u00ed como asalto a mano armada, entre otros.<\/p>\n<p>En este sentido, sostuvo que pondr\u00e1n \u00e9nfasis en la coordinaci\u00f3n con autoridades estatales y municipales puesto que se trata de delitos del fuero com\u00fan, y se requiere del trabajo coordinado.<\/p>\n<p>\u201cPero a estas alturas y con la dimensi\u00f3n del problema, no podemos ya estarnos echando la bolita, tenemos que trabajar juntos, de manera coordinada, con un frente \u00fanico, un mando \u00fanico cohesionado con el problema de la inseguridad a nivel nacional, con independencia de su car\u00e1cter federal, estatal o municipal\u201d, puntualiz\u00f3.<\/p>\n","protected":false},"excerpt":{"rendered":"<p>Aunque estaba previsto que se presentara esta semana, el gobierno electo inform\u00f3 que su plan de seguridad se dar\u00e1 a conocer p\u00fablicamente el pr\u00f3ximo 14 de noviembre.<\/p>\n","protected":false},"author":3,"featured_media":402347,"comment_status":"open","ping_status":"open","sticky":false,"template":"","format":"standard","meta":{"_monsterinsights_skip_tracking":false,"_monsterinsights_sitenote_active":false,"_monsterinsights_sitenote_note":"","_monsterinsights_sitenote_category":0,"footnotes":""},"categories":[3],"tags":[2545,46334,43673,43677],"class_list":["post-402277","post","type-post","status-publish","format-standard","has-post-thumbnail","hentry","category-nacional","tag-amlo","tag-estrategia","tag-nacional","tag-seguridad"],"_links":{"self":[{"href":"https:\/\/www.diarioimagen.net\/index.php?rest_route=\/wp\/v2\/posts\/402277","targetHints":{"allow":["GET"]}}],"collection":[{"href":"https:\/\/www.diarioimagen.net\/index.php?rest_route=\/wp\/v2\/posts"}],"about":[{"href":"https:\/\/www.diarioimagen.net\/index.php?rest_route=\/wp\/v2\/types\/post"}],"author":[{"embeddable":true,"href":"https:\/\/www.diarioimagen.net\/index.php?rest_route=\/wp\/v2\/users\/3"}],"replies":[{"embeddable":true,"href":"https:\/\/www.diarioimagen.net\/index.php?rest_route=%2Fwp%2Fv2%2Fcomments&post=402277"}],"version-history":[{"count":0,"href":"https:\/\/www.diarioimagen.net\/index.php?rest_route=\/wp\/v2\/posts\/402277\/revisions"}],"wp:featuredmedia":[{"embeddable":true,"href":"https:\/\/www.diarioimagen.net\/index.php?rest_route=\/wp\/v2\/media\/402347"}],"wp:attachment":[{"href":"https:\/\/www.diarioimagen.net\/index.php?rest_route=%2Fwp%2Fv2%2Fmedia&parent=402277"}],"wp:term":[{"taxonomy":"category","embeddable":true,"href":"https:\/\/www.diarioimagen.net\/index.php?rest_route=%2Fwp%2Fv2%2Fcategories&post=402277"},{"taxonomy":"post_tag","embeddable":true,"href":"https:\/\/www.diarioimagen.net\/index.php?rest_route=%2Fwp%2Fv2%2Ftags&post=402277"}],"curies":[{"name":"wp","href":"https:\/\/api.w.org\/{rel}","templated":true}]}}