{"id":402294,"date":"2018-11-07T00:08:51","date_gmt":"2018-11-07T06:08:51","guid":{"rendered":"https:\/\/www.diarioimagen.net\/?p=402294"},"modified":"2018-11-07T09:17:02","modified_gmt":"2018-11-07T15:17:02","slug":"ha-atendido-a-3-mil-600-mujeres-la-policia-de-genero-de-c-izcalli","status":"publish","type":"post","link":"https:\/\/www.diarioimagen.net\/?p=402294","title":{"rendered":"Ha atendido a 3 mil 600 mujeres la Polic\u00eda de G\u00e9nero de C. Izcalli"},"content":{"rendered":"<ul>\n<li><strong><em>Hoy hay m\u00e1s informaci\u00f3n y menos delitos<\/em><\/strong><\/li>\n<\/ul>\n<p>&nbsp;<\/p>\n<div id=\"attachment_402362\" style=\"width: 470px\" class=\"wp-caption aligncenter\"><a href=\"https:\/\/www.diarioimagen.net\/?attachment_id=402362\" rel=\"attachment wp-att-402362\"><img loading=\"lazy\" decoding=\"async\" aria-describedby=\"caption-attachment-402362\" class=\"size-large wp-image-402362\" src=\"https:\/\/www.diarioimagen.net\/wp-content\/uploads\/2018\/11\/CUAUTITLAN-7-460x259.jpg\" alt=\"\" width=\"460\" height=\"259\" srcset=\"https:\/\/www.diarioimagen.net\/wp-content\/uploads\/2018\/11\/CUAUTITLAN-7-460x259.jpg 460w, https:\/\/www.diarioimagen.net\/wp-content\/uploads\/2018\/11\/CUAUTITLAN-7-240x135.jpg 240w, https:\/\/www.diarioimagen.net\/wp-content\/uploads\/2018\/11\/CUAUTITLAN-7-235x132.jpg 235w, https:\/\/www.diarioimagen.net\/wp-content\/uploads\/2018\/11\/CUAUTITLAN-7-202x114.jpg 202w, https:\/\/www.diarioimagen.net\/wp-content\/uploads\/2018\/11\/CUAUTITLAN-7-350x196.jpg 350w, https:\/\/www.diarioimagen.net\/wp-content\/uploads\/2018\/11\/CUAUTITLAN-7-220x123.jpg 220w, https:\/\/www.diarioimagen.net\/wp-content\/uploads\/2018\/11\/CUAUTITLAN-7-237x132.jpg 237w, https:\/\/www.diarioimagen.net\/wp-content\/uploads\/2018\/11\/CUAUTITLAN-7.jpg 480w\" sizes=\"auto, (max-width: 460px) 100vw, 460px\" \/><\/a><p id=\"caption-attachment-402362\" class=\"wp-caption-text\">La Polic\u00eda de G\u00e9nero de Cuautitl\u00e1n Izcalli ha brindado atenci\u00f3n a un promedio de 1,200 mujeres por a\u00f1o en esta administraci\u00f3n.<\/p><\/div>\n<p>&nbsp;<\/p>\n<p><strong>Cuautitl\u00e1n Izcalli, Estado de M\u00e9xico<\/strong>.- Con la colaboraci\u00f3n de dependencias municipales y corporaciones de los tres niveles de gobierno, la Polic\u00eda de G\u00e9nero de Cuautitl\u00e1n Izcalli ha brindado atenci\u00f3n a un promedio de 1,200 mujeres por a\u00f1o en esta administraci\u00f3n 2016-2018, precis\u00f3 Andrea Suberza Rodr\u00edguez, titular de la Unidad Especializada de Atenci\u00f3n a la Violencia Familiar y de G\u00e9nero.<\/p>\n<p>Creada por el gobierno del alcalde V\u00edctor Estrada Garibay para atender la Alerta de G\u00e9nero que ha sido declarada a varios municipios del Estado de M\u00e9xico, la Polic\u00eda de G\u00e9nero de Cuautitl\u00e1n Izcalli brinda una atenci\u00f3n integral a las mujeres que lo requieren.<\/p>\n<p>Se les acompa\u00f1a desde el momento en que van a presentar su denuncia al Centro de Justicia para la Mujer y se les brinda atenci\u00f3n sicol\u00f3gica y jur\u00eddica, lo que redunda en el mayor n\u00famero de denuncias y, a la vez, una disminuci\u00f3n en el \u00edndice de este tipo de delitos.<\/p>\n<p>\u201cHa habido un incremento de denuncias, porque antes la mujer no sab\u00eda a qui\u00e9n recurrir, qui\u00e9n la apoya, d\u00f3nde denuncia, qu\u00e9 tiene que hacer. No lo sab\u00eda. Hoy en d\u00eda s\u00ed lo sabe, hoy en d\u00eda sabe que cuenta con todo nuestro apoyo, as\u00ed como el de la polic\u00eda municipal\u201d, explic\u00f3 Suberza.<\/p>\n<p>Agreg\u00f3 que, en efecto, aumenta el n\u00famero de denuncias y \u201cgracias a que hoy s\u00ed se da, hemos visto que disminuyen estos delitos, porque las mujeres hoy en d\u00eda saben que pueden ser atendidas de una manera integral, desde Comisar\u00eda hasta una Fiscal\u00eda\u201d.<\/p>\n<p>La Comisar\u00eda de Seguridad P\u00fablica y Tr\u00e1nsito de Cuautitl\u00e1n Izcalli ofrece constante capacitaci\u00f3n a sus elementos de la Polic\u00eda de G\u00e9nero y lo mismo a mujeres que han sido violentadas. Un alto porcentaje de estas 3,600 mujeres atendidas se suma en apoyo de nuevas v\u00edctimas, lo que hace crecer la red en este sentido.<\/p>\n<p>\u201cGracias a ellas se suman redes de mujeres, ellas mismas ayudan a otras; entonces, todos estos cursos, estas capacitaciones que se ofrecen no s\u00f3lo es dentro de la polic\u00eda. A los elementos que trabajan dentro de la Polic\u00eda de G\u00e9nero s\u00ed se les capacita constantemente para una mayor profesionalizaci\u00f3n\u201d.<\/p>\n<p>En ese sentido, Suberza Rodr\u00edguez revel\u00f3 que \u201cinclusive ya contamos con la certificaci\u00f3n ECO 539, la cual nos ayuda a tener acciones de primer contacto con las v\u00edctimas de violencia sin da\u00f1ar esa parte\u201d.<\/p>\n<p>La titular de la Unidad, sin embargo, aclara que en todo momento se cuidan los derechos humanos de las personas, as\u00ed como su privacidad y datos personales.<\/p>\n","protected":false},"excerpt":{"rendered":"<p>Con la colaboraci\u00f3n de dependencias municipales y corporaciones de los tres niveles de gobierno, la Polic\u00eda de G\u00e9nero de Cuautitl\u00e1n Izcalli ha brindado atenci\u00f3n a un promedio de 1,200 mujeres por a\u00f1o en esta administraci\u00f3n 2016-2018, precis\u00f3 Andrea Suberza Rodr\u00edguez, titular de la Unidad Especializada de Atenci\u00f3n a la Violencia Familiar y de G\u00e9nero.<\/p>\n","protected":false},"author":3,"featured_media":402362,"comment_status":"open","ping_status":"open","sticky":false,"template":"","format":"standard","meta":{"_monsterinsights_skip_tracking":false,"_monsterinsights_sitenote_active":false,"_monsterinsights_sitenote_note":"","_monsterinsights_sitenote_category":0,"footnotes":""},"categories":[35155],"tags":[971,43675,79890],"class_list":["post-402294","post","type-post","status-publish","format-standard","has-post-thumbnail","hentry","category-estado-de-mexico-estado-de-mexico","tag-cuautitlan-izcalli","tag-estado-de-mexico","tag-policia-de-genero"],"_links":{"self":[{"href":"https:\/\/www.diarioimagen.net\/index.php?rest_route=\/wp\/v2\/posts\/402294","targetHints":{"allow":["GET"]}}],"collection":[{"href":"https:\/\/www.diarioimagen.net\/index.php?rest_route=\/wp\/v2\/posts"}],"about":[{"href":"https:\/\/www.diarioimagen.net\/index.php?rest_route=\/wp\/v2\/types\/post"}],"author":[{"embeddable":true,"href":"https:\/\/www.diarioimagen.net\/index.php?rest_route=\/wp\/v2\/users\/3"}],"replies":[{"embeddable":true,"href":"https:\/\/www.diarioimagen.net\/index.php?rest_route=%2Fwp%2Fv2%2Fcomments&post=402294"}],"version-history":[{"count":0,"href":"https:\/\/www.diarioimagen.net\/index.php?rest_route=\/wp\/v2\/posts\/402294\/revisions"}],"wp:featuredmedia":[{"embeddable":true,"href":"https:\/\/www.diarioimagen.net\/index.php?rest_route=\/wp\/v2\/media\/402362"}],"wp:attachment":[{"href":"https:\/\/www.diarioimagen.net\/index.php?rest_route=%2Fwp%2Fv2%2Fmedia&parent=402294"}],"wp:term":[{"taxonomy":"category","embeddable":true,"href":"https:\/\/www.diarioimagen.net\/index.php?rest_route=%2Fwp%2Fv2%2Fcategories&post=402294"},{"taxonomy":"post_tag","embeddable":true,"href":"https:\/\/www.diarioimagen.net\/index.php?rest_route=%2Fwp%2Fv2%2Ftags&post=402294"}],"curies":[{"name":"wp","href":"https:\/\/api.w.org\/{rel}","templated":true}]}}