{"id":402402,"date":"2018-11-08T00:08:21","date_gmt":"2018-11-08T06:08:21","guid":{"rendered":"https:\/\/www.diarioimagen.net\/?p=402402"},"modified":"2018-11-09T00:23:15","modified_gmt":"2018-11-09T06:23:15","slug":"se-reunen-del-mazo-y-jimenez-espriu-para-impulsar-el-aeropuerto-internacional-de-toluca","status":"publish","type":"post","link":"https:\/\/www.diarioimagen.net\/?p=402402","title":{"rendered":"Aeropuerto de Toluca s\u00ed es una opci\u00f3n competitiva"},"content":{"rendered":"<ul>\n<li><strong><em>Para atender alta demanda de transportaci\u00f3n a\u00e9rea<\/em><\/strong><\/li>\n<li><strong><em>Se re\u00fanen Alfredo Del Mazo y Jim\u00e9nez Espri\u00fa para impulsar el AIT<\/em><\/strong><\/li>\n<\/ul>\n<p>&nbsp;<\/p>\n<div id=\"attachment_402403\" style=\"width: 470px\" class=\"wp-caption aligncenter\"><img loading=\"lazy\" decoding=\"async\" aria-describedby=\"caption-attachment-402403\" class=\"wp-image-402403 size-large\" src=\"https:\/\/www.diarioimagen.net\/wp-content\/uploads\/2018\/11\/AEROPUERTO8-PORTAL-460x268.jpg\" alt=\"\" width=\"460\" height=\"268\" srcset=\"https:\/\/www.diarioimagen.net\/wp-content\/uploads\/2018\/11\/AEROPUERTO8-PORTAL-460x268.jpg 460w, https:\/\/www.diarioimagen.net\/wp-content\/uploads\/2018\/11\/AEROPUERTO8-PORTAL-240x140.jpg 240w, https:\/\/www.diarioimagen.net\/wp-content\/uploads\/2018\/11\/AEROPUERTO8-PORTAL.jpg 480w\" sizes=\"auto, (max-width: 460px) 100vw, 460px\" \/><p id=\"caption-attachment-402403\" class=\"wp-caption-text\">Alfredo Del Mazo Maza se reuni\u00f3 con el pr\u00f3ximo titular de la SCT, Javier Jim\u00e9nez Espri\u00fa, en donde hablaron del fortalecimiento del Aeropuerto Internacional de Toluca.<\/p><\/div>\n<p>&nbsp;<\/p>\n<p><strong>Ciudad de M\u00e9xico<\/strong>.- El gobernador Alfredo Del Mazo Maza sostuvo una reuni\u00f3n con el pr\u00f3ximo titular de la Secretar\u00eda de Comunicaciones y Transportes (SCT), Javier Jim\u00e9nez Espri\u00fa, en donde hablaron del desarrollo y fortalecimiento del Aeropuerto Internacional de Toluca (AIT).<\/p>\n<p>En este primer encuentro entre el mandatario mexiquense y el futuro secretario, Alfredo Del Mazo reiter\u00f3 que el AIT es una terminal a\u00e9rea de primer nivel, que representa una opci\u00f3n competitiva para atender la alta demanda de transportaci\u00f3n a\u00e9rea del Valle de Toluca y el poniente del Valle de M\u00e9xico.<\/p>\n<p>Asimismo, se\u00f1al\u00f3 que por sus caracter\u00edsticas, el Aeropuerto Internacional de Toluca tiene capacidad para atender anualmente a 8 millones de pasajeros, cifra superior a la que actualmente tiene, que es de 600 mil.<\/p>\n<p>Tambi\u00e9n se puntualizaron otras de sus caracter\u00edsticas, entre ellas, que este aeropuerto es el n\u00famero uno en Am\u00e9rica Latina en aviaci\u00f3n corporativa, el quinto a nivel nacional en transporte de carga, y el segundo que m\u00e1s crece en este rubro, al trasladar m\u00e1s de 31 mil toneladas anuales,<\/p>\n","protected":false},"excerpt":{"rendered":"<p>El gobernador Alfredo Del Mazo Maza sostuvo una reuni\u00f3n con el pr\u00f3ximo titular de la Secretar\u00eda de Comunicaciones y Transportes (SCT), Javier Jim\u00e9nez Espri\u00fa, en donde hablaron del desarrollo y fortalecimiento del Aeropuerto Internacional de Toluca (AIT).<\/p>\n","protected":false},"author":5,"featured_media":402403,"comment_status":"open","ping_status":"open","sticky":false,"template":"","format":"standard","meta":{"_monsterinsights_skip_tracking":false,"_monsterinsights_sitenote_active":false,"_monsterinsights_sitenote_note":"","_monsterinsights_sitenote_category":0,"footnotes":""},"categories":[5],"tags":[15215,2505,204,77249],"class_list":["post-402402","post","type-post","status-publish","format-standard","has-post-thumbnail","hentry","category-estado-de-mexico","tag-aeropuerto-internacional-de-toluca","tag-alfredo-del-mazo-maza","tag-ciudad-de-mexico","tag-jimenez-espriu"],"_links":{"self":[{"href":"https:\/\/www.diarioimagen.net\/index.php?rest_route=\/wp\/v2\/posts\/402402","targetHints":{"allow":["GET"]}}],"collection":[{"href":"https:\/\/www.diarioimagen.net\/index.php?rest_route=\/wp\/v2\/posts"}],"about":[{"href":"https:\/\/www.diarioimagen.net\/index.php?rest_route=\/wp\/v2\/types\/post"}],"author":[{"embeddable":true,"href":"https:\/\/www.diarioimagen.net\/index.php?rest_route=\/wp\/v2\/users\/5"}],"replies":[{"embeddable":true,"href":"https:\/\/www.diarioimagen.net\/index.php?rest_route=%2Fwp%2Fv2%2Fcomments&post=402402"}],"version-history":[{"count":0,"href":"https:\/\/www.diarioimagen.net\/index.php?rest_route=\/wp\/v2\/posts\/402402\/revisions"}],"wp:featuredmedia":[{"embeddable":true,"href":"https:\/\/www.diarioimagen.net\/index.php?rest_route=\/wp\/v2\/media\/402403"}],"wp:attachment":[{"href":"https:\/\/www.diarioimagen.net\/index.php?rest_route=%2Fwp%2Fv2%2Fmedia&parent=402402"}],"wp:term":[{"taxonomy":"category","embeddable":true,"href":"https:\/\/www.diarioimagen.net\/index.php?rest_route=%2Fwp%2Fv2%2Fcategories&post=402402"},{"taxonomy":"post_tag","embeddable":true,"href":"https:\/\/www.diarioimagen.net\/index.php?rest_route=%2Fwp%2Fv2%2Ftags&post=402402"}],"curies":[{"name":"wp","href":"https:\/\/api.w.org\/{rel}","templated":true}]}}