{"id":402409,"date":"2018-11-08T00:07:48","date_gmt":"2018-11-08T06:07:48","guid":{"rendered":"https:\/\/www.diarioimagen.net\/?p=402409"},"modified":"2018-11-09T00:23:08","modified_gmt":"2018-11-09T06:23:08","slug":"miercoles-y-jueves-dias-criticos-por-el-desabasto-de-agua","status":"publish","type":"post","link":"https:\/\/www.diarioimagen.net\/?p=402409","title":{"rendered":"Valle de M\u00e9xico: 2 d\u00edas cr\u00edticos por desabasto de agua"},"content":{"rendered":"<ul>\n<li><em><b>Apenas est\u00e1 fluyendo el l\u00edquido a las tuber\u00edas y dep\u00f3sitos<\/b><\/em><\/li>\n<\/ul>\n<p>&nbsp;<\/p>\n<div id=\"attachment_402410\" style=\"width: 470px\" class=\"wp-caption aligncenter\"><a href=\"https:\/\/www.diarioimagen.net\/?attachment_id=402410\" rel=\"attachment wp-att-402410\"><img loading=\"lazy\" decoding=\"async\" aria-describedby=\"caption-attachment-402410\" class=\"size-large wp-image-402410\" src=\"https:\/\/www.diarioimagen.net\/wp-content\/uploads\/2018\/11\/AGUA8-PORTAL-460x268.jpg\" alt=\"\" width=\"460\" height=\"268\" srcset=\"https:\/\/www.diarioimagen.net\/wp-content\/uploads\/2018\/11\/AGUA8-PORTAL-460x268.jpg 460w, https:\/\/www.diarioimagen.net\/wp-content\/uploads\/2018\/11\/AGUA8-PORTAL-240x140.jpg 240w, https:\/\/www.diarioimagen.net\/wp-content\/uploads\/2018\/11\/AGUA8-PORTAL.jpg 480w\" sizes=\"auto, (max-width: 460px) 100vw, 460px\" \/><\/a><p id=\"caption-attachment-402410\" class=\"wp-caption-text\">Ser\u00e1 hasta el pr\u00f3ximo domingo cuando se normalizar\u00e1 el abasto de agua en el oriente de la Ciudad de M\u00e9xico.<\/p><\/div>\n<p>&nbsp;<\/p>\n<p>El director del Sistema de Aguas de la Ciudad de M\u00e9xico (Sacmex), Ram\u00f3n Aguirre, inform\u00f3 que tras el corte de agua que se prolong\u00f3 de 72 a 160 horas, el mi\u00e9rcoles fue el d\u00eda m\u00e1s cr\u00edtico, pero se espera que este jueves el servicio se normalice.<\/p>\n<p>\u201cFue complicado porque el agua nos empez\u00f3 a llegar a los tanques alrededor de las 9:00, 10:00 horas, ya no pudimos darle servicio hoy como hubi\u00e9ramos deseado\u201d, expuso al comparecer como parte de la Glosa del Sexto Informe del Jefe de Gobierno capitalino.<\/p>\n<p>Ante integrantes de la Comisi\u00f3n de Gesti\u00f3n Integral del Agua del Congreso local, explic\u00f3 que si la Comisi\u00f3n Nacional del Agua (Conagua) hubiera terminado a tiempo la reparaci\u00f3n programada del Sistema Cutzamala la ciudad no hubiera padecido falta de agua.<\/p>\n<p>\u201cCreo que afortunadamente el hecho de que est\u00e9 entrando el agua ahorita a nuestros tanques va a permitir que justo antes de que ya se genere una crisis empecemos a dar agua a partir del d\u00eda de ma\u00f1ana (jueves)\u201d, apunt\u00f3.<\/p>\n<p>Explic\u00f3 que el mi\u00e9rcoles fueron llenados todos los tanques de Sacmex, pero es posible que no se alcance a cubrir los del Aeroclub que son muy grandes y dan agua a Azcapotzalco, donde se reforzar\u00e1 la distribuci\u00f3n por pipas.<\/p>\n<p>\u201cPor lo tanto, esperar\u00edamos el jueves dar agua a buena parte de la ciudad, a la Cuauht\u00e9moc, a Benito Ju\u00e1rez, Iztapalapa, Iztacalco, Venustiano Carranza, pr\u00e1cticamente a toda la ciudad y lo que se nos va a quedar pendiente va a ser Azcapotzalco\u201d, precis\u00f3.<\/p>\n<p>Afirm\u00f3 que el operativo que se implement\u00f3 por el gobierno de la ciudad para abastecer de agua durante el corte fue impresionante, pues nunca antes se hab\u00edan abierto 60 puntos de carga para mejor manejo de las pipas.<\/p>\n<p>\u201cNunca antes se hab\u00edan rentado tantas pipas, llegamos a m\u00e1s de mil 200 en el operativo, pasado de 72 horas tuvimos 650, en el sismo tuvimos 780\u201d, explic\u00f3.<\/p>\n<p>Coment\u00f3 que el martes pasado hubo mucha presi\u00f3n de los habitantes en Cuauht\u00e9moc, Benito Ju\u00e1rez y Azcapotzalco, donde se gener\u00f3 una mayor demanda de agua y mayor cantidad de vecinos se quedaron sin reservas.<\/p>\n<p>\u201cLa ventaja de esto es que por lo menos ya tenemos una credibilidad de que el agua est\u00e1 entrando a la ciudad, que esta es una situaci\u00f3n que creemos que no se va a volver a presentar\u201d, dijo.<\/p>\n<p>Detall\u00f3 que de acuerdo con la informaci\u00f3n de la Conagua ya no habr\u00e1 m\u00e1s paros en el mediano ni en el largo plazo, salvo alguna cuesti\u00f3n de fuerza mayor.<\/p>\n<p>Coment\u00f3 que si la Conagua vuelve a intentar instalar la K invertida en un futuro lo har\u00eda siempre aprovechando que una l\u00ednea funcione mientras hace los trabajos en la otra.<\/p>\n<p>Aclar\u00f3 que no hay un reclamo del gobierno de la ciudad a la Conagua, \u201cal contrario, yo creo que hemos recibido mucho apoyo de ellos. Los contratiempos que se llegan a presentar, pues ni hablar\u201d.<\/p>\n<p>Por otro lado, Ram\u00f3n Aguirre afirm\u00f3 que los servicios h\u00eddricos, si bien tienen deficiencias que cada d\u00eda se atienden y resuelven, han permitido que la ciudad funcione sin que se tenga una crisis de grandes proporciones que llegue afectar, como podr\u00eda suceder, la gobernabilidad de la capital.<\/p>\n","protected":false},"excerpt":{"rendered":"<p>El director del Sistema de Aguas de la Ciudad de M\u00e9xico (Sacmex), Ram\u00f3n Aguirre, inform\u00f3 que tras el corte de agua que se prolong\u00f3 de 72 a 160 horas, el mi\u00e9rcoles fue el d\u00eda m\u00e1s cr\u00edtico, pero se espera que este jueves el servicio se normalice. \u201cFue complicado porque el agua nos empez\u00f3 a llegar a los tanques alrededor de las 9:00, 10:00 horas, ya no pudimos darle servicio hoy como hubi\u00e9ramos deseado\u201d, expuso al comparecer como parte de la Glosa del Sexto Informe del Jefe de Gobierno capitalino.<\/p>\n","protected":false},"author":5,"featured_media":402410,"comment_status":"open","ping_status":"open","sticky":false,"template":"","format":"standard","meta":{"_monsterinsights_skip_tracking":false,"_monsterinsights_sitenote_active":false,"_monsterinsights_sitenote_note":"","_monsterinsights_sitenote_category":0,"footnotes":""},"categories":[3],"tags":[79900,3265,217,79899,26917,79901],"class_list":["post-402409","post","type-post","status-publish","format-standard","has-post-thumbnail","hentry","category-nacional","tag-desabasto-de-agua","tag-iztacalco","tag-iztapalapa","tag-miercoles-y-jueves","tag-sacmex","tag-venustiano-carranza-y-tlahuac"],"_links":{"self":[{"href":"https:\/\/www.diarioimagen.net\/index.php?rest_route=\/wp\/v2\/posts\/402409","targetHints":{"allow":["GET"]}}],"collection":[{"href":"https:\/\/www.diarioimagen.net\/index.php?rest_route=\/wp\/v2\/posts"}],"about":[{"href":"https:\/\/www.diarioimagen.net\/index.php?rest_route=\/wp\/v2\/types\/post"}],"author":[{"embeddable":true,"href":"https:\/\/www.diarioimagen.net\/index.php?rest_route=\/wp\/v2\/users\/5"}],"replies":[{"embeddable":true,"href":"https:\/\/www.diarioimagen.net\/index.php?rest_route=%2Fwp%2Fv2%2Fcomments&post=402409"}],"version-history":[{"count":0,"href":"https:\/\/www.diarioimagen.net\/index.php?rest_route=\/wp\/v2\/posts\/402409\/revisions"}],"wp:featuredmedia":[{"embeddable":true,"href":"https:\/\/www.diarioimagen.net\/index.php?rest_route=\/wp\/v2\/media\/402410"}],"wp:attachment":[{"href":"https:\/\/www.diarioimagen.net\/index.php?rest_route=%2Fwp%2Fv2%2Fmedia&parent=402409"}],"wp:term":[{"taxonomy":"category","embeddable":true,"href":"https:\/\/www.diarioimagen.net\/index.php?rest_route=%2Fwp%2Fv2%2Fcategories&post=402409"},{"taxonomy":"post_tag","embeddable":true,"href":"https:\/\/www.diarioimagen.net\/index.php?rest_route=%2Fwp%2Fv2%2Ftags&post=402409"}],"curies":[{"name":"wp","href":"https:\/\/api.w.org\/{rel}","templated":true}]}}