{"id":402412,"date":"2018-11-08T00:10:07","date_gmt":"2018-11-08T06:10:07","guid":{"rendered":"https:\/\/www.diarioimagen.net\/?p=402412"},"modified":"2018-11-08T07:20:53","modified_gmt":"2018-11-08T13:20:53","slug":"listos-en-tres-o-cuatro-meses-estudios-de-santa-lucia-senala-rioboo","status":"publish","type":"post","link":"https:\/\/www.diarioimagen.net\/?p=402412","title":{"rendered":"Listos, en tres o cuatro meses, estudios de Santa Luc\u00eda, se\u00f1ala Riob\u00f3o"},"content":{"rendered":"<ul>\n<li><em><strong>Construcci\u00f3n de las dos pistas en la Base A\u00e9rea<\/strong><\/em><\/li>\n<\/ul>\n<p>&nbsp;<\/p>\n<div id=\"attachment_402413\" style=\"width: 470px\" class=\"wp-caption aligncenter\"><img loading=\"lazy\" decoding=\"async\" aria-describedby=\"caption-attachment-402413\" class=\"size-large wp-image-402413\" src=\"https:\/\/www.diarioimagen.net\/wp-content\/uploads\/2018\/11\/SANTA-LUCIA8ok-PORTAL-460x268.jpg\" alt=\"\" width=\"460\" height=\"268\" srcset=\"https:\/\/www.diarioimagen.net\/wp-content\/uploads\/2018\/11\/SANTA-LUCIA8ok-PORTAL-460x268.jpg 460w, https:\/\/www.diarioimagen.net\/wp-content\/uploads\/2018\/11\/SANTA-LUCIA8ok-PORTAL-240x140.jpg 240w, https:\/\/www.diarioimagen.net\/wp-content\/uploads\/2018\/11\/SANTA-LUCIA8ok-PORTAL.jpg 480w\" sizes=\"auto, (max-width: 460px) 100vw, 460px\" \/><p id=\"caption-attachment-402413\" class=\"wp-caption-text\">Jos\u00e9 Mar\u00eda Riob\u00f3o calcul\u00f3 que en tres o cuatro meses est\u00e9n listos los estudios para el proyecto de construcci\u00f3n de las dos pistas en la Base A\u00e9rea de Santa Luc\u00eda.<\/p><\/div>\n<p>&nbsp;<\/p>\n<p>El asesor del equipo de transici\u00f3n, Jos\u00e9 Mar\u00eda Riob\u00f3o, calcul\u00f3 que en un plazo de tres o cuatro meses est\u00e9n listos los estudios para el proyecto de construcci\u00f3n de las dos pistas en la Base A\u00e9rea de Santa Luc\u00eda que formar\u00e1n parte del Sistema Aeroportuario.<\/p>\n<p>Entrevistado al salir de las oficinas de la casa de transici\u00f3n en la colonia Roma Sur, se\u00f1al\u00f3 que en el caso del actual Aeropuerto Interancional \u00abBenito Ju\u00e1rez\u00bb de la Ciudad de M\u00e9xico, ser\u00e1 sometido a una actualizaci\u00f3n y se\u00f1al\u00f3 que el Hangar Presidencial dejar\u00e1 de operar.<\/p>\n<p>Aunque aclar\u00f3 que los trabajos del proyecto de construcci\u00f3n del aeropuerto de Santa Luc\u00eda est\u00e1n a cargo de Sergio Samaniego, descart\u00f3 que los estudios del aeropuerto en Santa Luc\u00eda requieran de 10 a\u00f1os, como lo hab\u00eda dicho la empresa Mitre.<\/p>\n<p>Coment\u00f3 que para el caso del Aeropuerto de Toluca no requiere trabajos de actualizaci\u00f3n, pero es necesario que regresen las Aerolineas a esta terminal a\u00e9rea, porque ayudar\u00e1 a desahogar un poco al de lla Ciudad de M\u00e9xico.<\/p>\n<p>Agreg\u00f3 que con el primer estudio que realiz\u00f3 la empresa Navblue es suficiente para determinar que es factible el aeropuerto en Santa Luc\u00eda.<\/p>\n","protected":false},"excerpt":{"rendered":"<p>El asesor del equipo de transici\u00f3n, Jos\u00e9 Mar\u00eda Riob\u00f3o, calcul\u00f3 que en un plazo de tres o cuatro meses est\u00e9n listos los estudios para el proyecto de construcci\u00f3n de las dos pistas en la Base A\u00e9rea de Santa Luc\u00eda que formar\u00e1n parte del Sistema Aeroportuario.<\/p>\n","protected":false},"author":5,"featured_media":402413,"comment_status":"open","ping_status":"open","sticky":false,"template":"","format":"standard","meta":{"_monsterinsights_skip_tracking":false,"_monsterinsights_sitenote_active":false,"_monsterinsights_sitenote_note":"","_monsterinsights_sitenote_category":0,"footnotes":""},"categories":[3],"tags":[4663,79903,9547,43673,74894,9207,79902],"class_list":["post-402412","post","type-post","status-publish","format-standard","has-post-thumbnail","hentry","category-nacional","tag-aeropuerto","tag-base-aerea","tag-estudio","tag-nacional","tag-rioboo","tag-santa-lucia","tag-tres-o-cuatro-meses"],"_links":{"self":[{"href":"https:\/\/www.diarioimagen.net\/index.php?rest_route=\/wp\/v2\/posts\/402412","targetHints":{"allow":["GET"]}}],"collection":[{"href":"https:\/\/www.diarioimagen.net\/index.php?rest_route=\/wp\/v2\/posts"}],"about":[{"href":"https:\/\/www.diarioimagen.net\/index.php?rest_route=\/wp\/v2\/types\/post"}],"author":[{"embeddable":true,"href":"https:\/\/www.diarioimagen.net\/index.php?rest_route=\/wp\/v2\/users\/5"}],"replies":[{"embeddable":true,"href":"https:\/\/www.diarioimagen.net\/index.php?rest_route=%2Fwp%2Fv2%2Fcomments&post=402412"}],"version-history":[{"count":0,"href":"https:\/\/www.diarioimagen.net\/index.php?rest_route=\/wp\/v2\/posts\/402412\/revisions"}],"wp:featuredmedia":[{"embeddable":true,"href":"https:\/\/www.diarioimagen.net\/index.php?rest_route=\/wp\/v2\/media\/402413"}],"wp:attachment":[{"href":"https:\/\/www.diarioimagen.net\/index.php?rest_route=%2Fwp%2Fv2%2Fmedia&parent=402412"}],"wp:term":[{"taxonomy":"category","embeddable":true,"href":"https:\/\/www.diarioimagen.net\/index.php?rest_route=%2Fwp%2Fv2%2Fcategories&post=402412"},{"taxonomy":"post_tag","embeddable":true,"href":"https:\/\/www.diarioimagen.net\/index.php?rest_route=%2Fwp%2Fv2%2Ftags&post=402412"}],"curies":[{"name":"wp","href":"https:\/\/api.w.org\/{rel}","templated":true}]}}