{"id":402458,"date":"2018-11-08T00:11:35","date_gmt":"2018-11-08T06:11:35","guid":{"rendered":"https:\/\/www.diarioimagen.net\/?p=402458"},"modified":"2018-11-08T07:10:29","modified_gmt":"2018-11-08T13:10:29","slug":"caravana-migrante-acuerda-quedarse-2-dias-mas-en-cdmx","status":"publish","type":"post","link":"https:\/\/www.diarioimagen.net\/?p=402458","title":{"rendered":"Caravana migrante acuerda quedarse 2 d\u00edas m\u00e1s en CDMX"},"content":{"rendered":"<ul>\n<li><em><strong>Buscan reunirse con AMLO<\/strong><\/em><\/li>\n<li><em><strong>Entre los centroamericanos, est\u00e1n 12 mujeres embarazadas y 800 ni\u00f1os, quienes son los m\u00e1s vulnerables en el recorrido por \u201cavent\u00f3n\u201d o a pie<\/strong><\/em><\/li>\n<\/ul>\n<p>&nbsp;<\/p>\n<div id=\"attachment_402473\" style=\"width: 470px\" class=\"wp-caption aligncenter\"><a href=\"https:\/\/www.diarioimagen.net\/?attachment_id=402473\" rel=\"attachment wp-att-402473\"><img loading=\"lazy\" decoding=\"async\" aria-describedby=\"caption-attachment-402473\" class=\"size-large wp-image-402473\" src=\"https:\/\/www.diarioimagen.net\/wp-content\/uploads\/2018\/11\/migrantes-3494-460x259.jpg\" alt=\"\" width=\"460\" height=\"259\" srcset=\"https:\/\/www.diarioimagen.net\/wp-content\/uploads\/2018\/11\/migrantes-3494-460x259.jpg 460w, https:\/\/www.diarioimagen.net\/wp-content\/uploads\/2018\/11\/migrantes-3494-240x135.jpg 240w, https:\/\/www.diarioimagen.net\/wp-content\/uploads\/2018\/11\/migrantes-3494-235x132.jpg 235w, https:\/\/www.diarioimagen.net\/wp-content\/uploads\/2018\/11\/migrantes-3494-202x114.jpg 202w, https:\/\/www.diarioimagen.net\/wp-content\/uploads\/2018\/11\/migrantes-3494-350x196.jpg 350w, https:\/\/www.diarioimagen.net\/wp-content\/uploads\/2018\/11\/migrantes-3494-220x123.jpg 220w, https:\/\/www.diarioimagen.net\/wp-content\/uploads\/2018\/11\/migrantes-3494-237x132.jpg 237w, https:\/\/www.diarioimagen.net\/wp-content\/uploads\/2018\/11\/migrantes-3494.jpg 480w\" sizes=\"auto, (max-width: 460px) 100vw, 460px\" \/><\/a><p id=\"caption-attachment-402473\" class=\"wp-caption-text\">Alrededor de 300 migrantes de la segunda caravana han desistido de continuar su trayecto en M\u00e9xico, por lo que se han puesto a disposici\u00f3n de las autoridades para ser repatriados.<\/p><\/div>\n<p>&nbsp;<\/p>\n<p>La caravana migrante acord\u00f3 en asamblea quedarse dos d\u00edas m\u00e1s en el albergue de la Ciudad de M\u00e9xico, mientras que una comitiva buscar\u00e1 reunirse con el Presidente electo, Andr\u00e9s Manuel L\u00f3pez Obrador.<\/p>\n<p>La reuni\u00f3n est\u00e1 prevista para este jueves despu\u00e9s de las 13:00 horas, indic\u00f3 el periodista hondure\u00f1o Milton Ben\u00edtez, quien funge como apoyo para este \u00e9xodo que recorre M\u00e9xico.<\/p>\n<p>\u201cNos puedan informar el estatus migratorio, la cuesti\u00f3n de asilo y cu\u00e1les ser\u00edan en concreto las propuestas de trabajo\u201d, precis\u00f3 en entrevista.<\/p>\n<p>\u201cNo nos han informado lugar, pero lo m\u00e1s importante es que se est\u00e1 accediendo a reunirse\u201d.<\/p>\n<p>En el encuentro, migrantes le pedir\u00e1n al pr\u00f3ximo mandatario federal que no desilusione a los viajeros al no cumplir las promesas de buen trato y trabajo en M\u00e9xico para ellos.<\/p>\n<p>\u201cQue sepan que aqu\u00ed hay esto en M\u00e9xico y que ellos decidan si contin\u00faan\u201d, agreg\u00f3.<\/p>\n<p>Adem\u00e1s de colaborar en el flujo rumbo a Estados Unidos, el grueso centroamericano espera que la diplomacia mexicana les facilite rutas hacia Canad\u00e1 y Espa\u00f1a.<\/p>\n<p>Entre los centroamericanos, seg\u00fan reportes, est\u00e1n 12 mujeres embarazadas y 800 ni\u00f1os, quienes son los m\u00e1s vulnerables en el recorrido por avent\u00f3n o a pie.<\/p>\n<p style=\"text-align: center;\"><strong>Rechaza caravana refugio y programas: Segob<\/strong><\/p>\n<p>La mayor\u00eda de los migrantes que llegaron en caravana a la capital del pa\u00eds opt\u00f3 por no solicitar refugio, inform\u00f3 la Secretar\u00eda de Gobernaci\u00f3n (Segob).<\/p>\n<p>En el comunicado, la dependencia precis\u00f3 que los centroamericanos tambi\u00e9n declinaron p\u00fablicamente adherirse al programa de car\u00e1cter temporal \u201cEsta es tu casa\u201d, ofrecido por el gobierno federal. La caravana, afirm\u00f3 la Segob, rechaz\u00f3 acogerse a las medidas de protecci\u00f3n, a pesar de que contaron con orientaci\u00f3n y asistencia permanente.<\/p>\n<p>\u201cEn su gran mayor\u00eda, los integrantes de este grupo rechazaron las garant\u00edas y facilidades que otorga el gobierno de nuestro pa\u00eds para acogerse a las medidas de protecci\u00f3n internacional\u201d, expuso.<\/p>\n<p>\u201cEl grupo de centroamericanos que se encuentra actualmente en la Ciudad de M\u00e9xico fue oportuna y debidamente enterado sobre los requisitos de ley para ingresar de manera ordenada y segura a M\u00e9xico\u201d.<\/p>\n<p>Gobernaci\u00f3n destac\u00f3 que la caravana que ha transitado por los estados de Chiapas, Oaxaca, Veracruz y Puebla ha recibido apoyo humanitario y de seguridad por parte de instituciones federales. Entre ellas, puntualiz\u00f3, el Grupo Beta de protecci\u00f3n al migrante y la Polic\u00eda Federal, que han proporcionado albergue, alimento, servicios m\u00e9dicos.<\/p>\n<p style=\"text-align: center;\"><strong>Vacunan a migrantes en Ciudad Deportiva<\/strong><\/p>\n<p>Personal de la Secretar\u00eda de Salud capitalina aplica vacunas contra la influenza y el t\u00e9tanos a los migrantes centroamericanos albergados en Ciudad Deportiva.<\/p>\n<p>\u201cEstamos poniendo vacuna de influenza y TD para todos los migrantes y las personas que nos acompa\u00f1an\u201d, explic\u00f3 la enfermera Raquel Meza Ortiz.<\/p>\n<p>\u201cLa finalidad de poner la vacuna es porque en cada temporada invernal, el virus de la influenza muta cada a\u00f1o, entonces, cada a\u00f1o nos la debemos aplicar para estar protegidos, ya que la influenza se transmite al hablar, toser o estornudar\u201d.<\/p>\n<p>\u201cNo tenemos una meta fija para aplicar aqu\u00ed, pero traemos 400, 500 dosis diarias en la ma\u00f1ana y en la tarde porque son ambos turnos\u201d, detall\u00f3.<\/p>\n<p>Adem\u00e1s de las vacunas, la Secretar\u00eda de Salud de la Ciudad tambi\u00e9n ofrece a los migrantes consultas m\u00e9dicas y medicamentos gratuitos.<\/p>\n<p style=\"text-align: center;\"><strong>Segunda caravana migrante llega a Mapastepec<\/strong><\/p>\n<p>Luego de cinco d\u00edas de recorrido, un grupo de migrantes originarios de El Salvador, lleg\u00f3 al municipio de Mapastepec, en Chiapas.<\/p>\n<p>Tras caminar aproximadamente tres kil\u00f3metros, en dos horas, y despu\u00e9s ser transportados en camionetas de carga,\u00a0 unidades particulares y unidades de transporte p\u00fablico, los originarios de Centroam\u00e9rica lograron avanzar 57 kil\u00f3metros y llegar a dicha comunidad, donde pernoctar\u00e1n.<\/p>\n<p>Las autoridades municipales habilitaron una unidad deportiva y el auditorio de basquetbol, para resguardar a los migrantes y brindarles atenci\u00f3n m\u00e9dica, alimentos y un lugar para descansar, ya que algunos de ellos presentaban llagas y ampollas en los pies.<\/p>\n<p>Cabe mencionar que alrededor de 300 migrantes han desistido de continuar su trayecto en M\u00e9xico, por lo que se ha puesto a disposici\u00f3n de las autoridades para ser repatriados.<\/p>\n<p style=\"text-align: center;\"><strong>Avanza tercera caravana migrante por Chiapas<\/strong><\/p>\n<p>La tercera caravana de migrantes, en su mayor\u00eda salvadore\u00f1os, parti\u00f3 este mi\u00e9rcoles del municipio de Huixtla hacia Mapastepec, donde ser\u00e1 su cuarto punto de escala tras ingresar al pa\u00eds por el r\u00edo Suchiate.<\/p>\n<p>Los indocumentados retomaron su camino por la madrugada, tras pernoctar dos noches en Huixtla debido al cansancio.<\/p>\n<p>Este grupo avanza con dificultad por territorio chiapaneco debido a la menos solidaridad que han encontrado de parte de la sociedad.<\/p>\n<p>La iglesia cat\u00f3lica en Huixtla les ofreci\u00f3 mas de 3 mil botellas de agua que se acabaron pronto entre la multitud.<\/p>\n<p>Adem\u00e1s, han optado por avanzar unidos y descartar los \u201caventones\u201d para evitar detenciones por parte del Instituto Nacional de Migraci\u00f3n.<\/p>\n<p>Por otro lado, en Tec\u00fan Um\u00e1n, Guatemala, un grupo de m\u00e1s de 100 salvadore\u00f1os aguarda a otros centroamericanos para intentar cruzar al pa\u00eds.<\/p>\n<p>\u201cDe que cruzamos, cruzamos, estamos esperando que vengan m\u00e1s. Eso esperamos que el grupo se fortalezca m\u00e1s\u201d, afirm\u00f3 un salvadore\u00f1o.<\/p>\n<p>Los migrantes rechazaron la oferta del Gobierno mexicano de entrar al Pa\u00eds por la v\u00eda regular.<\/p>\n<p>\u201cQue quede claro, en M\u00e9xico no hay transito libre, se tienen que apegar a las leyes mexicanas y a las normas que marca migraci\u00f3n a este tipo de situaciones\u201d, expres\u00f3 Mauricio Ituarte, c\u00f3nsul de M\u00e9xico en ese poblado fronterizo.<\/p>\n<p>La Comisi\u00f3n Mexicana de Ayuda a Refugiados, dijo, ha entregado 3 mil 320 cartas de inicio de tr\u00e1mites de solicitudes de refugio desde el ingreso de la primer caravana de centroamericanos.<\/p>\n<p>Mientras que m\u00e1s de 2 mil han decidido retornar a su pa\u00eds de manera voluntaria.<\/p>\n<p>Ituarte coment\u00f3 que para los que han ingresado de manera irregular al pa\u00eds es latente su detenci\u00f3n y deportaci\u00f3n, como ha ocurrido con m\u00e1s de mil 600 extranjeros integrantes de las caravanas en las \u00faltimas semanas.<\/p>\n<p>Antonio Az\u00facar Hern\u00e1ndez, c\u00f3nsul de El Salvador en Tapachula, abund\u00f3 que entre ayer y hoy un grupo aproximado de 50 salvadore\u00f1os se acogieron a la regularizaci\u00f3n en M\u00e9xico.<\/p>\n<p>El gobierno salvadore\u00f1o, afirm\u00f3, ha intensificado una campa\u00f1a para desalentar la migraci\u00f3n y advertir a sus connacionales de los riesgos que podr\u00edan enfrentar al viajar de manera indocumentada.<\/p>\n","protected":false},"excerpt":{"rendered":"<p>La caravana migrante acord\u00f3 en asamblea quedarse dos d\u00edas m\u00e1s en el albergue de la Ciudad de M\u00e9xico, mientras que una comitiva buscar\u00e1 reunirse con el Presidente electo, Andr\u00e9s Manuel L\u00f3pez Obrador.<\/p>\n","protected":false},"author":3,"featured_media":402473,"comment_status":"open","ping_status":"open","sticky":false,"template":"","format":"standard","meta":{"_monsterinsights_skip_tracking":false,"_monsterinsights_sitenote_active":false,"_monsterinsights_sitenote_note":"","_monsterinsights_sitenote_category":0,"footnotes":""},"categories":[6],"tags":[34444,10383,43673,79933],"class_list":["post-402458","post","type-post","status-publish","format-standard","has-post-thumbnail","hentry","category-cd-de-mexico","tag-cdmx","tag-migrantes","tag-nacional","tag-vacuana"],"_links":{"self":[{"href":"https:\/\/www.diarioimagen.net\/index.php?rest_route=\/wp\/v2\/posts\/402458","targetHints":{"allow":["GET"]}}],"collection":[{"href":"https:\/\/www.diarioimagen.net\/index.php?rest_route=\/wp\/v2\/posts"}],"about":[{"href":"https:\/\/www.diarioimagen.net\/index.php?rest_route=\/wp\/v2\/types\/post"}],"author":[{"embeddable":true,"href":"https:\/\/www.diarioimagen.net\/index.php?rest_route=\/wp\/v2\/users\/3"}],"replies":[{"embeddable":true,"href":"https:\/\/www.diarioimagen.net\/index.php?rest_route=%2Fwp%2Fv2%2Fcomments&post=402458"}],"version-history":[{"count":0,"href":"https:\/\/www.diarioimagen.net\/index.php?rest_route=\/wp\/v2\/posts\/402458\/revisions"}],"wp:featuredmedia":[{"embeddable":true,"href":"https:\/\/www.diarioimagen.net\/index.php?rest_route=\/wp\/v2\/media\/402473"}],"wp:attachment":[{"href":"https:\/\/www.diarioimagen.net\/index.php?rest_route=%2Fwp%2Fv2%2Fmedia&parent=402458"}],"wp:term":[{"taxonomy":"category","embeddable":true,"href":"https:\/\/www.diarioimagen.net\/index.php?rest_route=%2Fwp%2Fv2%2Fcategories&post=402458"},{"taxonomy":"post_tag","embeddable":true,"href":"https:\/\/www.diarioimagen.net\/index.php?rest_route=%2Fwp%2Fv2%2Ftags&post=402458"}],"curies":[{"name":"wp","href":"https:\/\/api.w.org\/{rel}","templated":true}]}}