{"id":402657,"date":"2018-11-09T00:07:19","date_gmt":"2018-11-09T06:07:19","guid":{"rendered":"https:\/\/www.diarioimagen.net\/?p=402657"},"modified":"2018-11-11T22:48:38","modified_gmt":"2018-11-12T04:48:38","slug":"el-proximo-gobierno-federal-recibira-una-economia-estable-fmi","status":"publish","type":"post","link":"https:\/\/www.diarioimagen.net\/?p=402657","title":{"rendered":"El pr\u00f3ximo gobierno federal recibir\u00e1 una econom\u00eda estable: FMI"},"content":{"rendered":"<p><a href=\"https:\/\/www.diarioimagen.net\/?attachment_id=402740\" rel=\"attachment wp-att-402740\"><img loading=\"lazy\" decoding=\"async\" class=\"aligncenter size-large wp-image-402740\" src=\"https:\/\/www.diarioimagen.net\/wp-content\/uploads\/2018\/11\/FMI9-460x259.jpg\" alt=\"\" width=\"460\" height=\"259\" srcset=\"https:\/\/www.diarioimagen.net\/wp-content\/uploads\/2018\/11\/FMI9-460x259.jpg 460w, https:\/\/www.diarioimagen.net\/wp-content\/uploads\/2018\/11\/FMI9-240x135.jpg 240w, https:\/\/www.diarioimagen.net\/wp-content\/uploads\/2018\/11\/FMI9-235x132.jpg 235w, https:\/\/www.diarioimagen.net\/wp-content\/uploads\/2018\/11\/FMI9-202x114.jpg 202w, https:\/\/www.diarioimagen.net\/wp-content\/uploads\/2018\/11\/FMI9-350x196.jpg 350w, https:\/\/www.diarioimagen.net\/wp-content\/uploads\/2018\/11\/FMI9-220x123.jpg 220w, https:\/\/www.diarioimagen.net\/wp-content\/uploads\/2018\/11\/FMI9-237x132.jpg 237w, https:\/\/www.diarioimagen.net\/wp-content\/uploads\/2018\/11\/FMI9.jpg 480w\" sizes=\"auto, (max-width: 460px) 100vw, 460px\" \/><\/a><\/p>\n<p>&nbsp;<\/p>\n<p>El Fondo Monetario Internacional (FMI) se\u00f1al\u00f3 que la pr\u00f3xima administraci\u00f3n ffederal heredar\u00e1 una econom\u00eda estable y resiliente, con finanzas p\u00fablicas sanas, gracias al proceso de consolidaci\u00f3n fiscal de los \u00faltimos dos a\u00f1os.<\/p>\n<p>Este proceso, agreg\u00f3 el Fondo en su evaluaci\u00f3n de la situaci\u00f3n econ\u00f3mica y perspectivas de M\u00e9xico, ha ayudado a revertir la tendencia creciente en la raz\u00f3n de deuda p\u00fablica a Producto Interno Bruto (PIB) y ponerla en una trayectoria descendente.<\/p>\n<p>De igual forma, destac\u00f3 que el pr\u00f3ximo gobierno coincide en que unas finanzas p\u00fablicas s\u00f3lidas, estabilidad macroecon\u00f3mica y una pol\u00edtica monetaria independiente, son pilares para una econom\u00eda resiliente frente a choques del exterior, as\u00ed como un ingrediente clave para un crecimiento econ\u00f3mico sostenible.<\/p>\n","protected":false},"excerpt":{"rendered":"<p>El Fondo Monetario Internacional (FMI) se\u00f1al\u00f3 que la pr\u00f3xima administraci\u00f3n ffederal heredar\u00e1 una econom\u00eda estable y resiliente, con finanzas p\u00fablicas sanas, gracias al proceso de consolidaci\u00f3n fiscal de los \u00faltimos dos a\u00f1os.<\/p>\n","protected":false},"author":3,"featured_media":402740,"comment_status":"open","ping_status":"open","sticky":false,"template":"","format":"standard","meta":{"_monsterinsights_skip_tracking":false,"_monsterinsights_sitenote_active":false,"_monsterinsights_sitenote_note":"","_monsterinsights_sitenote_category":0,"footnotes":""},"categories":[8],"tags":[79978,43678,1481,7196],"class_list":["post-402657","post","type-post","status-publish","format-standard","has-post-thumbnail","hentry","category-finanzas","tag-estable","tag-finanzas","tag-fmi","tag-gobierno"],"_links":{"self":[{"href":"https:\/\/www.diarioimagen.net\/index.php?rest_route=\/wp\/v2\/posts\/402657","targetHints":{"allow":["GET"]}}],"collection":[{"href":"https:\/\/www.diarioimagen.net\/index.php?rest_route=\/wp\/v2\/posts"}],"about":[{"href":"https:\/\/www.diarioimagen.net\/index.php?rest_route=\/wp\/v2\/types\/post"}],"author":[{"embeddable":true,"href":"https:\/\/www.diarioimagen.net\/index.php?rest_route=\/wp\/v2\/users\/3"}],"replies":[{"embeddable":true,"href":"https:\/\/www.diarioimagen.net\/index.php?rest_route=%2Fwp%2Fv2%2Fcomments&post=402657"}],"version-history":[{"count":0,"href":"https:\/\/www.diarioimagen.net\/index.php?rest_route=\/wp\/v2\/posts\/402657\/revisions"}],"wp:featuredmedia":[{"embeddable":true,"href":"https:\/\/www.diarioimagen.net\/index.php?rest_route=\/wp\/v2\/media\/402740"}],"wp:attachment":[{"href":"https:\/\/www.diarioimagen.net\/index.php?rest_route=%2Fwp%2Fv2%2Fmedia&parent=402657"}],"wp:term":[{"taxonomy":"category","embeddable":true,"href":"https:\/\/www.diarioimagen.net\/index.php?rest_route=%2Fwp%2Fv2%2Fcategories&post=402657"},{"taxonomy":"post_tag","embeddable":true,"href":"https:\/\/www.diarioimagen.net\/index.php?rest_route=%2Fwp%2Fv2%2Ftags&post=402657"}],"curies":[{"name":"wp","href":"https:\/\/api.w.org\/{rel}","templated":true}]}}