{"id":402661,"date":"2018-11-09T00:11:55","date_gmt":"2018-11-09T06:11:55","guid":{"rendered":"https:\/\/www.diarioimagen.net\/?p=402661"},"modified":"2018-11-09T10:50:48","modified_gmt":"2018-11-09T16:50:48","slug":"presenta-olga-sanchez-cordero-iniciativa-que-regula-mariguana","status":"publish","type":"post","link":"https:\/\/www.diarioimagen.net\/?p=402661","title":{"rendered":"Presenta Olga S\u00e1nchez Cordero iniciativa que regula mariguana"},"content":{"rendered":"<ul>\n<li><strong><em>Ley General para la Regulaci\u00f3n y Control de Cannabis<\/em><\/strong><\/li>\n<\/ul>\n<p>&nbsp;<\/p>\n<div id=\"attachment_402734\" style=\"width: 470px\" class=\"wp-caption aligncenter\"><a href=\"https:\/\/www.diarioimagen.net\/?attachment_id=402734\" rel=\"attachment wp-att-402734\"><img loading=\"lazy\" decoding=\"async\" aria-describedby=\"caption-attachment-402734\" class=\"size-large wp-image-402734\" src=\"https:\/\/www.diarioimagen.net\/wp-content\/uploads\/2018\/11\/OLGA9-460x259.jpg\" alt=\"\" width=\"460\" height=\"259\" srcset=\"https:\/\/www.diarioimagen.net\/wp-content\/uploads\/2018\/11\/OLGA9-460x259.jpg 460w, https:\/\/www.diarioimagen.net\/wp-content\/uploads\/2018\/11\/OLGA9-240x135.jpg 240w, https:\/\/www.diarioimagen.net\/wp-content\/uploads\/2018\/11\/OLGA9-235x132.jpg 235w, https:\/\/www.diarioimagen.net\/wp-content\/uploads\/2018\/11\/OLGA9-202x114.jpg 202w, https:\/\/www.diarioimagen.net\/wp-content\/uploads\/2018\/11\/OLGA9-350x196.jpg 350w, https:\/\/www.diarioimagen.net\/wp-content\/uploads\/2018\/11\/OLGA9-220x123.jpg 220w, https:\/\/www.diarioimagen.net\/wp-content\/uploads\/2018\/11\/OLGA9-237x132.jpg 237w, https:\/\/www.diarioimagen.net\/wp-content\/uploads\/2018\/11\/OLGA9.jpg 480w\" sizes=\"auto, (max-width: 460px) 100vw, 460px\" \/><\/a><p id=\"caption-attachment-402734\" class=\"wp-caption-text\">Olga S\u00e1nchez Cordero present\u00f3 en sesi\u00f3n ordinaria de ayer jueves la iniciativa con la que se expide la Ley General para la Regulaci\u00f3n y Control.<\/p><\/div>\n<p>&nbsp;<\/p>\n<p>La senadora de Morena, Olga S\u00e1nchez Cordero, present\u00f3 en sesi\u00f3n ordinaria de ayer jueves la iniciativa con la que se expide la Ley General para la Regulaci\u00f3n y Control de Cannabis, propuesta sobre la mariguana que busca integridad social y respeto a libertades.<\/p>\n<p>En uso de la tribuna para fundamentar la propuesta, la pr\u00f3xima titular de la Secretar\u00eda de Gobernaci\u00f3n (Segob) refiri\u00f3 los 240 mil muertos y 40 mil desaparecidos en los \u00faltimos 10 a\u00f1os que ha dejado la guerra contra el narco.<\/p>\n<p>Adem\u00e1s de ni\u00f1as, ni\u00f1os, j\u00f3venes y mujeres amenazados por el crimen organizado y que consider\u00f3 como \u201ccarne de ca\u00f1\u00f3n\u201d.<\/p>\n<p>Cifras con las que justific\u00f3 el replanteamiento de la pol\u00edtica de drogas del pa\u00eds. \u201cEs momento de cambiar a trav\u00e9s de todos los mecanismos institucionales que tengamos a nuestro alcance para poder construir la paz en nuestro pa\u00eds\u201d, expres\u00f3 ante la asamblea.<\/p>\n<p>La ex ministra se\u00f1al\u00f3 que la pol\u00edtica en M\u00e9xico sobre drogas siempre ha sido un discurso pol\u00e9mico para propios y extra\u00f1os, y se ha podido comprobar es que su lucha a trav\u00e9s de las armas solamente ha producido m\u00e1s muertes en el pa\u00eds.<\/p>\n<p>A\u00fan en uso de la voz, la morenista manifest\u00f3 su preocupaci\u00f3n sobre la relaci\u00f3n que guardan las pol\u00edticas p\u00fablicas que guardan los grados de inseguridad e ingobernabilidad.<\/p>\n<p>\u201cM\u00e9xico opt\u00f3 por una lucha frontal contra las drogas, no estamos a favor de la liberaci\u00f3n absoluta de las drogas; estamos a favor de las libertades y de los derechos mediante el ordenamiento jur\u00eddico y el control\u201d, dijo sobre la regulaci\u00f3n de cannabis para uso medicinal. La legisladora tambi\u00e9n de pronunci\u00f3 a favor de liberar a aquellos que se encuentran en las garras de la amenaza por parte del crimen organizado y de la pobreza.<\/p>\n<p>El modelo de regulaci\u00f3n legal estricta de mariguana y el libre mercado contempla la creaci\u00f3n del Instituto Mexicano de Regulaci\u00f3n y Control de Cannabis (IMRCC), organismo p\u00fablico desconcertado de la Secretar\u00eda de Salud cuya en cuya funciones recae el crear la regulaci\u00f3n que garantice que el enfoque de salud p\u00fablica.<\/p>\n<p>Tambi\u00e9n, el de reducci\u00f3n de riesgos y da\u00f1os relacionados con el consumo de la hierba, siempre predominando sobre el inter\u00e9s del comercio y otros creados por la industria del cannabis.<\/p>\n<p>De acuerdo al proyecto de decreto, el IMRCC tendr\u00e1 como objetivos reglamentar las actividades de plantaci\u00f3n, cultivo, cosecha, transporte, almacenaje, producci\u00f3n, elaboraci\u00f3n, distribuci\u00f3n, comercializaci\u00f3n, expendio y venta, en el marco de las disposiciones de la legislaci\u00f3n vigente.<\/p>\n<p>El Instituto establecer\u00eda los lineamientos bajo los cuales se otorgar\u00e1n las licencias de siembra, cultivo, cosecha, producci\u00f3n, etiquetado, empaquetado, transporte, distribuci\u00f3n, venta y comercializaci\u00f3n, as\u00ed como otorgar\u00eda licencias y pr\u00f3rrogas para cultivar, cosechar, procesar, almacenar, transportar y vender mariguana para fines personales, medicinales y comerciales.<\/p>\n<p>El modelo que propone S\u00e1nchez Cordero es el de regulaci\u00f3n legal estricta, es decir, el punto medio entre la prohibici\u00f3n absoluta y el libre mercado, como monitorear las cadenas de valor, la creaci\u00f3n de un padr\u00f3n o registro de vol\u00famenes de producci\u00f3n, la coordinaci\u00f3n de la Federaci\u00f3n con las entidades e intersecretarial, as\u00ed como la prohibici\u00f3n de promoci\u00f3n, patrocinio, y publicidad de la mariguana y sus derivados para su uso personal.<\/p>\n<p>La Ley permite sembrar, cultivar, cosechar, aprovechar, preparar y transformar hasta veinte plantas de mariguana en floraci\u00f3n destinadas para consumo personal en propiedad privada, siempre y cuando la producci\u00f3n no sobrepase los 480 gramos por a\u00f1o, y las personas hayan registrado sus plantas en un padr\u00f3n an\u00f3nimo ante el Instituto Mexicano de Regulaci\u00f3n y Control de Cannabis.<\/p>\n","protected":false},"excerpt":{"rendered":"<p>La senadora de Morena, Olga S\u00e1nchez Cordero, present\u00f3 en sesi\u00f3n ordinaria de ayer jueves la iniciativa con la que se expide la Ley General para la Regulaci\u00f3n y Control de Cannabis, propuesta sobre la mariguana que busca integridad social y respeto a libertades.<\/p>\n","protected":false},"author":3,"featured_media":402734,"comment_status":"open","ping_status":"open","sticky":false,"template":"","format":"standard","meta":{"_monsterinsights_skip_tracking":false,"_monsterinsights_sitenote_active":false,"_monsterinsights_sitenote_note":"","_monsterinsights_sitenote_category":0,"footnotes":""},"categories":[3],"tags":[49764,79979,10638],"class_list":["post-402661","post","type-post","status-publish","format-standard","has-post-thumbnail","hentry","category-nacional","tag-iniciativa","tag-ley-general-para-la-regulacion-y-control-de-cannabis","tag-olga-sanchez-cordero"],"_links":{"self":[{"href":"https:\/\/www.diarioimagen.net\/index.php?rest_route=\/wp\/v2\/posts\/402661","targetHints":{"allow":["GET"]}}],"collection":[{"href":"https:\/\/www.diarioimagen.net\/index.php?rest_route=\/wp\/v2\/posts"}],"about":[{"href":"https:\/\/www.diarioimagen.net\/index.php?rest_route=\/wp\/v2\/types\/post"}],"author":[{"embeddable":true,"href":"https:\/\/www.diarioimagen.net\/index.php?rest_route=\/wp\/v2\/users\/3"}],"replies":[{"embeddable":true,"href":"https:\/\/www.diarioimagen.net\/index.php?rest_route=%2Fwp%2Fv2%2Fcomments&post=402661"}],"version-history":[{"count":0,"href":"https:\/\/www.diarioimagen.net\/index.php?rest_route=\/wp\/v2\/posts\/402661\/revisions"}],"wp:featuredmedia":[{"embeddable":true,"href":"https:\/\/www.diarioimagen.net\/index.php?rest_route=\/wp\/v2\/media\/402734"}],"wp:attachment":[{"href":"https:\/\/www.diarioimagen.net\/index.php?rest_route=%2Fwp%2Fv2%2Fmedia&parent=402661"}],"wp:term":[{"taxonomy":"category","embeddable":true,"href":"https:\/\/www.diarioimagen.net\/index.php?rest_route=%2Fwp%2Fv2%2Fcategories&post=402661"},{"taxonomy":"post_tag","embeddable":true,"href":"https:\/\/www.diarioimagen.net\/index.php?rest_route=%2Fwp%2Fv2%2Ftags&post=402661"}],"curies":[{"name":"wp","href":"https:\/\/api.w.org\/{rel}","templated":true}]}}