{"id":402663,"date":"2018-11-09T00:09:07","date_gmt":"2018-11-09T06:09:07","guid":{"rendered":"https:\/\/www.diarioimagen.net\/?p=402663"},"modified":"2018-11-09T10:53:10","modified_gmt":"2018-11-09T16:53:10","slug":"solvencia-del-imss-esta-garantizada-hasta-2030","status":"publish","type":"post","link":"https:\/\/www.diarioimagen.net\/?p=402663","title":{"rendered":"Solvencia del IMSS est\u00e1 garantizada hasta 2030"},"content":{"rendered":"<ul>\n<li><strong><em>Recuerda el valor de conservar y fortalecer instituciones<\/em><\/strong><\/li>\n<\/ul>\n<p>&nbsp;<\/p>\n<div id=\"attachment_402737\" style=\"width: 470px\" class=\"wp-caption aligncenter\"><a href=\"https:\/\/www.diarioimagen.net\/?attachment_id=402737\" rel=\"attachment wp-att-402737\"><img loading=\"lazy\" decoding=\"async\" aria-describedby=\"caption-attachment-402737\" class=\"size-large wp-image-402737\" src=\"https:\/\/www.diarioimagen.net\/wp-content\/uploads\/2018\/11\/epn-3495-460x259.jpg\" alt=\"\" width=\"460\" height=\"259\" srcset=\"https:\/\/www.diarioimagen.net\/wp-content\/uploads\/2018\/11\/epn-3495-460x259.jpg 460w, https:\/\/www.diarioimagen.net\/wp-content\/uploads\/2018\/11\/epn-3495-240x135.jpg 240w, https:\/\/www.diarioimagen.net\/wp-content\/uploads\/2018\/11\/epn-3495-235x132.jpg 235w, https:\/\/www.diarioimagen.net\/wp-content\/uploads\/2018\/11\/epn-3495-202x114.jpg 202w, https:\/\/www.diarioimagen.net\/wp-content\/uploads\/2018\/11\/epn-3495-350x196.jpg 350w, https:\/\/www.diarioimagen.net\/wp-content\/uploads\/2018\/11\/epn-3495-220x123.jpg 220w, https:\/\/www.diarioimagen.net\/wp-content\/uploads\/2018\/11\/epn-3495-237x132.jpg 237w, https:\/\/www.diarioimagen.net\/wp-content\/uploads\/2018\/11\/epn-3495.jpg 480w\" sizes=\"auto, (max-width: 460px) 100vw, 460px\" \/><\/a><p id=\"caption-attachment-402737\" class=\"wp-caption-text\">Enrique Pe\u00f1a Nieto destac\u00f3 que durante su administraci\u00f3n cuatro millones de nuevos trabajadores se afiliaron al IMSS.<\/p><\/div>\n<p>&nbsp;<\/p>\n<p>Al participar en la 109 Asamblea General del IMSS, del que dijo ya goza de finanzas sanas y su solvencia est\u00e1 garantizada hasta 2030, el presidente Enrique Pe\u00f1a Nieto manifest\u00f3 que el Seguro Social recuerda el valor de conservar y fortalecer las grandes instituciones de M\u00e9xico.<\/p>\n<p>\u201cSon las instituciones las que aseguran el desarrollo a largo plazo, porque superan coyunturas, trascienden gobiernos y definen \u00e9pocas; son las que nos permitir\u00e1n ir transformando a nuestra naci\u00f3n\u201d, asegur\u00f3 al entregar tambi\u00e9n el nuevo Hospital General Regional n\u00famero 2, en El Marqu\u00e9s, Qer\u00e9taro.<\/p>\n<p>El Ejecutivo federal destac\u00f3 que durante su administraci\u00f3n cuatro millones de nuevos trabajadores se afiliaron al Instituto Mexicano del Seguro Social (IMSS) y resalt\u00f3 que \u201cnunca antes tantas familias mexicanas hab\u00edan tenido acceso a la seguridad social\u201d.<\/p>\n<p>Esto, expuso, no es fortuito, \u201ces resultado de mantener una visi\u00f3n de largo alcance, de sumar los esfuerzos de todos y de aprovechar la fortaleza de nuestras instituciones\u201d, por lo que llam\u00f3 a los 440 mil servidores p\u00fablicos del IMSS a seguir aportando todo su sentido de responsabilidad y profesionalismo.<\/p>\n<p>Acompa\u00f1ado por el secretario de Salud, Jos\u00e9 Narro Robles; el director del IMSS, Tuffic Miguel Ortega, y el gobernador de Quer\u00e9taro, Francisco Dom\u00ednguez Servi\u00e9n, explic\u00f3 que a 75 a\u00f1os de su creaci\u00f3n el Seguro Social \u201cvivi\u00f3 la transformaci\u00f3n m\u00e1s grande que haya tenido en las \u00faltimas d\u00e9cadas\u201d.<\/p>\n<p>En este sentido, afirm\u00f3 que \u201clas cifras son elocuentes y hablan por s\u00ed solas\u201d, pues hoy el Instituto tiene la mejor y m\u00e1s amplia infraestructura de su historia. \u201cEn estos seis a\u00f1os pusimos en marcha la construcci\u00f3n de 12 hospitales, 40 unidades de medicina familiar y 10 cl\u00ednicas mama\u201d, destac\u00f3.<\/p>\n<p>En el acto al que asistieron exdirectores del IMSS durante el sexenio, Jos\u00e9 Antonio Gonz\u00e1lez Anaya y Mikel Arriola, el jefe del Ejecutivo federal sostuvo que \u201chac\u00eda a\u00f1os que no se ampliaba de manera significativa la infraestructura de esta instituci\u00f3n\u201d.<\/p>\n<p>Apunt\u00f3 que el problema que presentaban las finanzas al inicio de la administraci\u00f3n no daban la viabilidad a la inversi\u00f3n que el instituto ten\u00eda que hacer para ampliar su infraestructura, pero \u201cen seis a\u00f1os fue posible darle la vuelta a ese ese escenario adverso que ten\u00eda hace seis a\u00f1os de n\u00fameros rojos\u201d.<\/p>\n<p>\u201cEn 2012 recibimos un Seguro Social que estaba francamente en camino de la quiebra. Gracias a la disciplina y el rigor t\u00e9cnico de sus colaboradores, as\u00ed como el incremento de las aportaciones, de 2016 a 2018 se logr\u00f3 un super\u00e1vit financiero de m\u00e1s de 21 mil millones de pesos\u201d, por lo que hoy goza de finanzas sanas y su solvencia est\u00e1 garantizada hasta el 2030.<\/p>\n<p>Sostuvo que hoy el Seguro Social brinda servicios de mayor calidez y calidad, con programas como el de receta resurtible, el sistema unifila, la ampliaci\u00f3n de los horarios de quir\u00f3fano y la mejora de los servicios de urgencias, que se traducen en una atenci\u00f3n digna de sus derechohabientes.<\/p>\n<p>Ante las dirigencias de organizaciones de trabajadores y patronales, Pe\u00f1a Nieto record\u00f3 que en 2012 ning\u00fan tr\u00e1mite era electr\u00f3nico sino presencial, incluso los adultos mayores ten\u00edan que presentarse para comprobar que estaban vivos y poder cobrar su pensi\u00f3n.<\/p>\n<p>Pe\u00f1a Nieto reconoci\u00f3 que los sectores gubernamental, obrero y patronal, han trabajado y sumando esfuerzos para construir un Seguro Social eficiente, moderno, fuerte y confiable, \u201cque les cumple a sus derechohabientes\u201d.<\/p>\n","protected":false},"excerpt":{"rendered":"<p>Al participar en la 109 Asamblea General del IMSS, del que dijo ya goza de finanzas sanas y su solvencia est\u00e1 garantizada hasta 2030, el presidente Enrique Pe\u00f1a Nieto manifest\u00f3 que el Seguro Social recuerda el valor de conservar y fortalecer las grandes instituciones de M\u00e9xico.<\/p>\n","protected":false},"author":3,"featured_media":402737,"comment_status":"open","ping_status":"open","sticky":false,"template":"","format":"standard","meta":{"_monsterinsights_skip_tracking":false,"_monsterinsights_sitenote_active":false,"_monsterinsights_sitenote_note":"","_monsterinsights_sitenote_category":0,"footnotes":""},"categories":[877],"tags":[18,257,43692,79980],"class_list":["post-402663","post","type-post","status-publish","format-standard","has-post-thumbnail","hentry","category-salud","tag-enrique-pena-nieto","tag-imss","tag-salud","tag-solvencia"],"_links":{"self":[{"href":"https:\/\/www.diarioimagen.net\/index.php?rest_route=\/wp\/v2\/posts\/402663","targetHints":{"allow":["GET"]}}],"collection":[{"href":"https:\/\/www.diarioimagen.net\/index.php?rest_route=\/wp\/v2\/posts"}],"about":[{"href":"https:\/\/www.diarioimagen.net\/index.php?rest_route=\/wp\/v2\/types\/post"}],"author":[{"embeddable":true,"href":"https:\/\/www.diarioimagen.net\/index.php?rest_route=\/wp\/v2\/users\/3"}],"replies":[{"embeddable":true,"href":"https:\/\/www.diarioimagen.net\/index.php?rest_route=%2Fwp%2Fv2%2Fcomments&post=402663"}],"version-history":[{"count":0,"href":"https:\/\/www.diarioimagen.net\/index.php?rest_route=\/wp\/v2\/posts\/402663\/revisions"}],"wp:featuredmedia":[{"embeddable":true,"href":"https:\/\/www.diarioimagen.net\/index.php?rest_route=\/wp\/v2\/media\/402737"}],"wp:attachment":[{"href":"https:\/\/www.diarioimagen.net\/index.php?rest_route=%2Fwp%2Fv2%2Fmedia&parent=402663"}],"wp:term":[{"taxonomy":"category","embeddable":true,"href":"https:\/\/www.diarioimagen.net\/index.php?rest_route=%2Fwp%2Fv2%2Fcategories&post=402663"},{"taxonomy":"post_tag","embeddable":true,"href":"https:\/\/www.diarioimagen.net\/index.php?rest_route=%2Fwp%2Fv2%2Ftags&post=402663"}],"curies":[{"name":"wp","href":"https:\/\/api.w.org\/{rel}","templated":true}]}}