{"id":402676,"date":"2018-11-09T00:04:27","date_gmt":"2018-11-09T06:04:27","guid":{"rendered":"https:\/\/www.diarioimagen.net\/?p=402676"},"modified":"2018-11-09T11:03:00","modified_gmt":"2018-11-09T17:03:00","slug":"celebra-cuautitlan-izcalli-fiesta-patronal-de-san-martin-tepetlixpan","status":"publish","type":"post","link":"https:\/\/www.diarioimagen.net\/?p=402676","title":{"rendered":"Celebra Cuautitl\u00e1n Izcalli fiesta patronal de San Mart\u00edn Tepetlixpan"},"content":{"rendered":"<p><a href=\"https:\/\/www.diarioimagen.net\/?attachment_id=402763\" rel=\"attachment wp-att-402763\"><img loading=\"lazy\" decoding=\"async\" class=\"aligncenter size-large wp-image-402763\" src=\"https:\/\/www.diarioimagen.net\/wp-content\/uploads\/2018\/11\/CUAUTITLAN-9-460x259.jpg\" alt=\"\" width=\"460\" height=\"259\" srcset=\"https:\/\/www.diarioimagen.net\/wp-content\/uploads\/2018\/11\/CUAUTITLAN-9-460x259.jpg 460w, https:\/\/www.diarioimagen.net\/wp-content\/uploads\/2018\/11\/CUAUTITLAN-9-240x135.jpg 240w, https:\/\/www.diarioimagen.net\/wp-content\/uploads\/2018\/11\/CUAUTITLAN-9-235x132.jpg 235w, https:\/\/www.diarioimagen.net\/wp-content\/uploads\/2018\/11\/CUAUTITLAN-9-202x114.jpg 202w, https:\/\/www.diarioimagen.net\/wp-content\/uploads\/2018\/11\/CUAUTITLAN-9-350x196.jpg 350w, https:\/\/www.diarioimagen.net\/wp-content\/uploads\/2018\/11\/CUAUTITLAN-9-220x123.jpg 220w, https:\/\/www.diarioimagen.net\/wp-content\/uploads\/2018\/11\/CUAUTITLAN-9-237x132.jpg 237w, https:\/\/www.diarioimagen.net\/wp-content\/uploads\/2018\/11\/CUAUTITLAN-9.jpg 480w\" sizes=\"auto, (max-width: 460px) 100vw, 460px\" \/><\/a><\/p>\n<p>&nbsp;<\/p>\n<p><strong>Cuautitl\u00e1n Izcalli, Estado de M\u00e9xico<\/strong><strong>.- <\/strong>Este fin de semana se llevar\u00e1 a cabo la fiesta patronal de San Mart\u00edn Tepetlixpan, uno de los trece pueblos de Cuautitl\u00e1n Izcalli, que se vestir\u00e1 de manteles largos durante tres d\u00edas en el marco de sus fiestas patronales en honor al San Mart\u00edn Obispo de Tour.<\/p>\n<p>A partir del 10 de noviembre y hasta el 12 del mismo mes, los izcallenses disfrutar\u00e1n de antojitos mexicanos, dulces t\u00edpicos, juegos mec\u00e1nicos, artesan\u00edas, actividades culturales, cabalgata, baile tradicional de feria, quema de castillo y grupos musicales en un ambiente totalmente familiar.<\/p>\n<p>Adem\u00e1s se realizar\u00e1n festividades enmarcadas por ceremonias religiosas en honor al santo patrono, veneraci\u00f3n, que es una caracter\u00edstica del poblado, que adem\u00e1s muestra su faceta hospitalaria.<\/p>\n","protected":false},"excerpt":{"rendered":"<p>Este fin de semana se llevar\u00e1 a cabo la fiesta patronal de San Mart\u00edn Tepetlixpan, uno de los trece pueblos de Cuautitl\u00e1n Izcalli, que se vestir\u00e1 de manteles largos durante tres d\u00edas en el marco de sus fiestas patronales en honor al San Mart\u00edn Obispo de Tour.<\/p>\n","protected":false},"author":3,"featured_media":402763,"comment_status":"open","ping_status":"open","sticky":false,"template":"","format":"standard","meta":{"_monsterinsights_skip_tracking":false,"_monsterinsights_sitenote_active":false,"_monsterinsights_sitenote_note":"","_monsterinsights_sitenote_category":0,"footnotes":""},"categories":[35155],"tags":[971,43675,79981],"class_list":["post-402676","post","type-post","status-publish","format-standard","has-post-thumbnail","hentry","category-estado-de-mexico-estado-de-mexico","tag-cuautitlan-izcalli","tag-estado-de-mexico","tag-san-martin-tepetlixpan"],"_links":{"self":[{"href":"https:\/\/www.diarioimagen.net\/index.php?rest_route=\/wp\/v2\/posts\/402676","targetHints":{"allow":["GET"]}}],"collection":[{"href":"https:\/\/www.diarioimagen.net\/index.php?rest_route=\/wp\/v2\/posts"}],"about":[{"href":"https:\/\/www.diarioimagen.net\/index.php?rest_route=\/wp\/v2\/types\/post"}],"author":[{"embeddable":true,"href":"https:\/\/www.diarioimagen.net\/index.php?rest_route=\/wp\/v2\/users\/3"}],"replies":[{"embeddable":true,"href":"https:\/\/www.diarioimagen.net\/index.php?rest_route=%2Fwp%2Fv2%2Fcomments&post=402676"}],"version-history":[{"count":0,"href":"https:\/\/www.diarioimagen.net\/index.php?rest_route=\/wp\/v2\/posts\/402676\/revisions"}],"wp:featuredmedia":[{"embeddable":true,"href":"https:\/\/www.diarioimagen.net\/index.php?rest_route=\/wp\/v2\/media\/402763"}],"wp:attachment":[{"href":"https:\/\/www.diarioimagen.net\/index.php?rest_route=%2Fwp%2Fv2%2Fmedia&parent=402676"}],"wp:term":[{"taxonomy":"category","embeddable":true,"href":"https:\/\/www.diarioimagen.net\/index.php?rest_route=%2Fwp%2Fv2%2Fcategories&post=402676"},{"taxonomy":"post_tag","embeddable":true,"href":"https:\/\/www.diarioimagen.net\/index.php?rest_route=%2Fwp%2Fv2%2Ftags&post=402676"}],"curies":[{"name":"wp","href":"https:\/\/api.w.org\/{rel}","templated":true}]}}