{"id":402694,"date":"2018-11-09T00:01:07","date_gmt":"2018-11-09T06:01:07","guid":{"rendered":"https:\/\/www.diarioimagen.net\/?p=402694"},"modified":"2018-11-09T03:18:01","modified_gmt":"2018-11-09T09:18:01","slug":"seguridad-de-cancun-en-manos-del-gobierno-estatal","status":"publish","type":"post","link":"https:\/\/www.diarioimagen.net\/?p=402694","title":{"rendered":"Seguridad de Canc\u00fan, en manos del gobierno estatal"},"content":{"rendered":"<h2>Derecho de r\u00e9plica<\/h2>\n<p>&nbsp;<\/p>\n<ul>\n<li><em><strong>Despu\u00e9s de graves conflictos, la alcaldesa Mara Lezama entrega mando policial<\/strong><\/em><\/li>\n<\/ul>\n<p>&nbsp;<\/p>\n<p>&nbsp;<\/p>\n<p>\u201cAnte esta situaci\u00f3n nos hemos reunido con autoridades federales y estatales, en conjunto, quiero informales que, hemos tomado una decisi\u00f3n: a partir de hoy ser\u00e1 el gobierno del estado y en particular el secretario de Seguridad P\u00fablica estatal, el responsable de ejecutar la estrategia para que cada manzana y cada regi\u00f3n recuperen la paz y la tranquilidad. Tambi\u00e9n ser\u00e1 responsabilidad del secretario estatal informar al Cabildo y a la ciudadan\u00eda de los avances y resultados\u201d.<\/p>\n<p>Fue as\u00ed como la alcaldesa de Benito Ju\u00e1rez, Canc\u00fan, Mara Lezama Espinosa, dej\u00f3 al mando \u00fanico la papa, no caliente, sino en llamas, en la que se convirti\u00f3 la Secretar\u00eda de Seguridad P\u00fablica Municipal, que fall\u00f3 por completo en la prevenci\u00f3n del delito, responsabilidad que ahora est\u00e1 en manos del secretario de Seguridad P\u00fablica Estatal, Jes\u00fas Alberto Capella Ibarra.<\/p>\n<p style=\"text-align: center;\"><strong>A\u00f1ejo dolor<\/strong><\/p>\n<p>Todo inici\u00f3 por el conflicto surgido al interior de Seguridad P\u00fablica Municipal, en el que polic\u00edas inconformes corrieron a empujones y jalones, al encargado de despacho, Jes\u00fas P\u00e9rez Abarca, pues aseguraron que les encarg\u00f3 tareas fuera de su competencia, como perseguir al crimen organizado, sin embargo, Capella Ibarra se\u00f1al\u00f3 a los grupos policiacos rebeldes de estar en contra de los cambios por estar coludidos con intereses ajenos a la instituci\u00f3n, en una alusi\u00f3n directa con grupos delictivos, que tienen a polic\u00edas en su n\u00f3mina.<\/p>\n<p>Pero, el conflicto en la polic\u00eda de Canc\u00fan no es nuevo, pues el a\u00f1o pasado, los agentes realizaron por lo menos tres manifestaciones, en el que se\u00f1alaron al otrora alcalde Remberto Estrada, de no pagar apoyos econ\u00f3micos ya etiquetados por la federaci\u00f3n y de no dotarlos de uniformes, m\u00e1s que s\u00f3lo para la pose frente a los medios.<\/p>\n<p>Por lo que, a la llegada de la nueva administraci\u00f3n, se agregaron los ajustes y cambios que hicieron estallar un conflicto ya latente.<\/p>\n<p>Mara Lezama no hace mal en dejar la responsabilidad, mal har\u00eda mantener la ineficacia en la prevenci\u00f3n del delito, pues los grupos delictivos rebasaron por mucho lo que la polic\u00eda local puede prevenir.<\/p>\n<p>Sin experiencia, sin recursos y equipamiento que alcance, los municipios en general est\u00e1n rebasados en cuestiones de seguridad, por lo que apegarse al mando \u00fanico es un salvavidas, eso mientras llega el megaproyecto de seguridad, que el presidente electo prometi\u00f3 desde hace muchos a\u00f1os y en el que se incluye, la desaparici\u00f3n de las polic\u00edas municipales, por corruptas e ineficientes.<\/p>\n<p style=\"text-align: center;\"><strong>Depuraci\u00f3n a fondo<\/strong><\/p>\n<p>El secretario de Seguridad P\u00fablica de Quintana Roo, Alberto Capella Ibarra, quien ahora tiene en sus manos la seguridad del principal polo tur\u00edstico del pa\u00eds, donde en lo que va del a\u00f1o se han registrado m\u00e1s de 480 ejecuciones, el periodo m\u00e1s sangriento de la historia de Canc\u00fan, anunci\u00f3 una limpieza y depuraci\u00f3n de la Polic\u00eda Municipal.<\/p>\n<p>Desde ya, y aunque el Cabildo apenas delibera el asunto, Capella Ibarra tom\u00f3 el mando de las acciones operativas, de la elecci\u00f3n de personal y en la disciplina de la polic\u00eda del municipio de Benito Ju\u00e1rez. \u00bfSer\u00e1 que ahora s\u00ed lleg\u00f3 la horma de su zapato?<\/p>\n<p>Corrupci\u00f3n, falta de resultados, \u201ccaprichitos\u201d en t\u00e9rminos de presi\u00f3n institucional y de la ausencia de desarrollo profesional, dijo Capella, la Polic\u00eda de Canc\u00fan quedar\u00e1 limpia.<\/p>\n<p>Alarmante es que el propio mando policial revele que, sin la Polic\u00eda Municipal en la calle, bajaron los delitos en un 35%.<\/p>\n<p style=\"text-align: center;\"><strong>Con el apoyo total<\/strong><\/p>\n<p>Ser\u00e1 la primera vez en la historia del estado que un municipio entregue el manejo de su polic\u00eda al gobierno estatal y el resultado que se tenga de este hecho, ser\u00e1 el que dicte al camino a seguir en el futuro en cuestiones de seguridad.<\/p>\n<p>\u201cMi jefe, el gobernador Carlos Joaqu\u00edn Gonz\u00e1lez, tiene muy claro lo que hay que hacer, yo nada m\u00e1s soy el ejecutor y esto nos va llevar a un cambio sustancial en uno de los municipios tur\u00edsticos m\u00e1s importantes del pa\u00eds\u201d. Capella Ibarra se siente seguro de lo que har\u00e1.<\/p>\n<p>Por supuesto que, ser\u00e1 la Secretar\u00eda de Marina, de la Defensa y de Polic\u00eda Federal las que respalden las acciones de Capella Ibarra, al que adem\u00e1s le tocar\u00e1, en unos cuatro meses, tener en funci\u00f3n unas mil quinientas c\u00e1maras de vigilancia con las que contar\u00e1 Canc\u00fan.<\/p>\n<p>Por cierto, que el secretario de Seguridad P\u00fablica Estatal, Jes\u00fas Alberto Capella Ibarra, tendr\u00e1 la oportunidad de mostrar en acci\u00f3n el helic\u00f3ptero \u2018El \u00c1guila 1\u2019, que presumi\u00f3 con tanto orgullo.<\/p>\n<p style=\"text-align: center;\"><strong>Bajo amenazas<\/strong><\/p>\n<p>A Capella Ibarra se le ve muy entr\u00f3n, eso pese a que revel\u00f3 que es verdad que ya tienen amenazas serias de los grupos delictivos que pelean la plaza en Canc\u00fan y que, en ese mismo paquete est\u00e1 P\u00e9rez Abarca, quien, pese a los empujones, se mantiene en su cargo.<\/p>\n<p style=\"text-align: center;\"><strong>Quintana Roo el m\u00e1s poderoso im\u00e1n de inversiones<\/strong><\/p>\n<p>El estado de Quintana Roo se consolida este a\u00f1o como el m\u00e1s poderoso im\u00e1n de inversiones y turistas, al cerrar este a\u00f1o con el 8% ciento, en tanto que China desde hace dos a\u00f1os tiene un crecimiento de 6.7%.<\/p>\n<p>De acuerdo al Instituto Nacional de Estad\u00edstica y Geograf\u00eda, el Producto Interno Bruto de Quintana Roo se increment\u00f3 7.6 por ciento en 2016 y 2017 y este a\u00f1o cerrar\u00e1 en 8%, en tanto que China desde hace dos a\u00f1os tiene un crecimiento de 6.7%.<\/p>\n<p>Seg\u00fan un informe reciente de la calificadora Lyfsoncorp, sociedad especializada en inversiones internacionales, al cierre de 2018 habr\u00e1 una expansi\u00f3n econ\u00f3mica del 8% en Quintana Roo.<\/p>\n<p>En la recta final del a\u00f1o, contin\u00faa la inversi\u00f3n en la Riviera Maya, con 8 millones de d\u00f3lares para abrir las puertas el Holiday Inn Express &amp; Suites Playa del Carmen, con un centro de negocio disponible las 24 horas, y diversas opciones para n\u00f3madas digitales.<\/p>\n<p>Las inversiones en la Riviera Maya al momento fluyen, a pesar de las adversidades, seg\u00fan el Consejo Coordinador Empresarial del Caribe y la Asociaci\u00f3n de Hoteles, con la creaci\u00f3n de nuevos centros de hospedaje, al mantenerse los destinos tur\u00edsticos en la preferencia del turismo nacional e internacional.<\/p>\n<p style=\"text-align: center;\"><strong>Uber Eats inici\u00f3 operaciones en Canc\u00fan<\/strong><\/p>\n<p>En ogtro tema, la plataforma digital de servicio a domicilio Uber Eats inici\u00f3 operaciones en Canc\u00fan, luego que 30 restaurantes se unieron para que los usuarios puedan ordenar comida de sus restaurantes favoritos y disfrutarla desde la comodidad de donde quiera que se encuentren.<\/p>\n<p>Con la aplicaci\u00f3n y la p\u00e1gina web se podr\u00e1 brindar el servicio en la Zona Hotelera y en el centro, en donde los clientes podr\u00e1n ver el estado de su pedido y personalizar el punto de entrega, lo que garantiza una espera real o en su defecto, hacer comentarios para agregar, quitar un ingrediente o dar alguna especificaci\u00f3n.<\/p>\n<p>Al igual que en otras seis ciudades de M\u00e9xico, como Cuernavaca, Mazatl\u00e1n, Villahermosa, Saltillo y Torre\u00f3n, la plataforma conf\u00eda cerrar el 2019 de manera exitosa, al mantener presencia en al menos 30 ciudades del pa\u00eds, comunic\u00f3 Rubens Pascuale, director de operaciones de Uber Eats.<\/p>\n<p>En el listado de giro de alimentos figuran: McDonald\u2019s, Chili\u2019s, Olive Garden, Krispy Kreme, Asadero Beef, La Parroquia de Veracruz, La Parrilla, Hooters, Peter Piper Pizza, Sushi Go, Woking Dead, La Taberna de los Amigos, I Famosi Pasta &amp; Wine, Los Meros de Jalisco, La Destiler\u00eda, Munchin Donuts, Kizushi, Applebee\u00b4s, La Chilanguita, ComicX, entre otros.<\/p>\n","protected":false},"excerpt":{"rendered":"<p><span style=\"color: #005497;\"><strong>Derecho de r\u00e9plica<\/strong><\/span><\/p>\n","protected":false},"author":3,"featured_media":0,"comment_status":"open","ping_status":"open","sticky":false,"template":"","format":"standard","meta":{"_monsterinsights_skip_tracking":false,"_monsterinsights_sitenote_active":false,"_monsterinsights_sitenote_note":"","_monsterinsights_sitenote_category":0,"footnotes":""},"categories":[62907],"tags":[47840,43674],"class_list":["post-402694","post","type-post","status-publish","format-standard","hentry","category-derecho-de-replica","tag-derecho-de-replica","tag-opinion"],"_links":{"self":[{"href":"https:\/\/www.diarioimagen.net\/index.php?rest_route=\/wp\/v2\/posts\/402694","targetHints":{"allow":["GET"]}}],"collection":[{"href":"https:\/\/www.diarioimagen.net\/index.php?rest_route=\/wp\/v2\/posts"}],"about":[{"href":"https:\/\/www.diarioimagen.net\/index.php?rest_route=\/wp\/v2\/types\/post"}],"author":[{"embeddable":true,"href":"https:\/\/www.diarioimagen.net\/index.php?rest_route=\/wp\/v2\/users\/3"}],"replies":[{"embeddable":true,"href":"https:\/\/www.diarioimagen.net\/index.php?rest_route=%2Fwp%2Fv2%2Fcomments&post=402694"}],"version-history":[{"count":0,"href":"https:\/\/www.diarioimagen.net\/index.php?rest_route=\/wp\/v2\/posts\/402694\/revisions"}],"wp:attachment":[{"href":"https:\/\/www.diarioimagen.net\/index.php?rest_route=%2Fwp%2Fv2%2Fmedia&parent=402694"}],"wp:term":[{"taxonomy":"category","embeddable":true,"href":"https:\/\/www.diarioimagen.net\/index.php?rest_route=%2Fwp%2Fv2%2Fcategories&post=402694"},{"taxonomy":"post_tag","embeddable":true,"href":"https:\/\/www.diarioimagen.net\/index.php?rest_route=%2Fwp%2Fv2%2Ftags&post=402694"}],"curies":[{"name":"wp","href":"https:\/\/api.w.org\/{rel}","templated":true}]}}