{"id":402798,"date":"2018-11-12T00:11:24","date_gmt":"2018-11-12T06:11:24","guid":{"rendered":"https:\/\/www.diarioimagen.net\/?p=402798"},"modified":"2018-11-12T06:02:20","modified_gmt":"2018-11-12T12:02:20","slug":"alfredo-del-mazo-pone-en-marcha-el-programa-por-un-mejor-futuro","status":"publish","type":"post","link":"https:\/\/www.diarioimagen.net\/?p=402798","title":{"rendered":"Alfredo del Mazo pone en marcha el Programa \u201cPor un Mejor Futuro\u201d"},"content":{"rendered":"<ul>\n<li><em><strong>Cruzada para impulsar Familias Fuertes<\/strong><\/em><\/li>\n<li><em><strong>El gobierno brindar\u00e1 apoyo educativo a mujeres j\u00f3venes<\/strong><\/em><\/li>\n<\/ul>\n<p>&nbsp;<\/p>\n<div id=\"attachment_402925\" style=\"width: 470px\" class=\"wp-caption aligncenter\"><a href=\"https:\/\/www.diarioimagen.net\/?attachment_id=402925\" rel=\"attachment wp-att-402925\"><img loading=\"lazy\" decoding=\"async\" aria-describedby=\"caption-attachment-402925\" class=\"size-large wp-image-402925\" src=\"https:\/\/www.diarioimagen.net\/wp-content\/uploads\/2018\/11\/del-mazo-3496-460x259.jpg\" alt=\"\" width=\"460\" height=\"259\" srcset=\"https:\/\/www.diarioimagen.net\/wp-content\/uploads\/2018\/11\/del-mazo-3496-460x259.jpg 460w, https:\/\/www.diarioimagen.net\/wp-content\/uploads\/2018\/11\/del-mazo-3496-240x135.jpg 240w, https:\/\/www.diarioimagen.net\/wp-content\/uploads\/2018\/11\/del-mazo-3496-235x132.jpg 235w, https:\/\/www.diarioimagen.net\/wp-content\/uploads\/2018\/11\/del-mazo-3496-202x114.jpg 202w, https:\/\/www.diarioimagen.net\/wp-content\/uploads\/2018\/11\/del-mazo-3496-350x196.jpg 350w, https:\/\/www.diarioimagen.net\/wp-content\/uploads\/2018\/11\/del-mazo-3496-220x123.jpg 220w, https:\/\/www.diarioimagen.net\/wp-content\/uploads\/2018\/11\/del-mazo-3496-237x132.jpg 237w, https:\/\/www.diarioimagen.net\/wp-content\/uploads\/2018\/11\/del-mazo-3496.jpg 480w\" sizes=\"auto, (max-width: 460px) 100vw, 460px\" \/><\/a><p id=\"caption-attachment-402925\" class=\"wp-caption-text\">El mandatario estatal se\u00f1al\u00f3 que este programa tiene como finalidad apoyar la econom\u00eda de este sector de la poblaci\u00f3n.<\/p><\/div>\n<p>&nbsp;<\/p>\n<p><strong>Toluca, Estado de M\u00e9xico<\/strong>.- El gobernador Alfredo Del Mazo Maza puso en marcha el programa Familias fuertes: Por un mejor futuro, el cual consiste en apoyar con recursos econ\u00f3micos a mujeres menores de 20 a\u00f1os que son mam\u00e1s o que est\u00e1n embarazadas, adem\u00e1s de brindarles la oportunidad de continuar de manera gratuita con sus estudios a trav\u00e9s de la Universidad Digital, as\u00ed como aprender alg\u00fan oficio en el Instituto de Capacitaci\u00f3n y Adiestramiento para el Trabajo Industrial (ICATI).<\/p>\n<p>Indic\u00f3 que en 2017 en el Estado de M\u00e9xico se registraron m\u00e1s de 50 mil nacimientos de mam\u00e1s menores de 20 a\u00f1os, de ah\u00ed la importancia de impulsar este tipo de programas que respaldan el desarrollo de estas mujeres mexiquenses y sus hijos, para que crezcan sanos y fuertes.<\/p>\n<p>\u201cY por eso estamos aqu\u00ed el d\u00eda de hoy, para ayudar a las mam\u00e1s j\u00f3venes, en especial a quienes tienen menos de 20 a\u00f1os de edad\u201d.<\/p>\n<p>\u201cY hoy estamos aqu\u00ed porque queremos apoyarlas, porque sabemos lo importante que es para ustedes sentirse respaldadas en este momento.<\/p>\n<p>\u201cSiempre que viene un beb\u00e9 en la familia, siempre nos preocupamos de tener todo lo necesario para que crezca, para alimentarlo, para darle su ropita, para que est\u00e9 bien en la casa, y eso significa tiempo de ustedes que tienen que dejar de hacer otras cosas, tiempo de la familia, porque tambi\u00e9n la familia les ayuda\u201d, expres\u00f3.<\/p>\n<p>El mandatario estatal se\u00f1al\u00f3 que este programa tiene como finalidad apoyar la econom\u00eda de este sector de la poblaci\u00f3n, ya que la llegada de un beb\u00e9 incrementa los gastos familiares, por ello, recibir\u00e1n mil pesos mensuales, durante 10 meses, para apoyarlas durante el proceso de embarazo o los primeros meses de vida de sus hijos.<\/p>\n<p>Puntualiz\u00f3 que a trav\u00e9s del ICATI se les acercar\u00e1n los talleres y cursos que ofrece esta instituci\u00f3n para que puedan aprender alg\u00fan oficio, como gastronom\u00eda, corte y confecci\u00f3n y computaci\u00f3n, entre otros, y as\u00ed generar ingresos adicionales para sus hogares.<\/p>\n<p>Manifest\u00f3 que tambi\u00e9n para ayudar a quienes tuvieron que dejar sus estudios, a trav\u00e9s de la Universidad Digital podr\u00e1n encontrar una opci\u00f3n para terminar su bachillerato e incluso secundaria, instituci\u00f3n que les da la posibilidad de tomar sus clases en l\u00ednea, lo que les permite estar con sus beb\u00e9s y al mismo tiempo realizar sus estudios.<\/p>\n<p>\u201cPero hay algo muy importante, yo quiero que no dejen sus estudios. Quienes tuvieron que dejar el bachillerato o la secundaria tal vez algunas, por cuidar a sus beb\u00e9s, yo les quiero ayudar a que sigan sus estudios.<\/p>\n<p>\u201cY por eso, el d\u00eda de hoy le pido aqu\u00ed al secretario de Educaci\u00f3n y al secretario de Desarrollo Social, a Eric Sevilla y Alejandro Fern\u00e1ndez, que de la mano de la Universidad Digital podamos ayudarle a todas las mam\u00e1s menores de 20 a\u00f1os que quieran seguir sus estudios y que quieran acabar su bachillerato, que de manera gratuita les apoyemos a trav\u00e9s de la Universidad Digital para que puedan seguir sus estudios de bachillerato\u201d.<\/p>\n<p>Del Mazo Maza reconoci\u00f3 la labor que hacen para sacar adelante y educar a sus hijos, ya que, dijo, las madres de familia son quienes cuidan, respaldan y ense\u00f1an valores a los peque\u00f1os, adem\u00e1s de ser la mayor esperanza de las ni\u00f1as y ni\u00f1os.<\/p>\n<p>Asimismo, reiter\u00f3 el compromiso de la administraci\u00f3n estatal de seguir apoyando y respaldando a las mam\u00e1s j\u00f3venes de la entidad.<\/p>\n<p>Eric Sevilla Montes de Oca, titular de Desarrollo Social, por su parte, explic\u00f3 que siguiendo la instrucci\u00f3n del gobernador Alfredo Del Mazo se atender\u00e1 a las mujeres j\u00f3venes que son mam\u00e1s, porque un hijo debe ser motivo de aliento, superaci\u00f3n y desarrollo, por lo que el gobierno del Estado de M\u00e9xico ser\u00e1 precisamente un incentivador de ese desarrollo.<\/p>\n<p>Dijo que el programa Por un mejor futuro ten\u00eda un antecedente donde se entregaba una canasta alimentaria y ahora se otorgar\u00e1 un apoyo monetario para que lo utilicen en lo que m\u00e1s lo necesiten y para que puedan desarrollar sus capacidades, as\u00ed como prepararles con opciones educativas y de capacitaci\u00f3n y desarrollo para todas las mujeres mexiquenses.<\/p>\n<p>En este evento, el mandatario estatal entreg\u00f3 tarjetas del programa Por un mejor futuro a mujeres mexiquenses de 44 municipios de la entidad.<\/p>\n","protected":false},"excerpt":{"rendered":"<p>El gobernador Alfredo Del Mazo Maza puso en marcha el programa Familias fuertes: Por un mejor futuro, el cual consiste en apoyar con recursos econ\u00f3micos a mujeres menores de 20 a\u00f1os que son mam\u00e1s o que est\u00e1n embarazadas, adem\u00e1s de brindarles la oportunidad de continuar de manera gratuita con sus estudios a trav\u00e9s de la Universidad Digital, as\u00ed como aprender alg\u00fan oficio en el Instituto de Capacitaci\u00f3n y Adiestramiento para el Trabajo Industrial (ICATI).<\/p>\n","protected":false},"author":3,"featured_media":402925,"comment_status":"open","ping_status":"open","sticky":false,"template":"","format":"standard","meta":{"_monsterinsights_skip_tracking":false,"_monsterinsights_sitenote_active":false,"_monsterinsights_sitenote_note":"","_monsterinsights_sitenote_category":0,"footnotes":""},"categories":[5],"tags":[2505,43675,79993,452],"class_list":["post-402798","post","type-post","status-publish","format-standard","has-post-thumbnail","hentry","category-estado-de-mexico","tag-alfredo-del-mazo-maza","tag-estado-de-mexico","tag-por-un-mejor-futuro","tag-toluca"],"_links":{"self":[{"href":"https:\/\/www.diarioimagen.net\/index.php?rest_route=\/wp\/v2\/posts\/402798","targetHints":{"allow":["GET"]}}],"collection":[{"href":"https:\/\/www.diarioimagen.net\/index.php?rest_route=\/wp\/v2\/posts"}],"about":[{"href":"https:\/\/www.diarioimagen.net\/index.php?rest_route=\/wp\/v2\/types\/post"}],"author":[{"embeddable":true,"href":"https:\/\/www.diarioimagen.net\/index.php?rest_route=\/wp\/v2\/users\/3"}],"replies":[{"embeddable":true,"href":"https:\/\/www.diarioimagen.net\/index.php?rest_route=%2Fwp%2Fv2%2Fcomments&post=402798"}],"version-history":[{"count":0,"href":"https:\/\/www.diarioimagen.net\/index.php?rest_route=\/wp\/v2\/posts\/402798\/revisions"}],"wp:featuredmedia":[{"embeddable":true,"href":"https:\/\/www.diarioimagen.net\/index.php?rest_route=\/wp\/v2\/media\/402925"}],"wp:attachment":[{"href":"https:\/\/www.diarioimagen.net\/index.php?rest_route=%2Fwp%2Fv2%2Fmedia&parent=402798"}],"wp:term":[{"taxonomy":"category","embeddable":true,"href":"https:\/\/www.diarioimagen.net\/index.php?rest_route=%2Fwp%2Fv2%2Fcategories&post=402798"},{"taxonomy":"post_tag","embeddable":true,"href":"https:\/\/www.diarioimagen.net\/index.php?rest_route=%2Fwp%2Fv2%2Ftags&post=402798"}],"curies":[{"name":"wp","href":"https:\/\/api.w.org\/{rel}","templated":true}]}}