{"id":402813,"date":"2018-11-12T00:10:07","date_gmt":"2018-11-12T06:10:07","guid":{"rendered":"https:\/\/www.diarioimagen.net\/?p=402813"},"modified":"2018-11-12T05:54:17","modified_gmt":"2018-11-12T11:54:17","slug":"renuncia-felipe-calderon-al-pan-y-expone-razones","status":"publish","type":"post","link":"https:\/\/www.diarioimagen.net\/?p=402813","title":{"rendered":"Renuncia Felipe Calder\u00f3n al PAN y expone razones"},"content":{"rendered":"<ul>\n<li><strong><em>Perfil\u00f3 con ello el triunfo de Marko Cort\u00e9s a la dirigencia nacional azul<\/em><\/strong><\/li>\n<\/ul>\n<p>&nbsp;<\/p>\n<div id=\"attachment_402916\" style=\"width: 470px\" class=\"wp-caption aligncenter\"><a href=\"https:\/\/www.diarioimagen.net\/?attachment_id=402916\" rel=\"attachment wp-att-402916\"><img loading=\"lazy\" decoding=\"async\" aria-describedby=\"caption-attachment-402916\" class=\"size-large wp-image-402916\" src=\"https:\/\/www.diarioimagen.net\/wp-content\/uploads\/2018\/11\/calderon-460x259.jpg\" alt=\"\" width=\"460\" height=\"259\" srcset=\"https:\/\/www.diarioimagen.net\/wp-content\/uploads\/2018\/11\/calderon-460x259.jpg 460w, https:\/\/www.diarioimagen.net\/wp-content\/uploads\/2018\/11\/calderon-240x135.jpg 240w, https:\/\/www.diarioimagen.net\/wp-content\/uploads\/2018\/11\/calderon-235x132.jpg 235w, https:\/\/www.diarioimagen.net\/wp-content\/uploads\/2018\/11\/calderon-202x114.jpg 202w, https:\/\/www.diarioimagen.net\/wp-content\/uploads\/2018\/11\/calderon-350x196.jpg 350w, https:\/\/www.diarioimagen.net\/wp-content\/uploads\/2018\/11\/calderon-220x123.jpg 220w, https:\/\/www.diarioimagen.net\/wp-content\/uploads\/2018\/11\/calderon-237x132.jpg 237w, https:\/\/www.diarioimagen.net\/wp-content\/uploads\/2018\/11\/calderon.jpg 480w\" sizes=\"auto, (max-width: 460px) 100vw, 460px\" \/><\/a><p id=\"caption-attachment-402916\" class=\"wp-caption-text\">Con la renuncia ayer de Felipe Calder\u00f3n al PAN, se fueron 30 a\u00f1os de militancia dentro del instituto pol\u00edtico.<\/p><\/div>\n<p>&nbsp;<\/p>\n<p>El ex presidente\u00a0Felipe Calder\u00f3n renunci\u00f3 ayer al Partido Acci\u00f3n Nacional (PAN) que lo llev\u00f3 a ser diputado y presidente de la Rep\u00fablica.<\/p>\n<p>Luego de votar en las elecciones internas del PAN a favor de Manuel G\u00f3mez Mor\u00edn,\u00a0Calder\u00f3n Hinojosa present\u00f3 su renuncia\u00a0por medio de una carta dirigida al presidente del Comit\u00e9 Ejecutivo Nacional (CEN), Marcelo Torres Cofi\u00f1o.<\/p>\n<p>Estas fueron sus razones para dimitir a su instituto pol\u00edtico:<\/p>\n<p>\u201cPorque la camarilla que controla al partido ha abandonado por completo los principios fundamentales, las ideas b\u00e1sicas y las propuestas del PAN\u201d, argument\u00f3 el ex mandatario Calder\u00f3n Hinojosa.<\/p>\n<p>Desde la semana pasada, quien fuera el segundo presidente panista, despu\u00e9s de\u00a0Vicente Fox, hab\u00eda anticipado que renunciar\u00eda al PAN si su candidato no ganaba la contienda interna para la dirigencia nacional panista y al parecer desde el medio d\u00eda fue informado que G\u00f3mez Mor\u00edn no juntaba los votos para presidir a Acci\u00f3n Nacional.<\/p>\n<p>Calder\u00f3n Hinojosa estuvo distanciado del PAN desde la dirigencia de\u00a0Gustavo Madero y recientemente durante la dirigencia de Ricardo Anaya. El rechazo de\u00a0Felipe Calder\u00f3n\u00a0en contra de Anaya y su candidato al CEN, Marko Cort\u00e9s, tiene como premisa la marginaci\u00f3n que el anayismo realiz\u00f3 al interior del PAN en contra de la esposa del ex presidente,\u00a0Margarita Zavala,\u00a0para cerrarle a como diera lugar la posibilidad de ser candidata presidencial, lo que la orill\u00f3 a renunciar en 2017 a las filas del partido.<\/p>\n<p>Calder\u00f3n Hinojosa tuvo en su cuenta de Twitter recientemente una frase lapidaria en contra de Marko Cort\u00e9s, a quien acus\u00f3 de aprender bien de \u201csu maestro\u201d y ahora traicionar a Ricardo Anaya, deslind\u00e1ndose del ex abanderado presidencial. Dijo lo siguiente:<\/p>\n<p>\u201cLa esencia de Marko Cort\u00e9s es la traici\u00f3n, la corrupci\u00f3n y la hipocres\u00eda. Ahora traiciona hasta al propio Ricardo Anaya. No digo que no lo merezca, pero por lo menos se hubiera aguantado un poco antes de descararse para evadir su responsabilidad en el desastre del PAN\u201d, apunt\u00f3 el ex presidente. Con la carta-renuncia de Felipe Calder\u00f3n se fueron 30 a\u00f1os de militancia dentro del panismo y la puntualidad con la que difundi\u00f3 su carta-renuncia perfil\u00f3 la victoria de\u00a0Marko Cort\u00e9s Mendoza\u00a0a la dirigencia nacional de dicho instituto pol\u00edtico, al que se esperan renuncias similares a las de Calder\u00f3n Hinojosa.<\/p>\n","protected":false},"excerpt":{"rendered":"<p>El ex presidente Felipe Calder\u00f3n renunci\u00f3 ayer al Partido Acci\u00f3n Nacional (PAN) que lo llev\u00f3 a ser diputado y presidente de la Rep\u00fablica. Luego de votar en las elecciones internas del PAN a favor de Manuel G\u00f3mez Mor\u00edn, Calder\u00f3n Hinojosa present\u00f3 su renuncia por medio de una carta dirigida al presidente del Comit\u00e9 Ejecutivo Nacional (CEN), Marcelo Torres Cofi\u00f1o.<\/p>\n","protected":false},"author":3,"featured_media":402916,"comment_status":"open","ping_status":"open","sticky":false,"template":"","format":"standard","meta":{"_monsterinsights_skip_tracking":false,"_monsterinsights_sitenote_active":false,"_monsterinsights_sitenote_note":"","_monsterinsights_sitenote_category":0,"footnotes":""},"categories":[3],"tags":[34996,43673,91,13463],"class_list":["post-402813","post","type-post","status-publish","format-standard","has-post-thumbnail","hentry","category-nacional","tag-felipe-calderon-hinojosa","tag-nacional","tag-pan","tag-renuncia"],"_links":{"self":[{"href":"https:\/\/www.diarioimagen.net\/index.php?rest_route=\/wp\/v2\/posts\/402813","targetHints":{"allow":["GET"]}}],"collection":[{"href":"https:\/\/www.diarioimagen.net\/index.php?rest_route=\/wp\/v2\/posts"}],"about":[{"href":"https:\/\/www.diarioimagen.net\/index.php?rest_route=\/wp\/v2\/types\/post"}],"author":[{"embeddable":true,"href":"https:\/\/www.diarioimagen.net\/index.php?rest_route=\/wp\/v2\/users\/3"}],"replies":[{"embeddable":true,"href":"https:\/\/www.diarioimagen.net\/index.php?rest_route=%2Fwp%2Fv2%2Fcomments&post=402813"}],"version-history":[{"count":0,"href":"https:\/\/www.diarioimagen.net\/index.php?rest_route=\/wp\/v2\/posts\/402813\/revisions"}],"wp:featuredmedia":[{"embeddable":true,"href":"https:\/\/www.diarioimagen.net\/index.php?rest_route=\/wp\/v2\/media\/402916"}],"wp:attachment":[{"href":"https:\/\/www.diarioimagen.net\/index.php?rest_route=%2Fwp%2Fv2%2Fmedia&parent=402813"}],"wp:term":[{"taxonomy":"category","embeddable":true,"href":"https:\/\/www.diarioimagen.net\/index.php?rest_route=%2Fwp%2Fv2%2Fcategories&post=402813"},{"taxonomy":"post_tag","embeddable":true,"href":"https:\/\/www.diarioimagen.net\/index.php?rest_route=%2Fwp%2Fv2%2Ftags&post=402813"}],"curies":[{"name":"wp","href":"https:\/\/api.w.org\/{rel}","templated":true}]}}