{"id":402824,"date":"2018-11-12T00:09:53","date_gmt":"2018-11-12T06:09:53","guid":{"rendered":"https:\/\/www.diarioimagen.net\/?p=402824"},"modified":"2018-11-12T06:17:24","modified_gmt":"2018-11-12T12:17:24","slug":"los-priistas-no-estamos-solos-para-defender-a-los-izcallenses-arturo-del-moral-castro","status":"publish","type":"post","link":"https:\/\/www.diarioimagen.net\/?p=402824","title":{"rendered":"Los pri\u00edstas no estamos solos para defender a los izcallenses: Arturo Del Moral Castro"},"content":{"rendered":"<ul>\n<li><strong><em>Presentan a regidores del tricolor<\/em><\/strong><\/li>\n<\/ul>\n<p>&nbsp;<\/p>\n<div id=\"attachment_402928\" style=\"width: 470px\" class=\"wp-caption aligncenter\"><a href=\"https:\/\/www.diarioimagen.net\/?attachment_id=402928\" rel=\"attachment wp-att-402928\"><img loading=\"lazy\" decoding=\"async\" aria-describedby=\"caption-attachment-402928\" class=\"size-large wp-image-402928\" src=\"https:\/\/www.diarioimagen.net\/wp-content\/uploads\/2018\/11\/CUAUTITLAN-3496-460x259.jpg\" alt=\"\" width=\"460\" height=\"259\" srcset=\"https:\/\/www.diarioimagen.net\/wp-content\/uploads\/2018\/11\/CUAUTITLAN-3496-460x259.jpg 460w, https:\/\/www.diarioimagen.net\/wp-content\/uploads\/2018\/11\/CUAUTITLAN-3496-240x135.jpg 240w, https:\/\/www.diarioimagen.net\/wp-content\/uploads\/2018\/11\/CUAUTITLAN-3496-235x132.jpg 235w, https:\/\/www.diarioimagen.net\/wp-content\/uploads\/2018\/11\/CUAUTITLAN-3496-202x114.jpg 202w, https:\/\/www.diarioimagen.net\/wp-content\/uploads\/2018\/11\/CUAUTITLAN-3496-350x196.jpg 350w, https:\/\/www.diarioimagen.net\/wp-content\/uploads\/2018\/11\/CUAUTITLAN-3496-220x123.jpg 220w, https:\/\/www.diarioimagen.net\/wp-content\/uploads\/2018\/11\/CUAUTITLAN-3496-237x132.jpg 237w, https:\/\/www.diarioimagen.net\/wp-content\/uploads\/2018\/11\/CUAUTITLAN-3496.jpg 480w\" sizes=\"auto, (max-width: 460px) 100vw, 460px\" \/><\/a><p id=\"caption-attachment-402928\" class=\"wp-caption-text\">Arturo Del Moral Castro dijo que la modernidad construida por el PRI en muchas d\u00e9cadas no va a caerse en los pr\u00f3ximos 6 a\u00f1os, ya que pareciera ser que el nuevo gobierno va en contra de las instituciones.<\/p><\/div>\n<p>&nbsp;<\/p>\n<p><strong>Cuautitl\u00e1n Izcalli, Estado de M\u00e9xico<\/strong>.- \u201cHoy los pri\u00edstas tenemos la gran oportunidad de demostrar de qu\u00e9 estamos hechos; porque el PRI nos ha dado a los mexicanos todos los beneficios\u00a0 que tenemos en el pa\u00eds.<\/p>\n<p>El Revolucionario Institucional es quien ha hecho todo lo que tenemos en estos tiempos modernos \u201c, sostuvo con vehemencia el d\u00e9cimo quinto regidor electo del ayuntamiento de Cuautitl\u00e1n Izcalli 2019-2021, Arturo Del Moral Castro.<\/p>\n<p>Lo anterior, en el marco de la presentaci\u00f3n de los regidores electos del tricolor ante la militancia pri del tricoloregidoresoral Castr\u00a0 fotograf\u00edsta izcallense; Diana Hilda Ramos, d\u00e9cimo cuarta regidora electa y del mismo Arturo Del Moral Castro, d\u00e9cimo quinto regidor electo, respectivamente. Estuvieron presentes en este acto,\u00a0 la\u00a0 delegada especial en funciones como presidenta del Comit\u00e9 Directivo Municipal del tricolor en Cuautitl\u00e1n Izcalli, maestra Elvia Hern\u00e1ndez; adem\u00e1s de integrantes de la dirigencia priista de esta localidad.<\/p>\n<p>En su mensaje, Del Moral Castro dijo que la modernidad construida por el PRI en muchas d\u00e9cadas no va a caerse en los pr\u00f3ximos 6 a\u00f1os, ya que pareciera ser que el nuevo gobierno va en contra de las instituciones; sin embargo el Partido Revolucionario Institucional va a demostrar, hoy como oposici\u00f3n, que no solamente se dedicar\u00e1 a criticar y denostar como Morena lo ha hecho para llegar a un cargo p\u00fablico como ahora lo tienen en contra de quienes trabajamos muchos a\u00f1os para lograr un beneficio social\u201d, explic\u00f3 el regidor pri\u00edsta.<\/p>\n<p>El edil que los pri\u00edstas izcallenses no est\u00e1n solos en este nuevo reto, porque cuentan con el total apoyo de una mujer que est\u00e1 comprometida con sus vecinos; la dirigente estatal de su partido (PRI), Alejandra Del Moral Vela; adem\u00e1s del gobernador Alfredo Del Mazo, quien con su ejemplo de trabajo y entrega con todos los mexiquenses, est\u00e1 demostrando como se consolida el progreso y bienestar de la entidad para todos los mexiquenses por igual, sin distingo partidista.<\/p>\n<p>Arturo Del Moral Castro reiter\u00f3 que \u201choy el PRI tiene la oportunidad de demostrar con hechos de qu\u00e9 estamos hechos y vamos a salir adelante para que la gente lo sepa y vamos a trabajar juntos con los izcallenses\u201d.<\/p>\n<p>Resalt\u00f3 que la militancia es la base del partido, \u201ctenemos que reconocerla; esta reuni\u00f3n que hoy tenemos es para la militancia y con la militancia, ya que los resultados que hoy tenemos, son consecuencia de que nos olvidamos en gran medida de ellos\u201d, se\u00f1al\u00f3 el d\u00e9cimo quinto regidor del pr\u00f3ximo ayuntamiento.<\/p>\n<p>Al referirse al tema de la transici\u00f3n con el que ser\u00e1 con el nuevo gobierno municipal de Cuautitl\u00e1n Izcalli, Arturo Del Moral Castro, detall\u00f3 que ya tuvo la oportunidad de platicar con el alcalde electo, Ricardo N\u00fa\u00f1ez, y fue puntual en el sentido de que los pri\u00edstas est\u00e1n dispuestos en apoyarlo en la transici\u00f3n; \u201cSin embargo seguimos en \u201cespera de ser convocados,\u00a0 ya que nos dijo que s\u00ed, pero no nos dijo cu\u00e1ndo\u201d.<\/p>\n<p>\u201cNo s\u00e9 en que etapa vaya el alcalde electo en el tema de la transici\u00f3n, pero no hemos vuelto a tener un acercamiento en ese sentido\u201d, concluy\u00f3, Arturo Del Moral Castro.<\/p>\n","protected":false},"excerpt":{"rendered":"<p>\u201cHoy los pri\u00edstas tenemos la gran oportunidad de demostrar de qu\u00e9 estamos hechos; porque el PRI nos ha dado a los mexicanos todos los beneficios  que tenemos en el pa\u00eds.<\/p>\n","protected":false},"author":3,"featured_media":402928,"comment_status":"open","ping_status":"open","sticky":false,"template":"","format":"standard","meta":{"_monsterinsights_skip_tracking":false,"_monsterinsights_sitenote_active":false,"_monsterinsights_sitenote_note":"","_monsterinsights_sitenote_category":0,"footnotes":""},"categories":[35155],"tags":[79998,971,43675],"class_list":["post-402824","post","type-post","status-publish","format-standard","has-post-thumbnail","hentry","category-estado-de-mexico-estado-de-mexico","tag-arturo-del-moral-castro","tag-cuautitlan-izcalli","tag-estado-de-mexico"],"_links":{"self":[{"href":"https:\/\/www.diarioimagen.net\/index.php?rest_route=\/wp\/v2\/posts\/402824","targetHints":{"allow":["GET"]}}],"collection":[{"href":"https:\/\/www.diarioimagen.net\/index.php?rest_route=\/wp\/v2\/posts"}],"about":[{"href":"https:\/\/www.diarioimagen.net\/index.php?rest_route=\/wp\/v2\/types\/post"}],"author":[{"embeddable":true,"href":"https:\/\/www.diarioimagen.net\/index.php?rest_route=\/wp\/v2\/users\/3"}],"replies":[{"embeddable":true,"href":"https:\/\/www.diarioimagen.net\/index.php?rest_route=%2Fwp%2Fv2%2Fcomments&post=402824"}],"version-history":[{"count":0,"href":"https:\/\/www.diarioimagen.net\/index.php?rest_route=\/wp\/v2\/posts\/402824\/revisions"}],"wp:featuredmedia":[{"embeddable":true,"href":"https:\/\/www.diarioimagen.net\/index.php?rest_route=\/wp\/v2\/media\/402928"}],"wp:attachment":[{"href":"https:\/\/www.diarioimagen.net\/index.php?rest_route=%2Fwp%2Fv2%2Fmedia&parent=402824"}],"wp:term":[{"taxonomy":"category","embeddable":true,"href":"https:\/\/www.diarioimagen.net\/index.php?rest_route=%2Fwp%2Fv2%2Fcategories&post=402824"},{"taxonomy":"post_tag","embeddable":true,"href":"https:\/\/www.diarioimagen.net\/index.php?rest_route=%2Fwp%2Fv2%2Ftags&post=402824"}],"curies":[{"name":"wp","href":"https:\/\/api.w.org\/{rel}","templated":true}]}}