{"id":402826,"date":"2018-11-12T00:08:51","date_gmt":"2018-11-12T06:08:51","guid":{"rendered":"https:\/\/www.diarioimagen.net\/?p=402826"},"modified":"2018-11-12T06:32:19","modified_gmt":"2018-11-12T12:32:19","slug":"siempre-sera-reconocido-el-talento-de-los-jovenes-denisse-ugalde-alegria","status":"publish","type":"post","link":"https:\/\/www.diarioimagen.net\/?p=402826","title":{"rendered":"Siempre ser\u00e1 reconocido el talento de los j\u00f3venes: Denisse Ugalde Alegr\u00eda"},"content":{"rendered":"<ul>\n<li><strong><em>Entregan premios del concurso de fotograf\u00eda<\/em><\/strong><\/li>\n<\/ul>\n<p>&nbsp;<\/p>\n<div id=\"attachment_402931\" style=\"width: 470px\" class=\"wp-caption aligncenter\"><a href=\"https:\/\/www.diarioimagen.net\/?attachment_id=402931\" rel=\"attachment wp-att-402931\"><img loading=\"lazy\" decoding=\"async\" aria-describedby=\"caption-attachment-402931\" class=\"size-large wp-image-402931\" src=\"https:\/\/www.diarioimagen.net\/wp-content\/uploads\/2018\/11\/TLALNEPANTLA-12-460x259.jpg\" alt=\"\" width=\"460\" height=\"259\" srcset=\"https:\/\/www.diarioimagen.net\/wp-content\/uploads\/2018\/11\/TLALNEPANTLA-12-460x259.jpg 460w, https:\/\/www.diarioimagen.net\/wp-content\/uploads\/2018\/11\/TLALNEPANTLA-12-240x135.jpg 240w, https:\/\/www.diarioimagen.net\/wp-content\/uploads\/2018\/11\/TLALNEPANTLA-12-235x132.jpg 235w, https:\/\/www.diarioimagen.net\/wp-content\/uploads\/2018\/11\/TLALNEPANTLA-12-202x114.jpg 202w, https:\/\/www.diarioimagen.net\/wp-content\/uploads\/2018\/11\/TLALNEPANTLA-12-350x196.jpg 350w, https:\/\/www.diarioimagen.net\/wp-content\/uploads\/2018\/11\/TLALNEPANTLA-12-220x123.jpg 220w, https:\/\/www.diarioimagen.net\/wp-content\/uploads\/2018\/11\/TLALNEPANTLA-12-237x132.jpg 237w, https:\/\/www.diarioimagen.net\/wp-content\/uploads\/2018\/11\/TLALNEPANTLA-12.jpg 480w\" sizes=\"auto, (max-width: 460px) 100vw, 460px\" \/><\/a><p id=\"caption-attachment-402931\" class=\"wp-caption-text\">Denisse Ugalde Alegr\u00eda premi\u00f3 a Mauricio Santiago, Silvia Pamela Res\u00e9ndiz Guzm\u00e1n y\u00a0 Marco Guti\u00e9rrez, ganadores del primer lugar en las categor\u00edas \u201cFotograf\u00eda con c\u00e1mara digital\u201d.<\/p><\/div>\n<p>&nbsp;<\/p>\n<p><strong>Tlalnepantla, Estado de M\u00e9xico<\/strong>.- Mirar las im\u00e1genes y momentos de Tlalnepantla\u00a0 con la visi\u00f3n los j\u00f3venes, es fortalecer la identidad de las 265 colonias que conforman el municipio, manifest\u00f3 la alcaldesa Denisse Ugalde Alegr\u00eda, al entregar los premios y reconocimientos a quienes participaron en\u00a0 el primer concurso de fotograf\u00eda \u201cTlalne bajo la lente joven\u201d.<\/p>\n<p>Luego de felicitar a las personas ganadoras, la presidenta municipal resalt\u00f3 que fomentar la participaci\u00f3n de los j\u00f3venes en estas actividades, es parte de la pol\u00edtica de prevenci\u00f3n social de la violencia y la delincuencia, al mismo tiempo que se resaltan los aspectos positivos que hay en las comunidades.<\/p>\n<p>Denisse Ugalde record\u00f3 que el Instituto Municipal de la Juventud\u00a0 convoc\u00f3 a las personas a retratar sitios de emblem\u00e1ticos de Tlalnepantla, que expresen su orgullo por vivir en la Tierra de Enmedio, fortaleciendo as\u00ed sus ra\u00edces e\u00a0 identidad para abonar a la construcci\u00f3n de una cultura de paz.<\/p>\n<p>En esta ceremonia, la alcaldesa premi\u00f3 a Mauricio Santiago, Silvia Pamela Res\u00e9ndiz Guzm\u00e1n y\u00a0 Marco Guti\u00e9rrez, ganadores del primer lugar en las categor\u00edas \u201cFotograf\u00eda con c\u00e1mara digital\u201d, \u201cFotograf\u00eda con dispositivo m\u00f3vil\u201d y \u201cFotograf\u00eda panor\u00e1mica\u201d, respectivamente.<\/p>\n<p>Por su parte, Alejandra Rangel D\u00edaz, titular del Instituto Municipal de la Juventud, destac\u00f3 que participaron 100 j\u00f3venes de distintas comunidades, quienes fotografiaron los sitios m\u00e1s representativos de Tlalnepantla.<\/p>\n<p>Detall\u00f3 que el objetivo era retratar aquellas zonas que les despiertan diferentes emociones, \u00a0resaltando usos, costumbres y tradiciones, tales como gente trabajando, comercios o vendedores.<\/p>\n<p>La titular del Instituto de la Juventud puntualiz\u00f3 que este concurso es una m\u00e1s de las acciones emprendidas por esta dependencia municipal, mediante las cuales se ha favorecido a m\u00e1s de dos mil j\u00f3venes.<\/p>\n","protected":false},"excerpt":{"rendered":"<p>Mirar las im\u00e1genes y momentos de Tlalnepantla  con la visi\u00f3n los j\u00f3venes, es fortalecer la identidad de las 265 colonias que conforman el municipio, manifest\u00f3 la alcaldesa Denisse Ugalde Alegr\u00eda, al entregar los premios y reconocimientos a quienes participaron en  el primer concurso de fotograf\u00eda \u201cTlalne bajo la lente joven\u201d.<\/p>\n","protected":false},"author":3,"featured_media":402931,"comment_status":"open","ping_status":"open","sticky":false,"template":"","format":"standard","meta":{"_monsterinsights_skip_tracking":false,"_monsterinsights_sitenote_active":false,"_monsterinsights_sitenote_note":"","_monsterinsights_sitenote_category":0,"footnotes":""},"categories":[35155],"tags":[45490,43675,169],"class_list":["post-402826","post","type-post","status-publish","format-standard","has-post-thumbnail","hentry","category-estado-de-mexico-estado-de-mexico","tag-denisse-ugalde-alegria","tag-estado-de-mexico","tag-tlalnepantla"],"_links":{"self":[{"href":"https:\/\/www.diarioimagen.net\/index.php?rest_route=\/wp\/v2\/posts\/402826","targetHints":{"allow":["GET"]}}],"collection":[{"href":"https:\/\/www.diarioimagen.net\/index.php?rest_route=\/wp\/v2\/posts"}],"about":[{"href":"https:\/\/www.diarioimagen.net\/index.php?rest_route=\/wp\/v2\/types\/post"}],"author":[{"embeddable":true,"href":"https:\/\/www.diarioimagen.net\/index.php?rest_route=\/wp\/v2\/users\/3"}],"replies":[{"embeddable":true,"href":"https:\/\/www.diarioimagen.net\/index.php?rest_route=%2Fwp%2Fv2%2Fcomments&post=402826"}],"version-history":[{"count":0,"href":"https:\/\/www.diarioimagen.net\/index.php?rest_route=\/wp\/v2\/posts\/402826\/revisions"}],"wp:featuredmedia":[{"embeddable":true,"href":"https:\/\/www.diarioimagen.net\/index.php?rest_route=\/wp\/v2\/media\/402931"}],"wp:attachment":[{"href":"https:\/\/www.diarioimagen.net\/index.php?rest_route=%2Fwp%2Fv2%2Fmedia&parent=402826"}],"wp:term":[{"taxonomy":"category","embeddable":true,"href":"https:\/\/www.diarioimagen.net\/index.php?rest_route=%2Fwp%2Fv2%2Fcategories&post=402826"},{"taxonomy":"post_tag","embeddable":true,"href":"https:\/\/www.diarioimagen.net\/index.php?rest_route=%2Fwp%2Fv2%2Ftags&post=402826"}],"curies":[{"name":"wp","href":"https:\/\/api.w.org\/{rel}","templated":true}]}}